{"id":145,"date":"2020-02-16T15:30:32","date_gmt":"2020-02-16T14:30:32","guid":{"rendered":"https:\/\/www.leti.lt\/wordpress\/?p=145"},"modified":"-0001-11-30T00:00:00","modified_gmt":"-0001-11-29T22:00:00","slug":"danseforum-larencontre","status":"publish","type":"post","link":"https:\/\/www.leti.lt\/wordpress\/danseforum-larencontre\/","title":{"rendered":"La rencontre"},"content":{"rendered":"<p><a href=\"https:\/\/www.leti.lt\/wordpress\/danseforum-danseforum\/\">Danse forum<\/a><br>\u2192 <a href=\"https:\/\/www.leti.lt\/wordpress\/danseforum-comptesrendusateliers\/\">Comptes-ren\u00addus des ate\u00adliers<\/a><br>\u2192 <a href=\"https:\/\/www.leti.lt\/wordpress\/danseforum-aixenprovence\/\">Aix-en-Pro\u00advence<\/a><br><br>!!La ren\u00adcontre \u2013 20 f\u00e9vrier 2011<br><br><br><br>Nous \u00e9tions huit \u00e0&nbsp;tom\u00adber d\u2019accord pour le th\u00e8me r\u00e9flexif de la \u00ab&nbsp;ren\u00adcontre&nbsp;\u00bb, entre nou\u00adveaux et anciens, Alpes et Pro\u00advence, acteurs et dan\u00adseurs, po\u00e9\u00adsie et gestes.<br><br>L\u2019\u00e9chauffement a&nbsp;per\u00admis une pre\u00admi\u00e8re ren\u00adcontre entre sen\u00adsa\u00adtions et inter\u00adpr\u00e9\u00adta\u00adtions&nbsp;: se relier aux \u00ab&nbsp;sen\u00adsa\u00adtions rep\u00e8res&nbsp;\u00bb pour lais\u00adser les inter\u00adpr\u00e9\u00adta\u00adtions venir ensuite les (con)sid\u00e9rer, \u00e9va\u00adluer, jau\u00adger, les tein\u00adter de l\u2019appr\u00e9ciation.<br><br><br>Ain\u00adsi la pesan\u00adteur est deve\u00adnue clar\u00adt\u00e9, par l\u2019espace mis entre les cel\u00adlules<br><br>la sen\u00adsa\u00adtion a&nbsp;ren\u00adcon\u00adtr\u00e9 le besoin, et le corps s\u2019est mis \u00e0&nbsp;dis\u00adpo\u00adsi\u00adtion<br><br>le som\u00admeil s\u2019est lov\u00e9 dans la t\u00eate<br><br>Une phase du mou\u00adve\u00adment \u00e0&nbsp;l\u2019encontre de l\u2019autre phase, ouver\u00adture et repli, exten\u00adsion puis rel\u00e2\u00adche\u00adment<br><br>le froid s\u2019est \u00e9loi\u00adgn\u00e9 \u00e0&nbsp;petit feu<br><br>de res\u00adpi\u00adra\u00adtion<br><br>la tor\u00adsion a&nbsp;ren\u00adcon\u00adtr\u00e9 le sol<br><br>pour s\u2019y dis\u00adsoudre<br><br>le genou dou\u00adlou\u00adreux et l\u2019humidit\u00e9 des globes ocu\u00adlaires ont dia\u00adlo\u00adgu\u00e9<br><br>de tr\u00e8s beaux b\u00e2ille\u00adments ont per\u00admis au corps de rece\u00advoir la lumi\u00e8re<br><br>ce corps s\u2019est mis \u00e0&nbsp;emplir la salle<br><br>Se fondre au sol<br><br>puis vou\u00adloir lui \u00e9chap\u00adper<br><br>en ne gar\u00addant que deux points de contact, puis un<br><br>coexis\u00adtence du chaud et du froid<br><br>qui ne fait pas du ti\u00e8de<br><br>mou\u00adve\u00adment sta\u00adtique pour r\u00e9chauf\u00adfer les pieds contre toute appa\u00adrence<br><br><br>Puis cette sen\u00adsa\u00adtion de na\u00eetre au sol comme on na\u00eet de sa m\u00e8re<br><br>les mou\u00adve\u00adments pour la pi\u00e9\u00adger \u00e9taient l\u00e0 pour\u00adtant pour l\u2019\u00e9prouver<br><br>mais tou\u00adjours la terre accueillait cette nais\u00adsance de ses bras aimants<br><br>d\u00e9jouant la vrille lom\u00adbaire<br><br>Quand le ciel fait l\u2019amour \u00e0&nbsp;la terre<br><br>Vivre en po\u00e9\u00adsie, c\u2019est pro\u00adlon\u00adger notre per\u00adcep\u00adtion du r\u00e9el<br><br>dirait Eug\u00e8ne Guille\u00advic<br><br>Coexis\u00adtence fut le th\u00e8me sen\u00adsi\u00adtif, mais il eut de la concur\u00adrence<br><br>super\u00adpo\u00adsi\u00adtion, ambi\u00adva\u00adlence, alter\u00adnance, concor\u00addance des rela\u00adtions humaines<br><br>avec cette ques\u00adtion&nbsp;:<br><br>com\u00adment cher\u00adcher une sen\u00adsa\u00adtion agr\u00e9able que je ne construise pas&nbsp;?<br><br>ou, com\u00adment sor\u00adtir du vivre comme m\u00e9moire<br><br>et s\u2019apercevoir qu\u2019on peut ame\u00adner la t\u00eate vers le sol sans dom\u00admages, d\u00e9faire l\u2019appr\u00e9hension des appuis<br><br>Avoir faim en arri\u00advant et se nour\u00adrir de cette atten\u00adtion \u00e0&nbsp;la danse<br><br>puis finir avec la cha\u00adleu\u00adreuse indif\u00adf\u00e9\u00adrence entre le lapin et le brin d\u2019herbe<br><br>Cela m\u00e9ri\u00adtait une impro\u00advi\u00adsa\u00adtion, nous n\u2019avons eu droit qu\u2019\u00e0 une seule<br><br>Ce furent les cou\u00adrants chauds et froids, \u00e0&nbsp;la ren\u00adcontre des vents solaires (David Hykes)<br><br>spi\u00adrale des\u00adcen\u00addante vaillam\u00adment com\u00adbat\u00adtue<br><br>ou joli\u00adment \u00e9pou\u00ads\u00e9e, toute r\u00e9sis\u00adtance consom\u00adm\u00e9e<br><br>le gros lapin est reve\u00adnu faire des tours autour du brin d\u2019herbe<br><br>mais la peur ances\u00adtrale de l\u2019incertaine ren\u00adcontre<br><br>a ren\u00addu vigi\u00adlant le brin d\u2019herbe<br><br>besoin de prou\u00adver qu\u2019il existe pour que l\u2019autre le sache (sans le bou\u00adlot\u00adter ?)<br><br>ren\u00adcon\u00adtrer l\u2019autre sans \u00eatre en vrac<br><br>L\u2019autre va assu\u00admer c\u2019est s\u00fbr\u2026 la col\u00adli\u00adsion est fa\u00e7on de ren\u00adcontre<br><br>entrer dans le champ de l\u2019autre<br><br>avec l\u2019envie irr\u00e9\u00adpres\u00adsible de mettre le bout du b\u00e2ton<b><\/b><br>dans les rayons de la roue qui tourne<br><br>anti\u00adci\u00adper l\u2019appr\u00e9hension<br><br>qu\u2019est-ce qui fait qu\u2019\u00e0 un cer\u00adtain moment, il \u00ab&nbsp;faut&nbsp;\u00bb la ren\u00adcontre<br><br>le d\u00e9sir orga\u00adnique loin de toute vel\u00adl\u00e9i\u00adt\u00e9<br><br>dans cette atten\u00adtion flot\u00adtante au monde<br><br>comme f\u00e9tu de paille voguant au gr\u00e9 des flots marins<br><br>se trou\u00adver face au miroir \u00e0&nbsp;tra\u00advers le rideau<br><br>sky\u00adper et d\u00e9cou\u00advrir enfin les visages en s\u2019en appro\u00adchant<br><br>entrer en rela\u00adtion<br><br>c\u2019est peut-\u00eatre per\u00admettre l\u2019amplification de la per\u00adcep\u00adtion des sen\u00adsa\u00adtions<br><br>Les enfants sont bel et bien arri\u00adv\u00e9s \u00e0&nbsp;13H pour pr\u00e9\u00adpa\u00adrer leur spec\u00adtacle<br><br>aus\u00adsi avons-nous d\u00fb migrer<br><br>Ripailles chez notre h\u00f4te<br><br>avec la saveur des rela\u00adtions<br><br>et ces quelques po\u00e8mes, lus entre deux bou\u00adch\u00e9es de brin d\u2019herbe<br><br>puisque le lapin n\u2019a pu r\u00e9sis\u00adter<br><br>fina\u00adle\u00adment<br><br>Errer<br><br>Elle va elle va<br><br>La remuante vie<br><br>Dis\u00adtan\u00ad\u00e7ant nos fric\u00adtions<br><br>Devan\u00ad\u00e7ant tous nos r\u00eaves<br><br>Tan\u00addis que nous errons<br><br>D\u2019\u00e9bauches en \u00e9bauches<br><br>Fabri\u00adquant sur l\u2019\u00e9corce du monde<br><br>De fr\u00eales abris<br><br>Tan\u00addis que nous r\u00f4dons<br><br>Vers l\u2019incernable issue<br><br>Men\u00addiants d\u2019\u00e9ternit\u00e9<br><br>Et de terres mal pro\u00admises<br><br>Leurs peurs par\u00adfois nous d\u00e9portent<br><br>Vers de dou\u00adteux appuis<br><br>Nous enferment par\u00adfois<br><br>En de sombres bas\u00adtilles<br><br>Sans fen\u00eatres sur l\u2019espace<br><br>Sans pas\u00adsage vers autrui.<br><br><br><br>Ren\u00adcontres<br><br>Elle ren\u00adcon\u00adtra ce prin\u00adtemps-l\u00e0<br><br>Plus pr\u00e9\u00adcoce qu\u2019aucun autre<br><br>Et s\u2019allia aux bour\u00adgeons<br><br>Avides de renou\u00adveau<br><br>Elle ren\u00adcon\u00adtra cette femme-l\u00e0<br><br>Plus meur\u00adtrie qu\u2019aucune autre<br><br>Par\u00adta\u00adgea son d\u00e9sert<br><br>Sans gerbes et sans oiseau<br><br>Elle ren\u00adcon\u00adtra cet enfant-l\u00e0<br><br>Plus alerte qu\u2019aucun autre<br><br>Fugua vers ses jar\u00addins<br><br>Qui devan\u00ad\u00e7aient les mots<br><br>Elle ren\u00adcon\u00adtra cet homme-l\u00e0<br><br>Plus clair qu\u2019aucun autre<br><br>qui rani\u00adma l\u2019espoir<br><br>Enfoui sous les lam\u00adbeaux<br><br>Elle ren\u00adcon\u00adtra cette mort-l\u00e0<br><br>Plus cl\u00e9\u00admente qu\u2019une autre<br><br>S\u2019inclinant en silence<br><br>Lui remit son far\u00addeau.<br><br>Andr\u00e9e Che\u00addid, \u00ab&nbsp;Au c\u0153ur du c\u0153ur&nbsp;\u00bb<br><br>Et puis cet extrait&nbsp;:<br><br>\u00ab L\u00e0 o\u00f9 croit le pire, croit aus\u00adsi ce qui sauve.&nbsp;\u00bb<br><br>Andr\u00e9ine Bel<br><br>d\u2019apr\u00e8s les retours de&nbsp;: Andr\u00e9ine B, Ber\u00adnard B, Cathe\u00adrine, Cathe\u00adrine, Johan\u00adna B, Minh N\u2011G, Phi\u00adlippe A, Marit\u00adza&nbsp;S.<\/p><p style=\"color:green; text-align:right !important;\">Article cr\u00e9\u00e9 le 16\/02\/2020<\/p>","protected":false},"excerpt":{"rendered":"<p>Danse forum\u2192 Comptes-ren\u00ad\u00addus des ate\u00adliers\u2192 Aix-en-Pro\u00ad\u00advence !!La ren\u00adcontre \u2013 20 f\u00e9vrier 2011 Nous \u00e9tions huit \u00e0&nbsp;tom\u00adber d\u2019accord pour le th\u00e8me r\u00e9flexif de la \u00ab&nbsp;ren\u00adcontre&nbsp;\u00bb, entre nou\u00adveaux et anciens, Alpes et Pro\u00advence, acteurs et dan\u00adseurs, po\u00e9\u00adsie et gestes. L\u2019\u00e9chauffement a&nbsp;per\u00admis une pre\u00admi\u00e8re ren\u00adcontre entre sen\u00adsa\u00adtions et inter\u00adpr\u00e9\u00adta\u00adtions&nbsp;: se relier aux \u00ab&nbsp;sen\u00adsa\u00adtions rep\u00e8res&nbsp;\u00bb pour lais\u00adser les inter\u00adpr\u00e9\u00adta\u00adtions venir ensuite les (con)sid\u00e9rer, \u00e9va\u00adluer, jau\u00adger, les tein\u00adter de l\u2019appr\u00e9ciation. Ain\u00adsi la pesan\u00adteur est deve\u00adnue clar\u00adt\u00e9, par l\u2019espace mis entre les cel\u00adlules la sen\u00adsa\u00adtion a&nbsp;rencontr\u00e9&nbsp;[\u2026]<\/p>\n","protected":false},"author":2,"featured_media":0,"comment_status":"open","ping_status":"open","sticky":false,"template":"","format":"standard","meta":{"wp_typography_post_enhancements_disabled":false,"footnotes":""},"categories":[133],"tags":[210],"class_list":["post-145","post","type-post","status-publish","format-standard","hentry","category-ateliers_aix","tag-df_aixenprovence"],"yoast_head":"<!-- This site is optimized with the Yoast SEO plugin v27.5 - https:\/\/yoast.com\/product\/yoast-seo-wordpress\/ -->\n<title>La rencontre - Le TILT<\/title>\n<meta name=\"robots\" content=\"index, follow, max-snippet:-1, max-image-preview:large, max-video-preview:-1\" \/>\n<link rel=\"canonical\" href=\"https:\/\/www.leti.lt\/wordpress\/danseforum-larencontre\/\" \/>\n<meta property=\"og:locale\" content=\"fr_FR\" \/>\n<meta property=\"og:type\" content=\"article\" \/>\n<meta property=\"og:title\" content=\"La rencontre - Le TILT\" \/>\n<meta property=\"og:description\" content=\"Danse forum\u2192 Comptes-ren\u00addus des ate\u00adliers\u2192 Aix-en-Pro\u00advence !!La ren\u00adcontre \u2013 20 f\u00e9vrier 2011 Nous \u00e9tions huit \u00e0&nbsp;tom\u00adber d\u2019accord pour le th\u00e8me r\u00e9flexif de la \u00ab&nbsp;ren\u00adcontre&nbsp;\u00bb, entre nou\u00adveaux et anciens, Alpes et Pro\u00advence, acteurs et dan\u00adseurs, po\u00e9\u00adsie et gestes. L\u2019\u00e9chauffement a&nbsp;per\u00admis une pre\u00admi\u00e8re ren\u00adcontre entre sen\u00adsa\u00adtions et inter\u00adpr\u00e9\u00adta\u00adtions&nbsp;: se relier aux \u00ab&nbsp;sen\u00adsa\u00adtions rep\u00e8res&nbsp;\u00bb pour lais\u00adser les inter\u00adpr\u00e9\u00adta\u00adtions venir ensuite les (con)sid\u00e9rer, \u00e9va\u00adluer, jau\u00adger, les tein\u00adter de l\u2019appr\u00e9ciation. Ain\u00adsi la pesan\u00adteur est deve\u00adnue clar\u00adt\u00e9, par l\u2019espace mis entre les cellules la sen\u00adsa\u00adtion a&nbsp;ren\u00adcon\u00adtr\u00e9 [&hellip;]\" \/>\n<meta property=\"og:url\" content=\"https:\/\/www.leti.lt\/wordpress\/danseforum-larencontre\/\" \/>\n<meta property=\"og:site_name\" content=\"Le TILT\" \/>\n<meta property=\"article:published_time\" content=\"2020-02-16T14:30:32+00:00\" \/>\n<meta name=\"author\" content=\"Andr\u00e9ine Bel\" \/>\n<meta name=\"twitter:card\" content=\"summary_large_image\" \/>\n<meta name=\"twitter:label1\" content=\"\u00c9crit par\" \/>\n\t<meta name=\"twitter:data1\" content=\"Andr\u00e9ine Bel\" \/>\n\t<meta name=\"twitter:label2\" content=\"Dur\u00e9e de lecture estim\u00e9e\" \/>\n\t<meta name=\"twitter:data2\" content=\"4 minutes\" \/>\n<script type=\"application\/ld+json\" class=\"yoast-schema-graph\">{\"@context\":\"https:\\\/\\\/schema.org\",\"@graph\":[{\"@type\":\"Article\",\"@id\":\"https:\\\/\\\/www.leti.lt\\\/wordpress\\\/danseforum-larencontre\\\/#article\",\"isPartOf\":{\"@id\":\"https:\\\/\\\/www.leti.lt\\\/wordpress\\\/danseforum-larencontre\\\/\"},\"author\":{\"name\":\"Andr\u00e9ine Bel\",\"@id\":\"https:\\\/\\\/www.leti.lt\\\/wordpress\\\/#\\\/schema\\\/person\\\/9bb307b2af8fbb575bb3603e57951f75\"},\"headline\":\"La rencontre\",\"datePublished\":\"2020-02-16T14:30:32+00:00\",\"mainEntityOfPage\":{\"@id\":\"https:\\\/\\\/www.leti.lt\\\/wordpress\\\/danseforum-larencontre\\\/\"},\"wordCount\":860,\"commentCount\":0,\"keywords\":[\"DF_AixEnProvence\"],\"articleSection\":[\"Ateliers Aix\"],\"inLanguage\":\"fr-FR\",\"potentialAction\":[{\"@type\":\"CommentAction\",\"name\":\"Comment\",\"target\":[\"https:\\\/\\\/www.leti.lt\\\/wordpress\\\/danseforum-larencontre\\\/#respond\"]}]},{\"@type\":\"WebPage\",\"@id\":\"https:\\\/\\\/www.leti.lt\\\/wordpress\\\/danseforum-larencontre\\\/\",\"url\":\"https:\\\/\\\/www.leti.lt\\\/wordpress\\\/danseforum-larencontre\\\/\",\"name\":\"La rencontre - Le TILT\",\"isPartOf\":{\"@id\":\"https:\\\/\\\/www.leti.lt\\\/wordpress\\\/#website\"},\"datePublished\":\"2020-02-16T14:30:32+00:00\",\"author\":{\"@id\":\"https:\\\/\\\/www.leti.lt\\\/wordpress\\\/#\\\/schema\\\/person\\\/9bb307b2af8fbb575bb3603e57951f75\"},\"breadcrumb\":{\"@id\":\"https:\\\/\\\/www.leti.lt\\\/wordpress\\\/danseforum-larencontre\\\/#breadcrumb\"},\"inLanguage\":\"fr-FR\",\"potentialAction\":[{\"@type\":\"ReadAction\",\"target\":[\"https:\\\/\\\/www.leti.lt\\\/wordpress\\\/danseforum-larencontre\\\/\"]}]},{\"@type\":\"BreadcrumbList\",\"@id\":\"https:\\\/\\\/www.leti.lt\\\/wordpress\\\/danseforum-larencontre\\\/#breadcrumb\",\"itemListElement\":[{\"@type\":\"ListItem\",\"position\":1,\"name\":\"Accueil\",\"item\":\"https:\\\/\\\/www.leti.lt\\\/wordpress\\\/\"},{\"@type\":\"ListItem\",\"position\":2,\"name\":\"La rencontre\"}]},{\"@type\":\"WebSite\",\"@id\":\"https:\\\/\\\/www.leti.lt\\\/wordpress\\\/#website\",\"url\":\"https:\\\/\\\/www.leti.lt\\\/wordpress\\\/\",\"name\":\"Le TILT\",\"description\":\"Recherche, publication, cr\u00e9ation artistique\",\"potentialAction\":[{\"@type\":\"SearchAction\",\"target\":{\"@type\":\"EntryPoint\",\"urlTemplate\":\"https:\\\/\\\/www.leti.lt\\\/wordpress\\\/?s={search_term_string}\"},\"query-input\":{\"@type\":\"PropertyValueSpecification\",\"valueRequired\":true,\"valueName\":\"search_term_string\"}}],\"inLanguage\":\"fr-FR\"},{\"@type\":\"Person\",\"@id\":\"https:\\\/\\\/www.leti.lt\\\/wordpress\\\/#\\\/schema\\\/person\\\/9bb307b2af8fbb575bb3603e57951f75\",\"name\":\"Andr\u00e9ine Bel\",\"image\":{\"@type\":\"ImageObject\",\"inLanguage\":\"fr-FR\",\"@id\":\"https:\\\/\\\/secure.gravatar.com\\\/avatar\\\/4ab041ec7c7ad3b90293023e86528ec1a700ce2971ff61811b2df6b288dd1f38?s=96&d=identicon&r=g\",\"url\":\"https:\\\/\\\/secure.gravatar.com\\\/avatar\\\/4ab041ec7c7ad3b90293023e86528ec1a700ce2971ff61811b2df6b288dd1f38?s=96&d=identicon&r=g\",\"contentUrl\":\"https:\\\/\\\/secure.gravatar.com\\\/avatar\\\/4ab041ec7c7ad3b90293023e86528ec1a700ce2971ff61811b2df6b288dd1f38?s=96&d=identicon&r=g\",\"caption\":\"Andr\u00e9ine Bel\"},\"url\":\"https:\\\/\\\/www.leti.lt\\\/wordpress\\\/author\\\/andreine\\\/\"}]}<\/script>\n<!-- \/ Yoast SEO plugin. -->","yoast_head_json":{"title":"La rencontre - Le TILT","robots":{"index":"index","follow":"follow","max-snippet":"max-snippet:-1","max-image-preview":"max-image-preview:large","max-video-preview":"max-video-preview:-1"},"canonical":"https:\/\/www.leti.lt\/wordpress\/danseforum-larencontre\/","og_locale":"fr_FR","og_type":"article","og_title":"La rencontre - Le TILT","og_description":"Danse forum\u2192 Comptes-ren\u00addus des ate\u00adliers\u2192 Aix-en-Pro\u00advence !!La ren\u00adcontre \u2013 20 f\u00e9vrier 2011 Nous \u00e9tions huit \u00e0&nbsp;tom\u00adber d\u2019accord pour le th\u00e8me r\u00e9flexif de la \u00ab&nbsp;ren\u00adcontre&nbsp;\u00bb, entre nou\u00adveaux et anciens, Alpes et Pro\u00advence, acteurs et dan\u00adseurs, po\u00e9\u00adsie et gestes. L\u2019\u00e9chauffement a&nbsp;per\u00admis une pre\u00admi\u00e8re ren\u00adcontre entre sen\u00adsa\u00adtions et inter\u00adpr\u00e9\u00adta\u00adtions&nbsp;: se relier aux \u00ab&nbsp;sen\u00adsa\u00adtions rep\u00e8res&nbsp;\u00bb pour lais\u00adser les inter\u00adpr\u00e9\u00adta\u00adtions venir ensuite les (con)sid\u00e9rer, \u00e9va\u00adluer, jau\u00adger, les tein\u00adter de l\u2019appr\u00e9ciation. Ain\u00adsi la pesan\u00adteur est deve\u00adnue clar\u00adt\u00e9, par l\u2019espace mis entre les cellules la sen\u00adsa\u00adtion a&nbsp;ren\u00adcon\u00adtr\u00e9 [&hellip;]","og_url":"https:\/\/www.leti.lt\/wordpress\/danseforum-larencontre\/","og_site_name":"Le TILT","article_published_time":"2020-02-16T14:30:32+00:00","author":"Andr\u00e9ine Bel","twitter_card":"summary_large_image","twitter_misc":{"\u00c9crit par":"Andr\u00e9ine Bel","Dur\u00e9e de lecture estim\u00e9e":"4 minutes"},"schema":{"@context":"https:\/\/schema.org","@graph":[{"@type":"Article","@id":"https:\/\/www.leti.lt\/wordpress\/danseforum-larencontre\/#article","isPartOf":{"@id":"https:\/\/www.leti.lt\/wordpress\/danseforum-larencontre\/"},"author":{"name":"Andr\u00e9ine Bel","@id":"https:\/\/www.leti.lt\/wordpress\/#\/schema\/person\/9bb307b2af8fbb575bb3603e57951f75"},"headline":"La rencontre","datePublished":"2020-02-16T14:30:32+00:00","mainEntityOfPage":{"@id":"https:\/\/www.leti.lt\/wordpress\/danseforum-larencontre\/"},"wordCount":860,"commentCount":0,"keywords":["DF_AixEnProvence"],"articleSection":["Ateliers Aix"],"inLanguage":"fr-FR","potentialAction":[{"@type":"CommentAction","name":"Comment","target":["https:\/\/www.leti.lt\/wordpress\/danseforum-larencontre\/#respond"]}]},{"@type":"WebPage","@id":"https:\/\/www.leti.lt\/wordpress\/danseforum-larencontre\/","url":"https:\/\/www.leti.lt\/wordpress\/danseforum-larencontre\/","name":"La rencontre - Le TILT","isPartOf":{"@id":"https:\/\/www.leti.lt\/wordpress\/#website"},"datePublished":"2020-02-16T14:30:32+00:00","author":{"@id":"https:\/\/www.leti.lt\/wordpress\/#\/schema\/person\/9bb307b2af8fbb575bb3603e57951f75"},"breadcrumb":{"@id":"https:\/\/www.leti.lt\/wordpress\/danseforum-larencontre\/#breadcrumb"},"inLanguage":"fr-FR","potentialAction":[{"@type":"ReadAction","target":["https:\/\/www.leti.lt\/wordpress\/danseforum-larencontre\/"]}]},{"@type":"BreadcrumbList","@id":"https:\/\/www.leti.lt\/wordpress\/danseforum-larencontre\/#breadcrumb","itemListElement":[{"@type":"ListItem","position":1,"name":"Accueil","item":"https:\/\/www.leti.lt\/wordpress\/"},{"@type":"ListItem","position":2,"name":"La rencontre"}]},{"@type":"WebSite","@id":"https:\/\/www.leti.lt\/wordpress\/#website","url":"https:\/\/www.leti.lt\/wordpress\/","name":"Le TILT","description":"Recherche, publication, cr\u00e9ation artistique","potentialAction":[{"@type":"SearchAction","target":{"@type":"EntryPoint","urlTemplate":"https:\/\/www.leti.lt\/wordpress\/?s={search_term_string}"},"query-input":{"@type":"PropertyValueSpecification","valueRequired":true,"valueName":"search_term_string"}}],"inLanguage":"fr-FR"},{"@type":"Person","@id":"https:\/\/www.leti.lt\/wordpress\/#\/schema\/person\/9bb307b2af8fbb575bb3603e57951f75","name":"Andr\u00e9ine Bel","image":{"@type":"ImageObject","inLanguage":"fr-FR","@id":"https:\/\/secure.gravatar.com\/avatar\/4ab041ec7c7ad3b90293023e86528ec1a700ce2971ff61811b2df6b288dd1f38?s=96&d=identicon&r=g","url":"https:\/\/secure.gravatar.com\/avatar\/4ab041ec7c7ad3b90293023e86528ec1a700ce2971ff61811b2df6b288dd1f38?s=96&d=identicon&r=g","contentUrl":"https:\/\/secure.gravatar.com\/avatar\/4ab041ec7c7ad3b90293023e86528ec1a700ce2971ff61811b2df6b288dd1f38?s=96&d=identicon&r=g","caption":"Andr\u00e9ine Bel"},"url":"https:\/\/www.leti.lt\/wordpress\/author\/andreine\/"}]}},"_links":{"self":[{"href":"https:\/\/www.leti.lt\/wordpress\/wp-json\/wp\/v2\/posts\/145","targetHints":{"allow":["GET"]}}],"collection":[{"href":"https:\/\/www.leti.lt\/wordpress\/wp-json\/wp\/v2\/posts"}],"about":[{"href":"https:\/\/www.leti.lt\/wordpress\/wp-json\/wp\/v2\/types\/post"}],"author":[{"embeddable":true,"href":"https:\/\/www.leti.lt\/wordpress\/wp-json\/wp\/v2\/users\/2"}],"replies":[{"embeddable":true,"href":"https:\/\/www.leti.lt\/wordpress\/wp-json\/wp\/v2\/comments?post=145"}],"version-history":[{"count":0,"href":"https:\/\/www.leti.lt\/wordpress\/wp-json\/wp\/v2\/posts\/145\/revisions"}],"wp:attachment":[{"href":"https:\/\/www.leti.lt\/wordpress\/wp-json\/wp\/v2\/media?parent=145"}],"wp:term":[{"taxonomy":"category","embeddable":true,"href":"https:\/\/www.leti.lt\/wordpress\/wp-json\/wp\/v2\/categories?post=145"},{"taxonomy":"post_tag","embeddable":true,"href":"https:\/\/www.leti.lt\/wordpress\/wp-json\/wp\/v2\/tags?post=145"}],"curies":[{"name":"wp","href":"https:\/\/api.w.org\/{rel}","templated":true}]}}