{"id":143,"date":"2020-02-16T15:30:32","date_gmt":"2020-02-16T14:30:32","guid":{"rendered":"https:\/\/www.leti.lt\/wordpress\/?p=143"},"modified":"-0001-11-30T00:00:00","modified_gmt":"-0001-11-29T22:00:00","slug":"danseforum-lapression","status":"publish","type":"post","link":"https:\/\/www.leti.lt\/wordpress\/danseforum-lapression\/","title":{"rendered":"La pression"},"content":{"rendered":"<p><a href=\"https:\/\/www.leti.lt\/wordpress\/danseforum-danseforum\/\">Danse forum<\/a><br>\u2192 <a href=\"https:\/\/www.leti.lt\/wordpress\/danseforum-comptesrendusateliers\/\">Comptes-ren\u00addus des ate\u00adliers<\/a><br>\u2192 <a href=\"https:\/\/www.leti.lt\/wordpress\/danseforum-lambesc\/\">Lam\u00adbesc<\/a><br><br>!!La pres\u00adsion \u2013 1\u2019^er^\u2019 avril 2006<br><br>Les envies de cha\u00adcun des onze par\u00adti\u00adci\u00adpants \u00e9taient diverses&nbsp;: le poids, s\u2019enfoncer dans la terre, s\u2019\u00e9lever, la dou\u00adceur, le mou\u00adve\u00adment, rien de sp\u00e9\u00adcial, le silence et l\u2019immobilit\u00e9, d\u00e9ga\u00adger son dos, la d\u00e9tente, le plai\u00adsir, la dyna\u00admique.<br><br>La sen\u00adsa\u00adtion du poids per\u00admet\u00adtait d\u2019aborder toutes les autres, nous l\u2019avons pris comme d\u00e9no\u00admi\u00adna\u00adteur com\u00admun, cha\u00adcun reliant sa sen\u00adsa\u00adtion \u00e0&nbsp;celle du poids, sur \u00ab&nbsp;The fall&nbsp;\u00bb, de David Hikes.<br><br>Enri\u00adchie de toutes ces variantes, la sen\u00adsa\u00adtion du poids s\u2019est affi\u00adn\u00e9e. Deux forces sont deve\u00adnues sen\u00adsibles&nbsp;: la force de gra\u00advi\u00adt\u00e9 et celle de la r\u00e9sis\u00adtance (ou \u00ab&nbsp;rebond&nbsp;\u00bb) ren\u00advoy\u00e9e par le sol. Nous avons explo\u00adr\u00e9 ces deux forces \u00e0&nbsp;l\u2019\u0153uvre dans la pos\u00adture et dans le mou\u00adve\u00adment. \u00ab&nbsp;Ascen\u00addant and des\u00adcen\u00addant&nbsp;\u00bb \u00e9tait par\u00adfait pour cela. La fric\u00adtion de ces deux forces contraires qui se n\u00e9go\u00adcient mutuel\u00adle\u00adment en influant sur le mou\u00adve\u00adment deve\u00adnait pal\u00adpable.<br><br>\u00c9vi\u00addem\u00adment, cela pou\u00advait s\u2019explorer \u00e0&nbsp;deux, avec cette dif\u00adfi\u00adcul\u00adt\u00e9 sup\u00adpl\u00e9\u00admen\u00adtaire d\u2019adapter notre propre n\u00e9go\u00adcia\u00adtion \u00e0&nbsp;celle de l\u2019autre. Puis \u00e0&nbsp;tous\u2026 sur Om Khonx Pax de Jacin\u00adto Scel\u00adsi. Un des dan\u00adseurs s\u2019est retrou\u00adv\u00e9 pro\u00adpul\u00ads\u00e9 au ralen\u00adti vers le haut, par le simple jeu des forces contraires des par\u00adte\u00adnaires, qui s\u2019\u00e9tayent spon\u00adta\u00adn\u00e9\u00adment les unes aux autres.<br><br>Force de gra\u00advi\u00adt\u00e9 et de r\u00e9sis\u00adtance, cela s\u2019est r\u00e9su\u00adm\u00e9 \u00e0 \u00ab&nbsp;pres\u00adsion&nbsp;\u00bb&nbsp;: un terme assez neutre pour prendre toutes les teintes dont on l\u2019habille. Par\u00adfait pour une danse forum.<br><br>La mise en sc\u00e8ne a&nbsp;consis\u00adt\u00e9 \u00e0&nbsp;pla\u00adcer un dan\u00adseur face \u00e0&nbsp;des pres\u00adsions diverses exer\u00adc\u00e9es par trois ou quatre autres dan\u00adseurs, avec pour guide les sen\u00adsa\u00adtions plu\u00adt\u00f4t que des inten\u00adtions. Nous avons essay\u00e9 dif\u00adf\u00e9\u00adrentes com\u00adbi\u00adnai\u00adsons. Les pres\u00adsions ont \u00e9t\u00e9 res\u00adsen\u00adties \u00e0&nbsp;tour de r\u00f4le comme lib\u00e9\u00adra\u00adtrices, ini\u00adtia\u00adtrices de mou\u00adve\u00adment, une contrainte, un dan\u00adger, une oppres\u00adsion. On aurait pu appe\u00adler cette danse forum&nbsp;: \u00ab&nbsp;Du meilleur usage de la pres\u00adsion&nbsp;\u00bb. Com\u00adment l\u2019utiliser&nbsp;? Com\u00adment la rendre uti\u00adli\u00adsable par celui qui la re\u00e7oit&nbsp;?<br><br>Nous sommes all\u00e9s de frus\u00adtra\u00adtions en frus\u00adtra\u00adtions, nos \u00e9checs \u00e0&nbsp;faire de la pres\u00adsion un outil posi\u00adtif ont \u00e9t\u00e9 innom\u00adbrables, tant que la per\u00adsonne qui rece\u00advait les pres\u00adsions res\u00adtait pas\u00adsive. Seul Mozart et sa messe en Ut mineur nous a&nbsp;sau\u00adv\u00e9s des eaux. Pro\u00adpo\u00adser une coor\u00addi\u00adna\u00adtion entre tous les par\u00adti\u00adci\u00adpants qui exer\u00ad\u00e7aient une pres\u00adsion, une concer\u00adta\u00adtion, une atten\u00adtion \u00e0&nbsp;l\u2019autre, rien ne sem\u00adblait mar\u00adcher vrai\u00adment, sauf \u00e0&nbsp;quelques rares moments de gr\u00e2ce, o\u00f9 la pres\u00adsion don\u00adnait un appui pour se mobi\u00adli\u00adser, jaillir, r\u00e9agir, se mettre en action.<br><br>Ce n\u2019est que lorsque la per\u00adsonne rece\u00advant les pres\u00adsions est deve\u00adnue into\u00adl\u00e9\u00adrante \u00e0&nbsp;ce qu\u2019elle per\u00adce\u00advait d\u2019oppression, lorsqu\u2019elle est deve\u00adnue r\u00e9ac\u00adtive et active, que le n\u0153ud gor\u00addien s\u2019est d\u00e9fait, lib\u00e9\u00adrant son \u00e9ner\u00adgie. La pres\u00adsion per\u00addait son carac\u00adt\u00e8re mal\u00adadroit et ses bonnes inten\u00adtions, pour deve\u00adnir sou\u00addain une force dyna\u00admique, aidante. Comme si aucune bonne rai\u00adson ne jus\u00adti\u00adfiait de tol\u00e9\u00adrer l\u2019intol\u00e9rable, la pres\u00adsion est deve\u00adnue lib\u00e9\u00adra\u00adtrice, tout d\u00e9pend de l\u2019interaction\u2026<br><br>Andr\u00e9ine Bel<br><br>PS&nbsp;: Les sp\u00e9\u00adci\u00adfi\u00adci\u00adt\u00e9s de la danse forum par rap\u00adport au th\u00e9\u00e2tre forum com\u00admencent-elles \u00e0&nbsp;se d\u00e9ga\u00adger&nbsp;?<br><br>\u2014\u200a\u2014\u200a\u2013<br><br>La danse forum est peut-\u00eatre plus sub\u00adtile que le th\u00e9\u00e2tre forum, car il n\u2019y a \u00ab&nbsp;que&nbsp;\u00bb le corps, le lan\u00adgage non ver\u00adbal qui crie haut et fort. On est en train de par\u00adler avec un lan\u00adgage, pas deux. Cela n\u2019emp\u00eache que la danse (expres\u00adsion par le corps) peut aus\u00adsi \u00eatre \u00ab&nbsp;hypo\u00adcrite&nbsp;\u00bb, \u00ab&nbsp;dans le para\u00eetre&nbsp;\u00bb ou \u00ab&nbsp;en train de mon\u00adtrer&nbsp;\u00bb des choses au lieu de les vivre, mais\u2026<br><br>Dans le th\u00e9\u00e2tre forum il y&nbsp;a for\u00adc\u00e9\u00adment une plus grande contra\u00addic\u00adtion qui peut exis\u00adter entre que qui est dit par la bouche et ce qui est dit par le corps, donc encore plus de confu\u00adsion\u2026<br><br>Dans la danse forum, c\u2019est peut-\u00eatre les \u00e9mo\u00adtions de base, pas les situa\u00adtions com\u00adplexes qui peuvent ou devraient \u00eatre explo\u00adr\u00e9es. Ten\u00adsion, pres\u00adsion, poids&nbsp;: tous sont des mots avec plu\u00adsieurs d\u00e9fi\u00adni\u00adtions&nbsp;: une d\u00e9fi\u00adni\u00adtion \u00ab&nbsp;men\u00adtale&nbsp;\u00bb, une \u00ab&nbsp;cor\u00adpo\u00adrelle&nbsp;\u00bb et sou\u00advent une autre \u00ab&nbsp;spi\u00adri\u00adtuelle ou psy\u00adchique&nbsp;\u00bb. En tra\u00advaillant la d\u00e9fi\u00adni\u00adtion phy\u00adsique via la danse forum, j\u2019ai sou\u00advent trou\u00adv\u00e9 des d\u00e9noue\u00adments \u00ab&nbsp;men\u00adtaux&nbsp;\u00bb et \u00ab&nbsp;spi\u00adri\u00adtuels&nbsp;\u00bb.<br><br>Aman\u00adda&nbsp;Loch<\/p><p style=\"color:green; text-align:right !important;\">Article cr\u00e9\u00e9 le 16\/02\/2020<\/p>","protected":false},"excerpt":{"rendered":"<p>Danse forum\u2192 Comptes-ren\u00ad\u00addus des ate\u00adliers\u2192 Lam\u00adbesc !!La pres\u00adsion \u2013 1\u2019^er^\u2019 avril&nbsp;2006 Les envies de cha\u00adcun des onze par\u00adti\u00adci\u00adpants \u00e9taient diverses&nbsp;: le poids, s\u2019enfoncer dans la terre, s\u2019\u00e9lever, la dou\u00adceur, le mou\u00adve\u00adment, rien de sp\u00e9\u00adcial, le silence et l\u2019immobilit\u00e9, d\u00e9ga\u00adger son dos, la d\u00e9tente, le plai\u00adsir, la dyna\u00admique. La sen\u00adsa\u00adtion du poids per\u00admet\u00adtait d\u2019aborder toutes les autres, nous l\u2019avons pris comme d\u00e9no\u00admi\u00adna\u00adteur com\u00admun, cha\u00adcun reliant sa sen\u00adsa\u00adtion \u00e0&nbsp;celle du poids, sur \u00ab&nbsp;The fall&nbsp;\u00bb, de David&nbsp;Hikes. Enri\u00adchie de toutes ces variantes, la&nbsp;[\u2026]<\/p>\n","protected":false},"author":2,"featured_media":0,"comment_status":"open","ping_status":"open","sticky":false,"template":"","format":"standard","meta":{"wp_typography_post_enhancements_disabled":false,"footnotes":""},"categories":[184],"tags":[208],"class_list":["post-143","post","type-post","status-publish","format-standard","hentry","category-ateliers_lambesc","tag-df_lambesc"],"yoast_head":"<!-- This site is optimized with the Yoast SEO plugin v27.5 - https:\/\/yoast.com\/product\/yoast-seo-wordpress\/ -->\n<title>La pression - Le TILT<\/title>\n<meta name=\"robots\" content=\"index, follow, max-snippet:-1, max-image-preview:large, max-video-preview:-1\" \/>\n<link rel=\"canonical\" href=\"https:\/\/www.leti.lt\/wordpress\/danseforum-lapression\/\" \/>\n<meta property=\"og:locale\" content=\"fr_FR\" \/>\n<meta property=\"og:type\" content=\"article\" \/>\n<meta property=\"og:title\" content=\"La pression - Le TILT\" \/>\n<meta property=\"og:description\" content=\"Danse forum\u2192 Comptes-ren\u00addus des ate\u00adliers\u2192 Lam\u00adbesc !!La pres\u00adsion \u2013 1\u2019^er^\u2019 avril&nbsp;2006 Les envies de cha\u00adcun des onze par\u00adti\u00adci\u00adpants \u00e9taient diverses&nbsp;: le poids, s\u2019enfoncer dans la terre, s\u2019\u00e9lever, la dou\u00adceur, le mou\u00adve\u00adment, rien de sp\u00e9\u00adcial, le silence et l\u2019immobilit\u00e9, d\u00e9ga\u00adger son dos, la d\u00e9tente, le plai\u00adsir, la dynamique. La sen\u00adsa\u00adtion du poids per\u00admet\u00adtait d\u2019aborder toutes les autres, nous l\u2019avons pris comme d\u00e9no\u00admi\u00adna\u00adteur com\u00admun, cha\u00adcun reliant sa sen\u00adsa\u00adtion \u00e0&nbsp;celle du poids, sur \u00ab&nbsp;The fall&nbsp;\u00bb, de David&nbsp;Hikes. Enri\u00adchie de toutes ces variantes, la [&hellip;]\" \/>\n<meta property=\"og:url\" content=\"https:\/\/www.leti.lt\/wordpress\/danseforum-lapression\/\" \/>\n<meta property=\"og:site_name\" content=\"Le TILT\" \/>\n<meta property=\"article:published_time\" content=\"2020-02-16T14:30:32+00:00\" \/>\n<meta name=\"author\" content=\"Andr\u00e9ine Bel\" \/>\n<meta name=\"twitter:card\" content=\"summary_large_image\" \/>\n<meta name=\"twitter:label1\" content=\"\u00c9crit par\" \/>\n\t<meta name=\"twitter:data1\" content=\"Andr\u00e9ine Bel\" \/>\n\t<meta name=\"twitter:label2\" content=\"Dur\u00e9e de lecture estim\u00e9e\" \/>\n\t<meta name=\"twitter:data2\" content=\"4 minutes\" \/>\n<script type=\"application\/ld+json\" class=\"yoast-schema-graph\">{\"@context\":\"https:\\\/\\\/schema.org\",\"@graph\":[{\"@type\":\"Article\",\"@id\":\"https:\\\/\\\/www.leti.lt\\\/wordpress\\\/danseforum-lapression\\\/#article\",\"isPartOf\":{\"@id\":\"https:\\\/\\\/www.leti.lt\\\/wordpress\\\/danseforum-lapression\\\/\"},\"author\":{\"name\":\"Andr\u00e9ine Bel\",\"@id\":\"https:\\\/\\\/www.leti.lt\\\/wordpress\\\/#\\\/schema\\\/person\\\/9bb307b2af8fbb575bb3603e57951f75\"},\"headline\":\"La pression\",\"datePublished\":\"2020-02-16T14:30:32+00:00\",\"mainEntityOfPage\":{\"@id\":\"https:\\\/\\\/www.leti.lt\\\/wordpress\\\/danseforum-lapression\\\/\"},\"wordCount\":715,\"commentCount\":0,\"keywords\":[\"DF_Lambesc\"],\"articleSection\":[\"Ateliers Lambesc\"],\"inLanguage\":\"fr-FR\",\"potentialAction\":[{\"@type\":\"CommentAction\",\"name\":\"Comment\",\"target\":[\"https:\\\/\\\/www.leti.lt\\\/wordpress\\\/danseforum-lapression\\\/#respond\"]}]},{\"@type\":\"WebPage\",\"@id\":\"https:\\\/\\\/www.leti.lt\\\/wordpress\\\/danseforum-lapression\\\/\",\"url\":\"https:\\\/\\\/www.leti.lt\\\/wordpress\\\/danseforum-lapression\\\/\",\"name\":\"La pression - Le TILT\",\"isPartOf\":{\"@id\":\"https:\\\/\\\/www.leti.lt\\\/wordpress\\\/#website\"},\"datePublished\":\"2020-02-16T14:30:32+00:00\",\"author\":{\"@id\":\"https:\\\/\\\/www.leti.lt\\\/wordpress\\\/#\\\/schema\\\/person\\\/9bb307b2af8fbb575bb3603e57951f75\"},\"breadcrumb\":{\"@id\":\"https:\\\/\\\/www.leti.lt\\\/wordpress\\\/danseforum-lapression\\\/#breadcrumb\"},\"inLanguage\":\"fr-FR\",\"potentialAction\":[{\"@type\":\"ReadAction\",\"target\":[\"https:\\\/\\\/www.leti.lt\\\/wordpress\\\/danseforum-lapression\\\/\"]}]},{\"@type\":\"BreadcrumbList\",\"@id\":\"https:\\\/\\\/www.leti.lt\\\/wordpress\\\/danseforum-lapression\\\/#breadcrumb\",\"itemListElement\":[{\"@type\":\"ListItem\",\"position\":1,\"name\":\"Accueil\",\"item\":\"https:\\\/\\\/www.leti.lt\\\/wordpress\\\/\"},{\"@type\":\"ListItem\",\"position\":2,\"name\":\"La pression\"}]},{\"@type\":\"WebSite\",\"@id\":\"https:\\\/\\\/www.leti.lt\\\/wordpress\\\/#website\",\"url\":\"https:\\\/\\\/www.leti.lt\\\/wordpress\\\/\",\"name\":\"Le TILT\",\"description\":\"Recherche, publication, cr\u00e9ation artistique\",\"potentialAction\":[{\"@type\":\"SearchAction\",\"target\":{\"@type\":\"EntryPoint\",\"urlTemplate\":\"https:\\\/\\\/www.leti.lt\\\/wordpress\\\/?s={search_term_string}\"},\"query-input\":{\"@type\":\"PropertyValueSpecification\",\"valueRequired\":true,\"valueName\":\"search_term_string\"}}],\"inLanguage\":\"fr-FR\"},{\"@type\":\"Person\",\"@id\":\"https:\\\/\\\/www.leti.lt\\\/wordpress\\\/#\\\/schema\\\/person\\\/9bb307b2af8fbb575bb3603e57951f75\",\"name\":\"Andr\u00e9ine Bel\",\"image\":{\"@type\":\"ImageObject\",\"inLanguage\":\"fr-FR\",\"@id\":\"https:\\\/\\\/secure.gravatar.com\\\/avatar\\\/4ab041ec7c7ad3b90293023e86528ec1a700ce2971ff61811b2df6b288dd1f38?s=96&d=identicon&r=g\",\"url\":\"https:\\\/\\\/secure.gravatar.com\\\/avatar\\\/4ab041ec7c7ad3b90293023e86528ec1a700ce2971ff61811b2df6b288dd1f38?s=96&d=identicon&r=g\",\"contentUrl\":\"https:\\\/\\\/secure.gravatar.com\\\/avatar\\\/4ab041ec7c7ad3b90293023e86528ec1a700ce2971ff61811b2df6b288dd1f38?s=96&d=identicon&r=g\",\"caption\":\"Andr\u00e9ine Bel\"},\"url\":\"https:\\\/\\\/www.leti.lt\\\/wordpress\\\/author\\\/andreine\\\/\"}]}<\/script>\n<!-- \/ Yoast SEO plugin. -->","yoast_head_json":{"title":"La pression - Le TILT","robots":{"index":"index","follow":"follow","max-snippet":"max-snippet:-1","max-image-preview":"max-image-preview:large","max-video-preview":"max-video-preview:-1"},"canonical":"https:\/\/www.leti.lt\/wordpress\/danseforum-lapression\/","og_locale":"fr_FR","og_type":"article","og_title":"La pression - Le TILT","og_description":"Danse forum\u2192 Comptes-ren\u00addus des ate\u00adliers\u2192 Lam\u00adbesc !!La pres\u00adsion \u2013 1\u2019^er^\u2019 avril&nbsp;2006 Les envies de cha\u00adcun des onze par\u00adti\u00adci\u00adpants \u00e9taient diverses&nbsp;: le poids, s\u2019enfoncer dans la terre, s\u2019\u00e9lever, la dou\u00adceur, le mou\u00adve\u00adment, rien de sp\u00e9\u00adcial, le silence et l\u2019immobilit\u00e9, d\u00e9ga\u00adger son dos, la d\u00e9tente, le plai\u00adsir, la dynamique. La sen\u00adsa\u00adtion du poids per\u00admet\u00adtait d\u2019aborder toutes les autres, nous l\u2019avons pris comme d\u00e9no\u00admi\u00adna\u00adteur com\u00admun, cha\u00adcun reliant sa sen\u00adsa\u00adtion \u00e0&nbsp;celle du poids, sur \u00ab&nbsp;The fall&nbsp;\u00bb, de David&nbsp;Hikes. Enri\u00adchie de toutes ces variantes, la [&hellip;]","og_url":"https:\/\/www.leti.lt\/wordpress\/danseforum-lapression\/","og_site_name":"Le TILT","article_published_time":"2020-02-16T14:30:32+00:00","author":"Andr\u00e9ine Bel","twitter_card":"summary_large_image","twitter_misc":{"\u00c9crit par":"Andr\u00e9ine Bel","Dur\u00e9e de lecture estim\u00e9e":"4 minutes"},"schema":{"@context":"https:\/\/schema.org","@graph":[{"@type":"Article","@id":"https:\/\/www.leti.lt\/wordpress\/danseforum-lapression\/#article","isPartOf":{"@id":"https:\/\/www.leti.lt\/wordpress\/danseforum-lapression\/"},"author":{"name":"Andr\u00e9ine Bel","@id":"https:\/\/www.leti.lt\/wordpress\/#\/schema\/person\/9bb307b2af8fbb575bb3603e57951f75"},"headline":"La pression","datePublished":"2020-02-16T14:30:32+00:00","mainEntityOfPage":{"@id":"https:\/\/www.leti.lt\/wordpress\/danseforum-lapression\/"},"wordCount":715,"commentCount":0,"keywords":["DF_Lambesc"],"articleSection":["Ateliers Lambesc"],"inLanguage":"fr-FR","potentialAction":[{"@type":"CommentAction","name":"Comment","target":["https:\/\/www.leti.lt\/wordpress\/danseforum-lapression\/#respond"]}]},{"@type":"WebPage","@id":"https:\/\/www.leti.lt\/wordpress\/danseforum-lapression\/","url":"https:\/\/www.leti.lt\/wordpress\/danseforum-lapression\/","name":"La pression - Le TILT","isPartOf":{"@id":"https:\/\/www.leti.lt\/wordpress\/#website"},"datePublished":"2020-02-16T14:30:32+00:00","author":{"@id":"https:\/\/www.leti.lt\/wordpress\/#\/schema\/person\/9bb307b2af8fbb575bb3603e57951f75"},"breadcrumb":{"@id":"https:\/\/www.leti.lt\/wordpress\/danseforum-lapression\/#breadcrumb"},"inLanguage":"fr-FR","potentialAction":[{"@type":"ReadAction","target":["https:\/\/www.leti.lt\/wordpress\/danseforum-lapression\/"]}]},{"@type":"BreadcrumbList","@id":"https:\/\/www.leti.lt\/wordpress\/danseforum-lapression\/#breadcrumb","itemListElement":[{"@type":"ListItem","position":1,"name":"Accueil","item":"https:\/\/www.leti.lt\/wordpress\/"},{"@type":"ListItem","position":2,"name":"La pression"}]},{"@type":"WebSite","@id":"https:\/\/www.leti.lt\/wordpress\/#website","url":"https:\/\/www.leti.lt\/wordpress\/","name":"Le TILT","description":"Recherche, publication, cr\u00e9ation artistique","potentialAction":[{"@type":"SearchAction","target":{"@type":"EntryPoint","urlTemplate":"https:\/\/www.leti.lt\/wordpress\/?s={search_term_string}"},"query-input":{"@type":"PropertyValueSpecification","valueRequired":true,"valueName":"search_term_string"}}],"inLanguage":"fr-FR"},{"@type":"Person","@id":"https:\/\/www.leti.lt\/wordpress\/#\/schema\/person\/9bb307b2af8fbb575bb3603e57951f75","name":"Andr\u00e9ine Bel","image":{"@type":"ImageObject","inLanguage":"fr-FR","@id":"https:\/\/secure.gravatar.com\/avatar\/4ab041ec7c7ad3b90293023e86528ec1a700ce2971ff61811b2df6b288dd1f38?s=96&d=identicon&r=g","url":"https:\/\/secure.gravatar.com\/avatar\/4ab041ec7c7ad3b90293023e86528ec1a700ce2971ff61811b2df6b288dd1f38?s=96&d=identicon&r=g","contentUrl":"https:\/\/secure.gravatar.com\/avatar\/4ab041ec7c7ad3b90293023e86528ec1a700ce2971ff61811b2df6b288dd1f38?s=96&d=identicon&r=g","caption":"Andr\u00e9ine Bel"},"url":"https:\/\/www.leti.lt\/wordpress\/author\/andreine\/"}]}},"_links":{"self":[{"href":"https:\/\/www.leti.lt\/wordpress\/wp-json\/wp\/v2\/posts\/143","targetHints":{"allow":["GET"]}}],"collection":[{"href":"https:\/\/www.leti.lt\/wordpress\/wp-json\/wp\/v2\/posts"}],"about":[{"href":"https:\/\/www.leti.lt\/wordpress\/wp-json\/wp\/v2\/types\/post"}],"author":[{"embeddable":true,"href":"https:\/\/www.leti.lt\/wordpress\/wp-json\/wp\/v2\/users\/2"}],"replies":[{"embeddable":true,"href":"https:\/\/www.leti.lt\/wordpress\/wp-json\/wp\/v2\/comments?post=143"}],"version-history":[{"count":0,"href":"https:\/\/www.leti.lt\/wordpress\/wp-json\/wp\/v2\/posts\/143\/revisions"}],"wp:attachment":[{"href":"https:\/\/www.leti.lt\/wordpress\/wp-json\/wp\/v2\/media?parent=143"}],"wp:term":[{"taxonomy":"category","embeddable":true,"href":"https:\/\/www.leti.lt\/wordpress\/wp-json\/wp\/v2\/categories?post=143"},{"taxonomy":"post_tag","embeddable":true,"href":"https:\/\/www.leti.lt\/wordpress\/wp-json\/wp\/v2\/tags?post=143"}],"curies":[{"name":"wp","href":"https:\/\/api.w.org\/{rel}","templated":true}]}}