{"id":141,"date":"2020-02-16T15:30:32","date_gmt":"2020-02-16T14:30:32","guid":{"rendered":"https:\/\/www.leti.lt\/wordpress\/?p=141"},"modified":"-0001-11-30T00:00:00","modified_gmt":"-0001-11-29T22:00:00","slug":"danseforum-lapeuretleretournement","status":"publish","type":"post","link":"https:\/\/www.leti.lt\/wordpress\/danseforum-lapeuretleretournement\/","title":{"rendered":"La peur et le retournement"},"content":{"rendered":"<p><a href=\"https:\/\/www.leti.lt\/wordpress\/danseforum-danseforum\/\">Danse forum<\/a><br>\u2192 <a href=\"https:\/\/www.leti.lt\/wordpress\/danseforum-comptesrendusateliers\/\">Comptes-ren\u00addus des ate\u00adliers<\/a><br>\u2192 <a href=\"https:\/\/www.leti.lt\/wordpress\/danseforum-lesmayons\/\">Les Mayons<\/a><br><br>!!La peur et le retour\u00adne\u00adment \u2013 27\u200a\u2013\u200a28\/12\/15<br><br><br><br>Avec&nbsp;: Andr\u00e9ine, Ber\u00adnard, Cen\u00addri\u00adna, Her\u00adv\u00e9.<br><br>Lieu&nbsp;: la petite pi\u00e8ce de pra\u00adtique de la mai\u00adson.<br><br>CR \u00e9crit par Andr\u00e9ine sans notes prises sur le moment. Puis lu et cor\u00adri\u00adg\u00e9 par Ber\u00adnard, puis Cen\u00addri\u00adna et Her\u00adv\u00e9. Ce qui est entre [ ] a&nbsp;\u00e9t\u00e9 \u00e9crit \u00e0&nbsp;la r\u00e9dac\u00adtion, et ne s\u2019est pas dit pen\u00addant la DF.<br><br><i>27 d\u00e9cembre apr\u00e8s-midi&nbsp;:<\/i><br><br>L\u2019<i>\u00e9veil des muscles<\/i>, puis la pra\u00adtique d\u2019Herv\u00e9&nbsp;: exer\u00adcices exp\u00e9\u00adri\u00admen\u00adtaux issus des ate\u00adliers <i>\u201ccorps en \u00e9mo\u00adtion\u201d<\/i>&nbsp;: www\u200b.corp\u200bse\u200bne\u200bmo\u200btion\u200b.org, puis l\u2019<i>\u00e9veil des sen\u00adsa\u00adtions<\/i> et une <i>impro danse<\/i> \u00e0&nbsp;par\u00adtir de cet \u00e9veil.<br><br><i>Th\u00e8me r\u00e9flexif choi\u00adsi&nbsp;: la peur.<\/i><br><br><i>28 d\u00e9cembre matin&nbsp;:<\/i><br><br><i>\u00c9veil des muscles<\/i> et <i>mou\u00adve\u00adment r\u00e9g\u00e9\u00adn\u00e9\u00adra\u00adteur<\/i>.<br><br>L\u2019\u00e9veil des muscles fai\u00adsant appel au spon\u00adta\u00adn\u00e9 se confirme comme \u00e9tant une excel\u00adlente pr\u00e9\u00adpa\u00adra\u00adtion au mou\u00adve\u00adment r\u00e9g\u00e9\u00adn\u00e9\u00adra\u00adteur. En r\u00e9pon\u00addant aux besoins indi\u00adqu\u00e9s par les muscles puis les cha\u00eenes mus\u00adcu\u00adlaires, le corps entier se dyna\u00admise selon son propre che\u00admi\u00adne\u00adment.<br><br><i>Fin de mati\u00adn\u00e9e&nbsp;:<\/i><br><br><i>1\u2019^\u00e8re^\u2019 pro\u00adpo\u00adsi\u00adtion d\u2019Herv\u00e9, retrans\u00adcrite par lui-m\u00eame&nbsp;:<\/i><br><br><b><i>Par\u00adtir d\u2019une sen\u00adsa\u00adtion<\/i> de ten\u00adsion qui est reli\u00e9e \u00e0&nbsp;une <i>\u00e9mo\u00adtion ou pas<\/i>. La mettre en mou\u00adve\u00adment par l\u2019<i>ima\u00adgi\u00adna\u00adtion<\/i>, en consi\u00add\u00e9\u00adrant cette ten\u00adsion comme le moteur du mou\u00adve\u00adment, qui est au d\u00e9part un <i>micro-mou\u00adve\u00adment<\/i> au sein de cette ten\u00adsion, puis len\u00adte\u00adment ampli\u00adfier ce mou\u00adve\u00adment en le lais\u00adsant gagner les tis\u00adsus mus\u00adcu\u00adlaires et ner\u00adveux telles des ondes pro\u00advo\u00adqu\u00e9es par le jet d\u2019un caillou \u00e0&nbsp;la sur\u00adface d\u2019un lac. Une fois cette zone mise en mou\u00adve\u00adment, d\u00e9bu\u00adter un <i>d\u00e9pla\u00adce\u00adment dans l\u2019espace<\/i> en res\u00adtant vigi\u00adlant de la mani\u00e8re dont celui-ci modi\u00adfie (m\u00eame l\u00e9g\u00e8\u00adre\u00adment) la fa\u00e7on de se mou\u00advoir.<\/b><br><br><b>Apr\u00e8s un cer\u00adtain temps (variable selon les per\u00adsonnes) suf\u00adfi\u00adsant pour s\u2019habituer \u00e0&nbsp;cette nou\u00advelle fa\u00e7on de se d\u00e9pla\u00adcer, pro\u00adpo\u00adsi\u00adtion d\u2019<i>ampli\u00adfier<\/i> ces mou\u00adve\u00adments autant qu\u2019on le peut, soit en pro\u00adpo\u00adsant des mou\u00adve\u00adments ins\u00adpi\u00adr\u00e9s de verbes expri\u00admant une action de d\u00e9pla\u00adce\u00adment \u2013 comme rejoindre, rega\u00adgner, aller vers, atteindre, retrou\u00adver \u2013 soit <i>en ali\u00admen\u00adtant l\u2019imaginaire<\/i> par l\u2019emploi de conseils tels que&nbsp;: essayez de tou\u00adcher avec votre corps l\u2019autre c\u00f4t\u00e9 de la pi\u00e8ce, ou ima\u00adgi\u00adnez que ces mou\u00adve\u00adments s\u2019\u00e9tirent jusqu\u2019\u00e0 ce que vous ayez l\u2019impression de deve\u00adnir des g\u00e9ants, ou encore que vous ayez la capa\u00adci\u00adt\u00e9 de tou\u00adcher les nuages etc.<\/b><br><br><b>En sui\u00advant ces consignes, notre corps, par sa mise en mou\u00adve\u00adment, est \u00e0&nbsp;m\u00eame de <i>trans\u00adfor\u00admer<\/i> cette sen\u00adsa\u00adtion de ten\u00adsion (reli\u00e9e \u00e0&nbsp;une \u00e9mo\u00adtion ou pas) en repre\u00adnant le pou\u00advoir en agis\u00adsant sur elle afin de ne plus \u00eatre domi\u00adn\u00e9e par celle-ci. C\u2019est pour\u00adquoi ce pro\u00adces\u00adsus de trans\u00adfor\u00adma\u00adtion peut <i>s\u2019apparenter \u00e0&nbsp;une f\u00eate<\/i>, au sens o\u00f9 nous f\u00eatons par notre corps en mou\u00adve\u00adment une sen\u00adsa\u00adtion de ten\u00adsion, et\/ou une \u00e9mo\u00adtion qui au d\u00e9part avait entra\u00adv\u00e9 notre pou\u00advoir d\u2019action.<\/b><br><br><i>2\u2019^e^\u2019 pro\u00adpo\u00adsi\u00adtion d\u2019Herv\u00e9&nbsp;:<\/i><br><br><b>Com\u00adment <i>trans\u00admettre<\/i> une courte s\u00e9rie de mou\u00adve\u00adments (\u00e9la\u00adbo\u00adr\u00e9e d\u2019apr\u00e8s notre ten\u00adsion, cf exer\u00adcice pr\u00e9\u00adc\u00e9\u00addent) \u00e0&nbsp;un par\u00adte\u00adnaire, qui lui-m\u00eame apr\u00e8s l\u2019avoir int\u00e9\u00adgr\u00e9 cor\u00adpo\u00adrel\u00adle\u00adment, va le modi\u00adfier \u00e0&nbsp;par\u00adtir de sa propre sen\u00adsa\u00adtion de ten\u00adsion, avant de le com\u00admu\u00adni\u00adquer \u00e0&nbsp;un autre par\u00adte\u00adnaire et ain\u00adsi de suite.<\/b><br><br><i>Apr\u00e8s-midi&nbsp;:<\/i><br><br><i>\u00c9veil des sen\u00adsa\u00adtions&nbsp;:<\/i> apprendre \u00e0&nbsp;<i>dif\u00adf\u00e9\u00adren\u00adcier<\/i> les sen\u00adsa\u00adtions externes des internes, les sen\u00adsa\u00adtions de cir\u00adcons\u00adtance (comme avoir trop man\u00adg\u00e9 juste avant la DF) de celles plus de base. Pul\u00adsa\u00adtions, ten\u00adsions\u2026 am\u00e8nent le corps \u00e0&nbsp;se mobi\u00adli\u00adser selon ses besoins, les sen\u00adsa\u00adtions \u00e9vo\u00adluent ou se d\u00e9placent. Elles se \u00ab&nbsp;<i>nor\u00adma\u00adlisent<\/i>&nbsp;\u00bb spon\u00adta\u00adn\u00e9\u00adment au fur et \u00e0&nbsp;mesure que l\u2019on r\u00e9pond aux besoins qu\u2019elles signalent.<br><br><i>Impro\u00advi\u00adsa\u00adtion dan\u00ads\u00e9e<\/i> en silence et dans tout l\u2019espace de la pi\u00e8ce, pour se pr\u00e9\u00adpa\u00adrer \u00e0&nbsp;la danse&nbsp;: <i>sor\u00adtir de la bulle indi\u00advi\u00adduelle<\/i> en \u00e9ten\u00addant nos sens \u00e0&nbsp;l\u2019espace qui nous entoure, au temps qui s\u2019\u00e9coule et \u00e0&nbsp;l\u2019 \u00ab&nbsp;\u00e9ner\u00adgie&nbsp;\u00bb des autres.<br><br><i>Th\u00e8me sen\u00adsi\u00adtif ayant \u00e9mer\u00adg\u00e9 de l\u2019\u00e9veil des sen\u00adsa\u00adtions et de cette impro&nbsp;: le ren\u00adver\u00adse\u00adment.<\/i><br><br>[Cer\u00adtains d\u2019entre nous ont pu ima\u00adgi\u00adner (et dire ?) un lien entre \u00ab&nbsp;peur&nbsp;\u00bb et \u00ab&nbsp;ren\u00adver\u00adse\u00adment&nbsp;\u00bb comme par exemple des peurs peuvent nous secouer au point de nous ren\u00adver\u00adser au sens figu\u00adr\u00e9. Nous d\u00e9cou\u00advri\u00adrons en fait un lien inat\u00adten\u00addu entre \u00ab&nbsp;peur&nbsp;\u00bb et \u00ab&nbsp;ren\u00adver\u00adse\u00adment&nbsp;\u00bb au fur et \u00e0&nbsp;mesure de la DF.]<br><br><i>Construc\u00adtion et pr\u00e9\u00adsen\u00adta\u00adtion de l\u2019espace sc\u00e9\u00adnique et de la bor\u00addure<\/i> avec des tapis, le reste de la pi\u00e8ce \u00e9tant r\u00e9ser\u00adv\u00e9e aux spec\u00adta\u00adteurs (ici, ceux des dan\u00adseurs qui ne sont pas sur sc\u00e8ne) et au til\u00adteur.<br><br><i>Pr\u00e9\u00adci\u00adsions appor\u00adt\u00e9es avant la DF<\/i><br><br>- Le til\u00adteur <i>clape<\/i> une fois pour arr\u00ea\u00adter la danse et per\u00admettre le retour ver\u00adbal, et une fois pour que la danse red\u00e9\u00admarre (immo\u00adbile ou en mou\u00adve\u00adment). La <i>musique<\/i> mise par le til\u00adteur ne d\u00e9cide en rien du d\u00e9but ni de la fin de la danse.<br><br>- Celui qui inter\u00advient <i>depuis la bor\u00addure<\/i> peut cla\u00adper pour sus\u00adpendre la danse, et il refait un clap pour qu\u2019elle reprenne. Il peut aus\u00adsi choi\u00adsir d\u2019intervenir conjoin\u00adte\u00adment \u00e0&nbsp;la danse.<br><br>- <i>En tant que til\u00adteur<\/i>, j\u2019ai choi\u00adsi de ne pas entrer sur sc\u00e8ne ni sur la bor\u00addure, m\u00eame si c\u2019est une DF de tra\u00advail, pour se mettre dans des condi\u00adtions de repr\u00e9\u00adsen\u00adta\u00adtion publique.<br><br>- Le til\u00adteur est aus\u00adsi <i>spec\u00adta\u00adteur<\/i>, il peut par\u00adti\u00adci\u00adper au retour oral si n\u00e9ces\u00adsaire.<br><br><i>Pour pou\u00advoir pro\u00adbl\u00e9\u00adma\u00adti\u00adser, \u00e0&nbsp;chaque retour et en tant que til\u00adteur, j\u2019ai pos\u00e9 deux ques\u00adtions aux spec\u00adta\u00adteurs ou et\/ou aux dan\u00adseurs&nbsp;:<\/i><br><br>1 \u2013 \u00ab&nbsp;Qu\u2019est-ce qu\u2019ils ont vu (les spec\u00adta\u00adteurs) ou v\u00e9cu (les dan\u00adseurs) ? \u00bb<br><br>2 \u2013 \u00ab&nbsp;Quelle ques\u00adtion cela pose&nbsp;? \u00bb<br><br>Ces deux ques\u00adtions du til\u00adteur se com\u00adpl\u00e8tent, la pre\u00admi\u00e8re ame\u00adnant au forum un <i>constat<\/i> qui \u00e9va\u00adlue sans juger (se conten\u00adter de d\u00e9crire \u00e9vite de s\u2019engouffrer dans le juge\u00adment), la seconde per\u00admet\u00adtant d\u2019<i>\u00e9vo\u00adluer<\/i> par rap\u00adport \u00e0&nbsp;ce constat (gr\u00e2ce \u00e0&nbsp;la dyna\u00admique insuf\u00adfl\u00e9e par la ques\u00adtion, sans pr\u00e9\u00adsup\u00adpo\u00adser de la r\u00e9ponse), lors de l\u2019improvisation sui\u00advante.<br><br><i>1\u2019^\u00e8re^\u2019 impro (elle a&nbsp;\u00e9t\u00e9 tr\u00e8s courte), puis retour&nbsp;:<\/i><br><br>- obser\u00adva\u00adtion et constat&nbsp;: les dan\u00adseurs paraissent et se sentent com\u00adpri\u00adm\u00e9s. L\u2019espace est \u00ab&nbsp;trop petit&nbsp;\u00bb pour eux.<br><br>- mise en ques\u00adtion&nbsp;: com\u00adment g\u00e9rer la dis\u00adtance entre les dan\u00adseurs&nbsp;? Com\u00adment ne pas avoir peur de l\u2019autre, d\u2019envahir son espace&nbsp;? Com\u00adment ne pas faire n\u2019importe quoi et res\u00adpec\u00adter les autres&nbsp;?<br><br><i>2\u2019^e^\u2019 impro puis retour&nbsp;:<\/i><br><br>- obser\u00adva\u00adtion et constat&nbsp;: curieu\u00adse\u00adment, dans cet espace trop petit, cer\u00adtains dan\u00adseurs se sentent iso\u00adl\u00e9s.<br><br>- mise en ques\u00adtion&nbsp;: com\u00adment ne pas se sen\u00adtir iso\u00adl\u00e9 alors qu\u2019on est dans un petit espace&nbsp;?<br><br><i>3\u2019^e^\u2019 impro puis retour&nbsp;:<\/i><br><br>- obser\u00adva\u00adtion et constat&nbsp;: l\u2019intimit\u00e9 entre deux dan\u00adseurs rend les spec\u00adta\u00adteurs \u00ab&nbsp;voyeurs&nbsp;\u00bb, ils ne savent plus o\u00f9 est leur place.<br><br>- mise en ques\u00adtion&nbsp;: com\u00adment \u00eatre dans un petit espace et com\u00admu\u00adni\u00adquer sans cr\u00e9er une rela\u00adtion arti\u00adfi\u00adcielle sur sc\u00e8ne, qui trouble le spec\u00adta\u00adteur&nbsp;?<br><br><i>4\u2019^e^\u2019 impro puis retour&nbsp;:<\/i><br><br>- obser\u00adva\u00adtion et constat&nbsp;: l\u2019espace a&nbsp;sem\u00adbl\u00e9 s\u2019agrandir et se struc\u00adtu\u00adrer. Les direc\u00adtions des d\u00e9pla\u00adce\u00adments et l\u2019orientation des gestes de cha\u00adcun par rap\u00adport \u00e0&nbsp;ceux des autres se sont mises en place. [Le groupe est deve\u00adnu comme un \u00eatre vivant.]<br><br>Un qua\u00adtrain a&nbsp;\u00e9t\u00e9 r\u00e9ci\u00adt\u00e9 par Her\u00adv\u00e9 sur la <i>bor\u00addure sc\u00e9\u00adnique<\/i>.<br><br><b>\u00ab Je vou\u00addrais pas cre\u00adver et j\u2019veux pas qu\u2019on me dise<\/b><br><br><b>Com\u00adbien de kilo\u00adm\u00e8tres \u00e0&nbsp;pied, il me reste \u00e0&nbsp;mar\u00adcher<\/b><br><br><b>Je veux pas qu\u2019on s\u2019\u00e9puise \u00e0&nbsp;tout m\u2019expliquer,<\/b><br><br><b>Lais\u00adsez-moi des sur\u00adprises, lais\u00adsez-moi r\u00eaver\u2026 \u00bb<\/b><br><br>(extrait de la chan\u00adson \u00ab&nbsp;Mou\u00adrir d\u2019un oeil&nbsp;\u00bb issue de l\u2019album Car\u00admin de Daph\u00adn\u00e9, \u00e9crite par elle-m\u00eame)<br><br>Il y&nbsp;a eu un <i>ren\u00adver\u00adse\u00adment<\/i> du regard du dan\u00adseur sur ce qu\u2019il fait (ne pas faire n\u2019importe quoi), et du rap\u00adport de cha\u00adcun au groupe. Pour les uns la peur est par\u00adtie, pour les autres elle s\u2019est trans\u00adfor\u00adm\u00e9e.<br><br>- mise en ques\u00adtion&nbsp;: qu\u2019est-ce que l\u2019intimit\u00e9&nbsp;?<br><br>- Obser\u00adva\u00adtion et constat&nbsp;: la com\u00admu\u00adni\u00adca\u00adtion est deve\u00adnue pos\u00adsible entre les dan\u00adseurs alors m\u00eame qu\u2019ils ne se sont pas tou\u00adch\u00e9s, c\u2019est peut-\u00eatre cela la v\u00e9ri\u00adtable inti\u00admi\u00adt\u00e9.<br><br><i>Bilan<\/i><br><br>Gr\u00e2ce au par\u00adtage des retours ver\u00adbaux, on a&nbsp;intro\u00adduit une <i>r\u00e9flexi\u00advi\u00adt\u00e9 dans l\u2019action<\/i>&nbsp;: \u00e0&nbsp;la fois on agit et on prend une dis\u00adtance par rap\u00adport \u00e0&nbsp;ce que l\u2019on fait, tout en se ren\u00addant conscient de ce que font les autres. On est entr\u00e9 en contact avec les autres par cet acte de r\u00e9flexi\u00advi\u00adt\u00e9 plus que par l\u2019affectivit\u00e9.<br><br>Nous n\u2019avions aucune id\u00e9e de o\u00f9 et com\u00adment les deux th\u00e8mes allaient jouer leur r\u00f4le. [Ils ont \u00e9mer\u00adg\u00e9 des impro\u00advi\u00adsa\u00adtions comme une algue qui se serait d\u00e9ta\u00adch\u00e9e du fond de mer.] C\u2019est le th\u00e8me de la peur qui nous a&nbsp;ame\u00adn\u00e9s au <i>retour\u00adne\u00adment<\/i> du regard.<br><br><i>R\u00e9flexions du til\u00adteur<\/i><br><br>Apr\u00e8s deux ans et demi sans faire de danse forum, je me rends compte que les <i>pro\u00adbl\u00e9\u00adma\u00adtiques de cet outil de r\u00e9flexion<\/i> ont conti\u00adnu\u00e9 \u00e0&nbsp;me tra\u00advailler tout ce temps. Cer\u00adtains points se sont \u00e9clair\u00adcis.<br><br>\u2013 Une fois de plus, j\u2019ai eu la sen\u00adsa\u00adtion que c\u2019est seule\u00adment \u00e0&nbsp;par\u00adtir du moment o\u00f9 l\u2019espace est struc\u00adtu\u00adr\u00e9 pour la danse forum que <i>la musique<\/i> peut \u00eatre accueillie par tous les dan\u00adseurs. De la <i>bulle de silence<\/i> for\u00adm\u00e9e pen\u00addant l\u2019\u00e9veil des sen\u00adsa\u00adtions, les dan\u00adseurs ouvrent leurs sens vers l\u2019ext\u00e9rieur pen\u00addant l\u2019improvisation libre&nbsp;: leurs yeux, oreilles et pieds d\u00e9couvrent l\u2019ext\u00e9rieur de soi. Le silence rend enve\u00adlop\u00adpants \u00e0&nbsp;la fois l\u2019espace d\u00e9li\u00admi\u00adt\u00e9 par la pi\u00e8ce o\u00f9 l\u2019on se trouve, et le temps impar\u00adti pour cette pra\u00adtique. Enfin la danse arrive avec ou sans musique, gr\u00e2ce \u00e0&nbsp;un temps, un espace et une \u00e9ner\u00adgie struc\u00adtu\u00adr\u00e9s.<br><br>\u2013 J\u2019ai obser\u00adv\u00e9 <i>ce qui m\u2019a fait cla\u00adper<\/i> pour deman\u00adder rapi\u00adde\u00adment un retour ver\u00adbal lors de la pre\u00admi\u00e8re impro, comme cela m\u2019arrive par\u00adfois. De ma place de til\u00adteur, je per\u00ad\u00e7ois que la danse est du \u00ab&nbsp;n\u2019importe quoi&nbsp;\u00bb au sens o\u00f9 les dan\u00adseurs ne semblent pas savoir ce qu\u2019ils font sur sc\u00e8ne (eux peuvent savoir tout \u00e0&nbsp;fait ce qu\u2019ils font, avoir une autre impres\u00adsion que moi). En fait, pour moi, la danse n\u2019a pas encore com\u00admen\u00adc\u00e9, les mou\u00adve\u00adments m\u2019apparaissent comme de la ges\u00adti\u00adcu\u00adla\u00adtion pour rem\u00adplir le vide. Une fois que la danse com\u00admence, ce qui me fait cla\u00adper, c\u2019est la dyna\u00admique g\u00e9n\u00e9\u00adrale, comme de mettre une vir\u00adgule ou un point vir\u00adgule dans une phrase pour reprendre son souffle, ou un nou\u00advel \u00e9lan. D\u00e8s que la \u00ab&nbsp;po\u00e9\u00adsie du geste&nbsp;\u00bb m\u2019appara\u00eet, comme ici lors de la der\u00adni\u00e8re impro, pas besoin de ponc\u00adtua\u00adtion et l\u2019impro se ter\u00admine d\u2019elle-m\u00eame. Je dirais que, d\u2019une mani\u00e8re g\u00e9n\u00e9\u00adrale, lorsque cla\u00adper per\u00admet \u00e0&nbsp;cha\u00adcun de se res\u00adsai\u00adsir, recen\u00adtrer, et de pro\u00adbl\u00e9\u00adma\u00adti\u00adser ce qui se passe, je sais que j\u2019ai cla\u00adp\u00e9 au bon moment.<br><br>\u2013 Je me suis enten\u00addue arti\u00adcu\u00adler les <i>deux ques\u00adtions<\/i> lors du pre\u00admier retour sans les avoir pr\u00e9\u00adpa\u00adr\u00e9es, mais je vou\u00adlais trou\u00adver l\u2019<i>inter\u00adven\u00adtion mini\u00admale<\/i> qui per\u00admet un forum en danse.<br><br>Pour la pre\u00admi\u00e8re ques\u00adtion&nbsp;: \u00ab&nbsp;<i>Qu\u2019est-ce qui a&nbsp;\u00e9t\u00e9 vu ou v\u00e9cu&nbsp;?<\/i> \u00bb Il s\u2019agit de d\u00e9crire ce que l\u2019on a&nbsp;obser\u00adv\u00e9 sans inter\u00adpr\u00e9\u00adter ni pro\u00adpo\u00adser quoi que ce soit (\u00e0 la dif\u00adf\u00e9\u00adrence du TF). Se limi\u00adter \u00e0&nbsp;d\u00e9crire (ce que l\u2019on a&nbsp;vu ou v\u00e9cu) per\u00admet de ne pas s\u2019engouffrer dans le juge\u00adment.<br><br>Pour la deuxi\u00e8me ques\u00adtion&nbsp;: \u00ab&nbsp;<i>Quelle ques\u00adtion cela pose&nbsp;?<\/i> \u00bb, la mise en ques\u00adtion de ce qui a&nbsp;\u00e9t\u00e9 obser\u00adv\u00e9 est motrice d\u2019\u00e9volution, spon\u00adta\u00adn\u00e9\u00adment. Cela \u00e9vite d\u2019avoir \u00e0&nbsp;poser la ques\u00adtion sui\u00advante&nbsp;: \u00ab \u2013 Quelle solu\u00adtion pro\u00adpo\u00adse\u00adriez-vous&nbsp;? \u00bb, qui peut apla\u00adtir la dyna\u00admique de la pro\u00adbl\u00e9\u00adma\u00adti\u00adsa\u00adtion ou ame\u00adner des solu\u00adtions st\u00e9\u00adr\u00e9o\u00adty\u00adp\u00e9es, l\u2019habitude s\u2019installant.<br><br>La <i>r\u00e9p\u00e9\u00adti\u00adtion<\/i> de ces ques\u00adtions \u00e0&nbsp;chaque retour deman\u00add\u00e9 par le til\u00adteur m\u2019est appa\u00adrue r\u00e9con\u00adfor\u00adtante pour tout le monde, struc\u00adtu\u00adrante&nbsp;: il y&nbsp;avait au moins quelque chose qui se r\u00e9p\u00e9\u00adtait.<br><br>\u2013 Lorsque nous avons com\u00admen\u00adc\u00e9 la pre\u00admi\u00e8re impro, c\u2019\u00e9tait <i>\u00e0&nbsp;l\u2019aveuglette<\/i> car il n\u2019est pas facile pour des nou\u00adveaux de dan\u00adser dans l\u2019immanence des sen\u00adsa\u00adtions. Les deux th\u00e8mes n\u2019\u00e9taient d\u2019aucun secours puisque nous les lais\u00adsons dans l\u2019arri\u00e8re plan nous tra\u00advailler incons\u00adciem\u00adment.<br><br>Ain\u00adsi, d\u00e8s le pre\u00admier retour, nous en sommes venus \u00e0&nbsp;<i>pro\u00adbl\u00e9\u00adma\u00adti\u00adser la danse elle-m\u00eame<\/i>, le rap\u00adport du dan\u00adseur \u00e0&nbsp;l\u2019espace, \u00e0&nbsp;lui-m\u00eame et aux autres.<br><br>Bien s\u00fbr, pro\u00adbl\u00e9\u00adma\u00adti\u00adser la danse c\u2019est <i>pro\u00adbl\u00e9\u00adma\u00adti\u00adser la vie<\/i>, sur son plan social, \u00e9thique, phi\u00adlo\u00adso\u00adphique, poli\u00adtique etc.<br>Mais nous devrions \u00eatre capables de <i>pro\u00adbl\u00e9\u00adma\u00adti\u00adser des situa\u00adtions vari\u00e9es<\/i> sans prendre la danse comme base de r\u00e9flexion, comme cela nous arrive le plus sou\u00advent.<br><br>Au cours des sept ann\u00e9es d\u2019\u00e9laboration de la DF, <i>nous avons \u00e0&nbsp;peu pr\u00e8s tout essay\u00e9 pour cela<\/i>. Par exemple, d\u00e9ci\u00adder d\u2019une mise en sc\u00e8ne mini\u00admale au d\u00e9part et qui s\u2019\u00e9labore peu \u00e0&nbsp;peu&nbsp;: \u00ab&nbsp;Nou\u00adnours dans sa bulle&nbsp;\u00bb http:\/\/\u200bwiki\u200b.leti\u200b.lt\/\u200bD\u200ba\u200bn\u200bs\u200be\u200bF\u200bo\u200br\u200bu\u200bm\u200b\/\u200bN\u200bo\u200bu\u200bn\u200bo\u200bu\u200br\u200bs\u200bD\u200ba\u200bn\u200bs\u200bS\u200ba\u200bB\u200bu\u200blle<br>Ou alors, par\u00adtir d\u2019un tableau ame\u00adn\u00e9 sur place par une des dan\u00adseuses http:\/\/\u200bwiki\u200b.leti\u200b.lt\/\u200bD\u200ba\u200bn\u200bs\u200be\u200bF\u200bo\u200br\u200bu\u200bm\u200b\/\u200bP\u200be\u200bi\u200bn\u200bt\u200bure<br><br>Ou alors par\u00adtir de musique vivante, d\u2019extrait de pi\u00e8ce de th\u00e9\u00e2tre etc.<br><br>Tout cela ne nous a&nbsp;<i>jamais com\u00adpl\u00e8\u00adte\u00adment convain\u00adcu<\/i>, la pro\u00adpo\u00adsi\u00adtion de mise en sc\u00e8ne intro\u00addui\u00adsant un \u00e9l\u00e9\u00adment ana\u00adchro\u00adnique et somme toute arti\u00adfi\u00adciel qui pre\u00adnait presque toute notre \u00e9ner\u00adgie pour que nous puis\u00adsions nous l\u2019approprier. La DF du 4\/2\/06 sur la peur en est un exemple frap\u00adpant http:\/\/\u200bwiki\u200b.leti\u200b.lt\/\u200bD\u200ba\u200bn\u200bs\u200be\u200bF\u200bo\u200br\u200bu\u200bm\u200b\/\u200bL\u200ba\u200bP\u200beur<br><br>Mal\u00adgr\u00e9 cela, dans ces essais, presque chaque fois la <i>sauce pre\u00adnait<\/i> \u00e0&nbsp;un moment don\u00adn\u00e9, sans que nous sachions vrai\u00adment pour\u00adquoi. M\u00eame si la faci\u00adli\u00adt\u00e9 n\u2019\u00e9tait pas au rdv, l\u2019enthousiasme venait au cr\u00e9\u00adneau.<br><br>Je garde tou\u00adjours en m\u00e9moire par\u00adti\u00adcu\u00adli\u00e8\u00adre\u00adment deux DF&nbsp;:<br><br>* Celle qui tour\u00adnait autour du poids don\u00adn\u00e9 et re\u00e7u, ayant pour th\u00e8me la pres\u00adsion&nbsp;:<br><br>http:\/\/\u200bwiki\u200b.leti\u200b.lt\/\u200bD\u200ba\u200bn\u200bs\u200be\u200bF\u200bo\u200br\u200bu\u200bm\u200b\/\u200bL\u200ba\u200bP\u200br\u200be\u200bs\u200bs\u200bion<br><br><br>* Et la sui\u00advante, qui par\u00adtait du poids pour aller vers l\u2019autonomie&nbsp;: http:\/\/\u200bwiki\u200b.leti\u200b.lt\/\u200bD\u200ba\u200bn\u200bs\u200be\u200bF\u200bo\u200br\u200bu\u200bm\u200b\/\u200bL\u200ba\u200bS\u200be\u200bp\u200ba\u200br\u200ba\u200bt\u200bion<br><br>Dans ces deux DF, nous nous appro\u00adchions d\u2019une <i>mise en sc\u00e8ne<\/i> mais sans trop y&nbsp;lais\u00adser de plumes. Je pense que c\u2019est parce qu\u2019elles \u00e9taient en fait des \u00ab&nbsp;mises en situa\u00adtion&nbsp;\u00bb d\u00e9ci\u00add\u00e9es par l\u2019ensemble des par\u00adti\u00adci\u00adpants. Une mise en situa\u00adtion est en quelque sorte un d\u00e9but de mise en sc\u00e8ne sans que l\u2019on sache \u00e0&nbsp;l\u2019avance com\u00adment elle va se d\u00e9rou\u00adler.<br><br>Dans notre danse forum du 28\/12\/15, la <i>mise en situa\u00adtion<\/i> est venue d\u2019elle-m\u00eame, par une consta\u00adta\u00adtion&nbsp;: l\u2019espace entre les dan\u00adseurs pose pro\u00adbl\u00e8me. En pro\u00adbl\u00e9\u00adma\u00adti\u00adsant cette consta\u00adta\u00adtion, l\u2019espace est deve\u00adnu vivant comme nos rela\u00adtions. Ce qui a&nbsp;\u00e9t\u00e9 \u00e9ton\u00adnant, c\u2019est que le retour\u00adne\u00adment s\u2019est exer\u00adc\u00e9 au niveau du regard et qu\u2019il a&nbsp;fait s\u2019\u00e9vanouir la peur ou au moins l\u2019a trans\u00adfor\u00adm\u00e9e en per\u00admet\u00adtant une com\u00admu\u00adni\u00adca\u00adtion entre les dan\u00adseurs, nous n\u2019aurions jamais ima\u00adgi\u00adn\u00e9 ce sc\u00e9\u00adna\u00adrio.<br><br>En r\u00e9di\u00adgeant ce CR, je me suis deman\u00add\u00e9e <i>com\u00adment nous aurions pu mettre en situa\u00adtion la peur et le ren\u00adver\u00adse\u00adment<\/i>. Nous aurions pu pro\u00adpo\u00adser qu\u2019un seul des dan\u00adseurs garde les yeux fer\u00adm\u00e9s pen\u00addant que les autres les gardent ouverts. Puis qu\u2019un seul des dan\u00adseurs garde les yeux ouverts. Et voir com\u00adment les mou\u00adve\u00adments et les corps s\u2019agencent, quelle rela\u00adtion ils entre\u00adtiennent avec la peur de contact ou de heurts, et avec un ren\u00adver\u00adse\u00adment de situa\u00adtion. Nous aurions pu aus\u00adsi pro\u00adpo\u00adser qu\u2019un seul des dan\u00adseurs reste immo\u00adbile, puis qu\u2019un seul bouge. Avec ces mises en situa\u00adtion, le r\u00e9sul\u00adtat aurait \u00e9t\u00e9 tr\u00e8s dif\u00adf\u00e9\u00adrent de ce que nous avons obte\u00adnu, car le point de d\u00e9part aurait \u00e9t\u00e9 autre que la danse. Aurait-il \u00e9t\u00e9 plus int\u00e9\u00adres\u00adsant&nbsp;?<br><br>En tous cas, il aurait ouvert <i>d\u2019autres champs d\u2019investigation<\/i>. Il me semble \u00e9ga\u00adle\u00adment que c\u2019est un <i>outil \u00e0&nbsp;rete\u00adnir<\/i> pour ne pas d\u00e9mar\u00adrer la pre\u00admi\u00e8re impro \u00e0&nbsp;l\u2019aveuglette lorsqu\u2019il y&nbsp;a des nou\u00adveaux.<br><br>Andr\u00e9ine Bel<\/p><p style=\"color:green; text-align:right !important;\">Article cr\u00e9\u00e9 le 16\/02\/2020<\/p>","protected":false},"excerpt":{"rendered":"<p>Danse forum\u2192 Comptes-ren\u00ad\u00addus des ate\u00adliers\u2192 Les Mayons !!La peur et le retour\u00adne\u00adment \u2013 27 \u2013 28\/12\/15 Avec&nbsp;: Andr\u00e9ine, Ber\u00adnard, Cen\u00addri\u00adna,&nbsp;Her\u00adv\u00e9. Lieu&nbsp;: la petite pi\u00e8ce de pra\u00adtique de la mai\u00adson. CR \u00e9crit par Andr\u00e9ine sans notes prises sur le moment. Puis lu et cor\u00adri\u00adg\u00e9 par Ber\u00adnard, puis Cen\u00addri\u00adna et Her\u00adv\u00e9. Ce qui est entre [ ] a&nbsp;\u00e9t\u00e9 \u00e9crit \u00e0&nbsp;la r\u00e9dac\u00adtion, et ne s\u2019est pas dit pen\u00addant la&nbsp;DF. 27 d\u00e9cembre apr\u00e8s-midi&nbsp;: L\u2019\u00e9veil des muscles, puis la pra\u00adtique d\u2019Herv\u00e9&nbsp;: exer\u00adcices exp\u00e9\u00adri\u00admen\u00adtaux issus des ate\u00adliers \u201ccorps [\u2026]<\/p>\n","protected":false},"author":2,"featured_media":0,"comment_status":"open","ping_status":"open","sticky":false,"template":"","format":"standard","meta":{"wp_typography_post_enhancements_disabled":false,"footnotes":""},"categories":[194],"tags":[214],"class_list":["post-141","post","type-post","status-publish","format-standard","hentry","category-ateliers_les_mayons","tag-df_lesmayons"],"yoast_head":"<!-- This site is optimized with the Yoast SEO plugin v27.5 - https:\/\/yoast.com\/product\/yoast-seo-wordpress\/ -->\n<title>La peur et le retournement - Le TILT<\/title>\n<meta name=\"robots\" content=\"index, follow, max-snippet:-1, max-image-preview:large, max-video-preview:-1\" \/>\n<link rel=\"canonical\" href=\"https:\/\/www.leti.lt\/wordpress\/danseforum-lapeuretleretournement\/\" \/>\n<meta property=\"og:locale\" content=\"fr_FR\" \/>\n<meta property=\"og:type\" content=\"article\" \/>\n<meta property=\"og:title\" content=\"La peur et le retournement - Le TILT\" \/>\n<meta property=\"og:description\" content=\"Danse forum\u2192 Comptes-ren\u00addus des ate\u00adliers\u2192 Les Mayons !!La peur et le retour\u00adne\u00adment \u2013 27\u200a\u2013\u200a28\/12\/15 Avec&nbsp;: Andr\u00e9ine, Ber\u00adnard, Cen\u00addri\u00adna,&nbsp;Herv\u00e9. Lieu&nbsp;: la petite pi\u00e8ce de pra\u00adtique de la maison. CR \u00e9crit par Andr\u00e9ine sans notes prises sur le moment. Puis lu et cor\u00adri\u00adg\u00e9 par Ber\u00adnard, puis Cen\u00addri\u00adna et Her\u00adv\u00e9. Ce qui est entre [ ] a&nbsp;\u00e9t\u00e9 \u00e9crit \u00e0&nbsp;la r\u00e9dac\u00adtion, et ne s\u2019est pas dit pen\u00addant la&nbsp;DF. 27 d\u00e9cembre apr\u00e8s-midi&nbsp;: L\u2019\u00e9veil des muscles, puis la pra\u00adtique d\u2019Herv\u00e9&nbsp;: exer\u00adcices exp\u00e9\u00adri\u00admen\u00adtaux issus des ate\u00adliers \u201ccorps [&hellip;]\" \/>\n<meta property=\"og:url\" content=\"https:\/\/www.leti.lt\/wordpress\/danseforum-lapeuretleretournement\/\" \/>\n<meta property=\"og:site_name\" content=\"Le TILT\" \/>\n<meta property=\"article:published_time\" content=\"2020-02-16T14:30:32+00:00\" \/>\n<meta name=\"author\" content=\"Andr\u00e9ine Bel\" \/>\n<meta name=\"twitter:card\" content=\"summary_large_image\" \/>\n<meta name=\"twitter:label1\" content=\"\u00c9crit par\" \/>\n\t<meta name=\"twitter:data1\" content=\"Andr\u00e9ine Bel\" \/>\n\t<meta name=\"twitter:label2\" content=\"Dur\u00e9e de lecture estim\u00e9e\" \/>\n\t<meta name=\"twitter:data2\" content=\"14 minutes\" \/>\n<script type=\"application\/ld+json\" class=\"yoast-schema-graph\">{\"@context\":\"https:\\\/\\\/schema.org\",\"@graph\":[{\"@type\":\"Article\",\"@id\":\"https:\\\/\\\/www.leti.lt\\\/wordpress\\\/danseforum-lapeuretleretournement\\\/#article\",\"isPartOf\":{\"@id\":\"https:\\\/\\\/www.leti.lt\\\/wordpress\\\/danseforum-lapeuretleretournement\\\/\"},\"author\":{\"name\":\"Andr\u00e9ine Bel\",\"@id\":\"https:\\\/\\\/www.leti.lt\\\/wordpress\\\/#\\\/schema\\\/person\\\/9bb307b2af8fbb575bb3603e57951f75\"},\"headline\":\"La peur et le retournement\",\"datePublished\":\"2020-02-16T14:30:32+00:00\",\"mainEntityOfPage\":{\"@id\":\"https:\\\/\\\/www.leti.lt\\\/wordpress\\\/danseforum-lapeuretleretournement\\\/\"},\"wordCount\":2713,\"commentCount\":0,\"keywords\":[\"DF_LesMayons\"],\"articleSection\":[\"Ateliers Les Mayons\"],\"inLanguage\":\"fr-FR\",\"potentialAction\":[{\"@type\":\"CommentAction\",\"name\":\"Comment\",\"target\":[\"https:\\\/\\\/www.leti.lt\\\/wordpress\\\/danseforum-lapeuretleretournement\\\/#respond\"]}]},{\"@type\":\"WebPage\",\"@id\":\"https:\\\/\\\/www.leti.lt\\\/wordpress\\\/danseforum-lapeuretleretournement\\\/\",\"url\":\"https:\\\/\\\/www.leti.lt\\\/wordpress\\\/danseforum-lapeuretleretournement\\\/\",\"name\":\"La peur et le retournement - Le TILT\",\"isPartOf\":{\"@id\":\"https:\\\/\\\/www.leti.lt\\\/wordpress\\\/#website\"},\"datePublished\":\"2020-02-16T14:30:32+00:00\",\"author\":{\"@id\":\"https:\\\/\\\/www.leti.lt\\\/wordpress\\\/#\\\/schema\\\/person\\\/9bb307b2af8fbb575bb3603e57951f75\"},\"breadcrumb\":{\"@id\":\"https:\\\/\\\/www.leti.lt\\\/wordpress\\\/danseforum-lapeuretleretournement\\\/#breadcrumb\"},\"inLanguage\":\"fr-FR\",\"potentialAction\":[{\"@type\":\"ReadAction\",\"target\":[\"https:\\\/\\\/www.leti.lt\\\/wordpress\\\/danseforum-lapeuretleretournement\\\/\"]}]},{\"@type\":\"BreadcrumbList\",\"@id\":\"https:\\\/\\\/www.leti.lt\\\/wordpress\\\/danseforum-lapeuretleretournement\\\/#breadcrumb\",\"itemListElement\":[{\"@type\":\"ListItem\",\"position\":1,\"name\":\"Accueil\",\"item\":\"https:\\\/\\\/www.leti.lt\\\/wordpress\\\/\"},{\"@type\":\"ListItem\",\"position\":2,\"name\":\"La peur et le retournement\"}]},{\"@type\":\"WebSite\",\"@id\":\"https:\\\/\\\/www.leti.lt\\\/wordpress\\\/#website\",\"url\":\"https:\\\/\\\/www.leti.lt\\\/wordpress\\\/\",\"name\":\"Le TILT\",\"description\":\"Recherche, publication, cr\u00e9ation artistique\",\"potentialAction\":[{\"@type\":\"SearchAction\",\"target\":{\"@type\":\"EntryPoint\",\"urlTemplate\":\"https:\\\/\\\/www.leti.lt\\\/wordpress\\\/?s={search_term_string}\"},\"query-input\":{\"@type\":\"PropertyValueSpecification\",\"valueRequired\":true,\"valueName\":\"search_term_string\"}}],\"inLanguage\":\"fr-FR\"},{\"@type\":\"Person\",\"@id\":\"https:\\\/\\\/www.leti.lt\\\/wordpress\\\/#\\\/schema\\\/person\\\/9bb307b2af8fbb575bb3603e57951f75\",\"name\":\"Andr\u00e9ine Bel\",\"image\":{\"@type\":\"ImageObject\",\"inLanguage\":\"fr-FR\",\"@id\":\"https:\\\/\\\/secure.gravatar.com\\\/avatar\\\/4ab041ec7c7ad3b90293023e86528ec1a700ce2971ff61811b2df6b288dd1f38?s=96&d=identicon&r=g\",\"url\":\"https:\\\/\\\/secure.gravatar.com\\\/avatar\\\/4ab041ec7c7ad3b90293023e86528ec1a700ce2971ff61811b2df6b288dd1f38?s=96&d=identicon&r=g\",\"contentUrl\":\"https:\\\/\\\/secure.gravatar.com\\\/avatar\\\/4ab041ec7c7ad3b90293023e86528ec1a700ce2971ff61811b2df6b288dd1f38?s=96&d=identicon&r=g\",\"caption\":\"Andr\u00e9ine Bel\"},\"url\":\"https:\\\/\\\/www.leti.lt\\\/wordpress\\\/author\\\/andreine\\\/\"}]}<\/script>\n<!-- \/ Yoast SEO plugin. -->","yoast_head_json":{"title":"La peur et le retournement - Le TILT","robots":{"index":"index","follow":"follow","max-snippet":"max-snippet:-1","max-image-preview":"max-image-preview:large","max-video-preview":"max-video-preview:-1"},"canonical":"https:\/\/www.leti.lt\/wordpress\/danseforum-lapeuretleretournement\/","og_locale":"fr_FR","og_type":"article","og_title":"La peur et le retournement - Le TILT","og_description":"Danse forum\u2192 Comptes-ren\u00addus des ate\u00adliers\u2192 Les Mayons !!La peur et le retour\u00adne\u00adment \u2013 27\u200a\u2013\u200a28\/12\/15 Avec&nbsp;: Andr\u00e9ine, Ber\u00adnard, Cen\u00addri\u00adna,&nbsp;Herv\u00e9. Lieu&nbsp;: la petite pi\u00e8ce de pra\u00adtique de la maison. CR \u00e9crit par Andr\u00e9ine sans notes prises sur le moment. Puis lu et cor\u00adri\u00adg\u00e9 par Ber\u00adnard, puis Cen\u00addri\u00adna et Her\u00adv\u00e9. Ce qui est entre [ ] a&nbsp;\u00e9t\u00e9 \u00e9crit \u00e0&nbsp;la r\u00e9dac\u00adtion, et ne s\u2019est pas dit pen\u00addant la&nbsp;DF. 27 d\u00e9cembre apr\u00e8s-midi&nbsp;: L\u2019\u00e9veil des muscles, puis la pra\u00adtique d\u2019Herv\u00e9&nbsp;: exer\u00adcices exp\u00e9\u00adri\u00admen\u00adtaux issus des ate\u00adliers \u201ccorps [&hellip;]","og_url":"https:\/\/www.leti.lt\/wordpress\/danseforum-lapeuretleretournement\/","og_site_name":"Le TILT","article_published_time":"2020-02-16T14:30:32+00:00","author":"Andr\u00e9ine Bel","twitter_card":"summary_large_image","twitter_misc":{"\u00c9crit par":"Andr\u00e9ine Bel","Dur\u00e9e de lecture estim\u00e9e":"14 minutes"},"schema":{"@context":"https:\/\/schema.org","@graph":[{"@type":"Article","@id":"https:\/\/www.leti.lt\/wordpress\/danseforum-lapeuretleretournement\/#article","isPartOf":{"@id":"https:\/\/www.leti.lt\/wordpress\/danseforum-lapeuretleretournement\/"},"author":{"name":"Andr\u00e9ine Bel","@id":"https:\/\/www.leti.lt\/wordpress\/#\/schema\/person\/9bb307b2af8fbb575bb3603e57951f75"},"headline":"La peur et le retournement","datePublished":"2020-02-16T14:30:32+00:00","mainEntityOfPage":{"@id":"https:\/\/www.leti.lt\/wordpress\/danseforum-lapeuretleretournement\/"},"wordCount":2713,"commentCount":0,"keywords":["DF_LesMayons"],"articleSection":["Ateliers Les Mayons"],"inLanguage":"fr-FR","potentialAction":[{"@type":"CommentAction","name":"Comment","target":["https:\/\/www.leti.lt\/wordpress\/danseforum-lapeuretleretournement\/#respond"]}]},{"@type":"WebPage","@id":"https:\/\/www.leti.lt\/wordpress\/danseforum-lapeuretleretournement\/","url":"https:\/\/www.leti.lt\/wordpress\/danseforum-lapeuretleretournement\/","name":"La peur et le retournement - Le TILT","isPartOf":{"@id":"https:\/\/www.leti.lt\/wordpress\/#website"},"datePublished":"2020-02-16T14:30:32+00:00","author":{"@id":"https:\/\/www.leti.lt\/wordpress\/#\/schema\/person\/9bb307b2af8fbb575bb3603e57951f75"},"breadcrumb":{"@id":"https:\/\/www.leti.lt\/wordpress\/danseforum-lapeuretleretournement\/#breadcrumb"},"inLanguage":"fr-FR","potentialAction":[{"@type":"ReadAction","target":["https:\/\/www.leti.lt\/wordpress\/danseforum-lapeuretleretournement\/"]}]},{"@type":"BreadcrumbList","@id":"https:\/\/www.leti.lt\/wordpress\/danseforum-lapeuretleretournement\/#breadcrumb","itemListElement":[{"@type":"ListItem","position":1,"name":"Accueil","item":"https:\/\/www.leti.lt\/wordpress\/"},{"@type":"ListItem","position":2,"name":"La peur et le retournement"}]},{"@type":"WebSite","@id":"https:\/\/www.leti.lt\/wordpress\/#website","url":"https:\/\/www.leti.lt\/wordpress\/","name":"Le TILT","description":"Recherche, publication, cr\u00e9ation artistique","potentialAction":[{"@type":"SearchAction","target":{"@type":"EntryPoint","urlTemplate":"https:\/\/www.leti.lt\/wordpress\/?s={search_term_string}"},"query-input":{"@type":"PropertyValueSpecification","valueRequired":true,"valueName":"search_term_string"}}],"inLanguage":"fr-FR"},{"@type":"Person","@id":"https:\/\/www.leti.lt\/wordpress\/#\/schema\/person\/9bb307b2af8fbb575bb3603e57951f75","name":"Andr\u00e9ine Bel","image":{"@type":"ImageObject","inLanguage":"fr-FR","@id":"https:\/\/secure.gravatar.com\/avatar\/4ab041ec7c7ad3b90293023e86528ec1a700ce2971ff61811b2df6b288dd1f38?s=96&d=identicon&r=g","url":"https:\/\/secure.gravatar.com\/avatar\/4ab041ec7c7ad3b90293023e86528ec1a700ce2971ff61811b2df6b288dd1f38?s=96&d=identicon&r=g","contentUrl":"https:\/\/secure.gravatar.com\/avatar\/4ab041ec7c7ad3b90293023e86528ec1a700ce2971ff61811b2df6b288dd1f38?s=96&d=identicon&r=g","caption":"Andr\u00e9ine Bel"},"url":"https:\/\/www.leti.lt\/wordpress\/author\/andreine\/"}]}},"_links":{"self":[{"href":"https:\/\/www.leti.lt\/wordpress\/wp-json\/wp\/v2\/posts\/141","targetHints":{"allow":["GET"]}}],"collection":[{"href":"https:\/\/www.leti.lt\/wordpress\/wp-json\/wp\/v2\/posts"}],"about":[{"href":"https:\/\/www.leti.lt\/wordpress\/wp-json\/wp\/v2\/types\/post"}],"author":[{"embeddable":true,"href":"https:\/\/www.leti.lt\/wordpress\/wp-json\/wp\/v2\/users\/2"}],"replies":[{"embeddable":true,"href":"https:\/\/www.leti.lt\/wordpress\/wp-json\/wp\/v2\/comments?post=141"}],"version-history":[{"count":0,"href":"https:\/\/www.leti.lt\/wordpress\/wp-json\/wp\/v2\/posts\/141\/revisions"}],"wp:attachment":[{"href":"https:\/\/www.leti.lt\/wordpress\/wp-json\/wp\/v2\/media?parent=141"}],"wp:term":[{"taxonomy":"category","embeddable":true,"href":"https:\/\/www.leti.lt\/wordpress\/wp-json\/wp\/v2\/categories?post=141"},{"taxonomy":"post_tag","embeddable":true,"href":"https:\/\/www.leti.lt\/wordpress\/wp-json\/wp\/v2\/tags?post=141"}],"curies":[{"name":"wp","href":"https:\/\/api.w.org\/{rel}","templated":true}]}}