{"id":140,"date":"2020-02-16T15:30:32","date_gmt":"2020-02-16T14:30:32","guid":{"rendered":"https:\/\/www.leti.lt\/wordpress\/?p=140"},"modified":"-0001-11-30T00:00:00","modified_gmt":"-0001-11-29T22:00:00","slug":"danseforum-lapeur","status":"publish","type":"post","link":"https:\/\/www.leti.lt\/wordpress\/danseforum-lapeur\/","title":{"rendered":"La peur"},"content":{"rendered":"<p><a href=\"https:\/\/www.leti.lt\/wordpress\/danseforum-danseforum\/\">Danse forum<\/a><br>\u2192 <a href=\"https:\/\/www.leti.lt\/wordpress\/danseforum-comptesrendusateliers\/\">Comptes-ren\u00addus des ate\u00adliers<\/a><br>\u2192 <a href=\"https:\/\/www.leti.lt\/wordpress\/danseforum-lambesc\/\">Lam\u00adbesc<\/a><br><br>!!La peur \u2013 4&nbsp;f\u00e9vrier 2006<br><br>Nous avons dis\u00adcer\u00adn\u00e9 les mou\u00adve\u00adments rep\u00adti\u00adliens qui nais\u00adsaient des mou\u00adve\u00adments de hanche. De l\u00e0 nous en sommes venus \u00e0&nbsp;la peur des ser\u00adpents, et des arai\u00adgn\u00e9es, de ce que ces insectes v\u00e9hi\u00adculent de notre ima\u00adgi\u00adnaire. Aus\u00adsi avons-nous pris pour th\u00e8me de danse forum la peur, en lui asso\u00adciant la notion d\u2019espace&nbsp;: l\u2019espace dans lequel nous sommes en pr\u00e9\u00adsence, celui occu\u00adp\u00e9 par l\u2019insect et sculp\u00adt\u00e9 par ses mou\u00adve\u00adments, fig\u00e9s ou ful\u00adgu\u00adrants, rep\u00adti\u00adliens dans leur facul\u00adt\u00e9 de se glis\u00adser par\u00adtout sans avoir l\u2019air de bou\u00adger.<br><br>Deux dan\u00adseurs, l\u2019un se met\u00adtant dans l\u2019espace de l\u2019araign\u00e9e, l\u2019autre dans celui de la peur. Deux spec\u00addan\u00adseurs. Je fais le joker. La musique est celle de Take\u00admit\u00adsu&nbsp;: \u00ab&nbsp;In an autumn gar\u00adden&nbsp;\u00bb.<br><br>L\u2019un des dan\u00adseurs ne \u00ab&nbsp;fait pas&nbsp;\u00bb l\u2019araign\u00e9e, mais se met dans son mou\u00adve\u00adment. Nous consta\u00adtons ensemble la dif\u00adfi\u00adcul\u00adt\u00e9 de ne pas illus\u00adtrer ou imi\u00adter (ce qui rend imm\u00e9\u00addia\u00adte\u00adment plate la ges\u00adtuelle, puisque l\u2019imaginaire n\u2019a plus d\u2019espace). L\u2019autre dan\u00adseur ne regarde pas direc\u00adte\u00adment l\u2019araign\u00e9e, mais plu\u00adt\u00f4t la res\u00adsent, en fixant son regard \u00e0&nbsp;terre, loin d\u2019elle. Du coup la magie s\u2019exerce, entre les mou\u00adve\u00adments de l\u2019araign\u00e9e qui regarde sa proie et ceux de la proie qui \u00ab&nbsp;ima\u00adgine&nbsp;\u00bb l\u2019araign\u00e9e plus qu\u2019elle ne la voit. La solu\u00adtion trou\u00adv\u00e9e est l\u2019\u00e9vitement, la seule qui apa\u00adra\u00eet comme d\u00e9fi\u00adni\u00adtive serait l\u2019emprisonnement de l\u2019insect dans un immense verre.<br><br>Puis nous chan\u00adgeons de pro\u00adta\u00adgo\u00adniste. Cette proie-l\u00e0 n\u2019a pas peur des arai\u00adgn\u00e9es, du coup le pr\u00e9\u00adda\u00adteur est celui qui a&nbsp;peur. Le ren\u00adver\u00adse\u00adment des r\u00f4les fait res\u00adsor\u00adtir la r\u00e9a\u00adli\u00adt\u00e9 de la peur chez le pr\u00e9\u00adda\u00adteur. Un pacte de non-agres\u00adsion se lie entre les deux pro\u00adta\u00adgo\u00adnistes, avec un qui montre sa confiance \u00e0&nbsp;l\u2019autre, l\u2019autre qui reste dans sa peur et sa vigi\u00adlance en se recro\u00adque\u00advillant sur lui-m\u00eame.<br><br>Nous avons d\u00e9ci\u00add\u00e9 de pour\u00adsuivre cette danse-forum la semaine pro\u00adchaine.<br><br>Andr\u00e9ine Bel<\/p><p style=\"color:green; text-align:right !important;\">Article cr\u00e9\u00e9 le 16\/02\/2020<\/p>","protected":false},"excerpt":{"rendered":"<p>Danse forum\u2192 Comptes-ren\u00ad\u00addus des ate\u00adliers\u2192 Lam\u00adbesc !!La peur \u2013 4&nbsp;f\u00e9vrier 2006 Nous avons dis\u00adcer\u00adn\u00e9 les mou\u00adve\u00adments rep\u00adti\u00adliens qui nais\u00adsaient des mou\u00adve\u00adments de hanche. De l\u00e0 nous en sommes venus \u00e0&nbsp;la peur des ser\u00adpents, et des arai\u00adgn\u00e9es, de ce que ces insectes v\u00e9hi\u00adculent de notre ima\u00adgi\u00adnaire. Aus\u00adsi avons-nous pris pour th\u00e8me de danse forum la peur, en lui asso\u00adciant la notion d\u2019espace&nbsp;: l\u2019espace dans lequel nous sommes en pr\u00e9\u00adsence, celui occu\u00adp\u00e9 par l\u2019insect et sculp\u00adt\u00e9 par ses mou\u00adve\u00adments, fig\u00e9s ou fulgurants,&nbsp;[\u2026]<\/p>\n","protected":false},"author":2,"featured_media":0,"comment_status":"open","ping_status":"open","sticky":false,"template":"","format":"standard","meta":{"wp_typography_post_enhancements_disabled":false,"footnotes":""},"categories":[184],"tags":[208],"class_list":["post-140","post","type-post","status-publish","format-standard","hentry","category-ateliers_lambesc","tag-df_lambesc"],"yoast_head":"<!-- This site is optimized with the Yoast SEO plugin v27.5 - https:\/\/yoast.com\/product\/yoast-seo-wordpress\/ -->\n<title>La peur - Le TILT<\/title>\n<meta name=\"robots\" content=\"index, follow, max-snippet:-1, max-image-preview:large, max-video-preview:-1\" \/>\n<link rel=\"canonical\" href=\"https:\/\/www.leti.lt\/wordpress\/danseforum-lapeur\/\" \/>\n<meta property=\"og:locale\" content=\"fr_FR\" \/>\n<meta property=\"og:type\" content=\"article\" \/>\n<meta property=\"og:title\" content=\"La peur - Le TILT\" \/>\n<meta property=\"og:description\" content=\"Danse forum\u2192 Comptes-ren\u00addus des ate\u00adliers\u2192 Lam\u00adbesc !!La peur \u2013 4&nbsp;f\u00e9vrier 2006 Nous avons dis\u00adcer\u00adn\u00e9 les mou\u00adve\u00adments rep\u00adti\u00adliens qui nais\u00adsaient des mou\u00adve\u00adments de hanche. De l\u00e0 nous en sommes venus \u00e0&nbsp;la peur des ser\u00adpents, et des arai\u00adgn\u00e9es, de ce que ces insectes v\u00e9hi\u00adculent de notre ima\u00adgi\u00adnaire. Aus\u00adsi avons-nous pris pour th\u00e8me de danse forum la peur, en lui asso\u00adciant la notion d\u2019espace&nbsp;: l\u2019espace dans lequel nous sommes en pr\u00e9\u00adsence, celui occu\u00adp\u00e9 par l\u2019insect et sculp\u00adt\u00e9 par ses mou\u00adve\u00adments, fig\u00e9s ou ful\u00adgu\u00adrants, [&hellip;]\" \/>\n<meta property=\"og:url\" content=\"https:\/\/www.leti.lt\/wordpress\/danseforum-lapeur\/\" \/>\n<meta property=\"og:site_name\" content=\"Le TILT\" \/>\n<meta property=\"article:published_time\" content=\"2020-02-16T14:30:32+00:00\" \/>\n<meta name=\"author\" content=\"Andr\u00e9ine Bel\" \/>\n<meta name=\"twitter:card\" content=\"summary_large_image\" \/>\n<meta name=\"twitter:label1\" content=\"\u00c9crit par\" \/>\n\t<meta name=\"twitter:data1\" content=\"Andr\u00e9ine Bel\" \/>\n\t<meta name=\"twitter:label2\" content=\"Dur\u00e9e de lecture estim\u00e9e\" \/>\n\t<meta name=\"twitter:data2\" content=\"2 minutes\" \/>\n<script type=\"application\/ld+json\" class=\"yoast-schema-graph\">{\"@context\":\"https:\\\/\\\/schema.org\",\"@graph\":[{\"@type\":\"Article\",\"@id\":\"https:\\\/\\\/www.leti.lt\\\/wordpress\\\/danseforum-lapeur\\\/#article\",\"isPartOf\":{\"@id\":\"https:\\\/\\\/www.leti.lt\\\/wordpress\\\/danseforum-lapeur\\\/\"},\"author\":{\"name\":\"Andr\u00e9ine Bel\",\"@id\":\"https:\\\/\\\/www.leti.lt\\\/wordpress\\\/#\\\/schema\\\/person\\\/9bb307b2af8fbb575bb3603e57951f75\"},\"headline\":\"La peur\",\"datePublished\":\"2020-02-16T14:30:32+00:00\",\"mainEntityOfPage\":{\"@id\":\"https:\\\/\\\/www.leti.lt\\\/wordpress\\\/danseforum-lapeur\\\/\"},\"wordCount\":353,\"commentCount\":0,\"keywords\":[\"DF_Lambesc\"],\"articleSection\":[\"Ateliers Lambesc\"],\"inLanguage\":\"fr-FR\",\"potentialAction\":[{\"@type\":\"CommentAction\",\"name\":\"Comment\",\"target\":[\"https:\\\/\\\/www.leti.lt\\\/wordpress\\\/danseforum-lapeur\\\/#respond\"]}]},{\"@type\":\"WebPage\",\"@id\":\"https:\\\/\\\/www.leti.lt\\\/wordpress\\\/danseforum-lapeur\\\/\",\"url\":\"https:\\\/\\\/www.leti.lt\\\/wordpress\\\/danseforum-lapeur\\\/\",\"name\":\"La peur - Le TILT\",\"isPartOf\":{\"@id\":\"https:\\\/\\\/www.leti.lt\\\/wordpress\\\/#website\"},\"datePublished\":\"2020-02-16T14:30:32+00:00\",\"author\":{\"@id\":\"https:\\\/\\\/www.leti.lt\\\/wordpress\\\/#\\\/schema\\\/person\\\/9bb307b2af8fbb575bb3603e57951f75\"},\"breadcrumb\":{\"@id\":\"https:\\\/\\\/www.leti.lt\\\/wordpress\\\/danseforum-lapeur\\\/#breadcrumb\"},\"inLanguage\":\"fr-FR\",\"potentialAction\":[{\"@type\":\"ReadAction\",\"target\":[\"https:\\\/\\\/www.leti.lt\\\/wordpress\\\/danseforum-lapeur\\\/\"]}]},{\"@type\":\"BreadcrumbList\",\"@id\":\"https:\\\/\\\/www.leti.lt\\\/wordpress\\\/danseforum-lapeur\\\/#breadcrumb\",\"itemListElement\":[{\"@type\":\"ListItem\",\"position\":1,\"name\":\"Accueil\",\"item\":\"https:\\\/\\\/www.leti.lt\\\/wordpress\\\/\"},{\"@type\":\"ListItem\",\"position\":2,\"name\":\"La peur\"}]},{\"@type\":\"WebSite\",\"@id\":\"https:\\\/\\\/www.leti.lt\\\/wordpress\\\/#website\",\"url\":\"https:\\\/\\\/www.leti.lt\\\/wordpress\\\/\",\"name\":\"Le TILT\",\"description\":\"Recherche, publication, cr\u00e9ation artistique\",\"potentialAction\":[{\"@type\":\"SearchAction\",\"target\":{\"@type\":\"EntryPoint\",\"urlTemplate\":\"https:\\\/\\\/www.leti.lt\\\/wordpress\\\/?s={search_term_string}\"},\"query-input\":{\"@type\":\"PropertyValueSpecification\",\"valueRequired\":true,\"valueName\":\"search_term_string\"}}],\"inLanguage\":\"fr-FR\"},{\"@type\":\"Person\",\"@id\":\"https:\\\/\\\/www.leti.lt\\\/wordpress\\\/#\\\/schema\\\/person\\\/9bb307b2af8fbb575bb3603e57951f75\",\"name\":\"Andr\u00e9ine Bel\",\"image\":{\"@type\":\"ImageObject\",\"inLanguage\":\"fr-FR\",\"@id\":\"https:\\\/\\\/secure.gravatar.com\\\/avatar\\\/4ab041ec7c7ad3b90293023e86528ec1a700ce2971ff61811b2df6b288dd1f38?s=96&d=identicon&r=g\",\"url\":\"https:\\\/\\\/secure.gravatar.com\\\/avatar\\\/4ab041ec7c7ad3b90293023e86528ec1a700ce2971ff61811b2df6b288dd1f38?s=96&d=identicon&r=g\",\"contentUrl\":\"https:\\\/\\\/secure.gravatar.com\\\/avatar\\\/4ab041ec7c7ad3b90293023e86528ec1a700ce2971ff61811b2df6b288dd1f38?s=96&d=identicon&r=g\",\"caption\":\"Andr\u00e9ine Bel\"},\"url\":\"https:\\\/\\\/www.leti.lt\\\/wordpress\\\/author\\\/andreine\\\/\"}]}<\/script>\n<!-- \/ Yoast SEO plugin. -->","yoast_head_json":{"title":"La peur - Le TILT","robots":{"index":"index","follow":"follow","max-snippet":"max-snippet:-1","max-image-preview":"max-image-preview:large","max-video-preview":"max-video-preview:-1"},"canonical":"https:\/\/www.leti.lt\/wordpress\/danseforum-lapeur\/","og_locale":"fr_FR","og_type":"article","og_title":"La peur - Le TILT","og_description":"Danse forum\u2192 Comptes-ren\u00addus des ate\u00adliers\u2192 Lam\u00adbesc !!La peur \u2013 4&nbsp;f\u00e9vrier 2006 Nous avons dis\u00adcer\u00adn\u00e9 les mou\u00adve\u00adments rep\u00adti\u00adliens qui nais\u00adsaient des mou\u00adve\u00adments de hanche. De l\u00e0 nous en sommes venus \u00e0&nbsp;la peur des ser\u00adpents, et des arai\u00adgn\u00e9es, de ce que ces insectes v\u00e9hi\u00adculent de notre ima\u00adgi\u00adnaire. Aus\u00adsi avons-nous pris pour th\u00e8me de danse forum la peur, en lui asso\u00adciant la notion d\u2019espace&nbsp;: l\u2019espace dans lequel nous sommes en pr\u00e9\u00adsence, celui occu\u00adp\u00e9 par l\u2019insect et sculp\u00adt\u00e9 par ses mou\u00adve\u00adments, fig\u00e9s ou ful\u00adgu\u00adrants, [&hellip;]","og_url":"https:\/\/www.leti.lt\/wordpress\/danseforum-lapeur\/","og_site_name":"Le TILT","article_published_time":"2020-02-16T14:30:32+00:00","author":"Andr\u00e9ine Bel","twitter_card":"summary_large_image","twitter_misc":{"\u00c9crit par":"Andr\u00e9ine Bel","Dur\u00e9e de lecture estim\u00e9e":"2 minutes"},"schema":{"@context":"https:\/\/schema.org","@graph":[{"@type":"Article","@id":"https:\/\/www.leti.lt\/wordpress\/danseforum-lapeur\/#article","isPartOf":{"@id":"https:\/\/www.leti.lt\/wordpress\/danseforum-lapeur\/"},"author":{"name":"Andr\u00e9ine Bel","@id":"https:\/\/www.leti.lt\/wordpress\/#\/schema\/person\/9bb307b2af8fbb575bb3603e57951f75"},"headline":"La peur","datePublished":"2020-02-16T14:30:32+00:00","mainEntityOfPage":{"@id":"https:\/\/www.leti.lt\/wordpress\/danseforum-lapeur\/"},"wordCount":353,"commentCount":0,"keywords":["DF_Lambesc"],"articleSection":["Ateliers Lambesc"],"inLanguage":"fr-FR","potentialAction":[{"@type":"CommentAction","name":"Comment","target":["https:\/\/www.leti.lt\/wordpress\/danseforum-lapeur\/#respond"]}]},{"@type":"WebPage","@id":"https:\/\/www.leti.lt\/wordpress\/danseforum-lapeur\/","url":"https:\/\/www.leti.lt\/wordpress\/danseforum-lapeur\/","name":"La peur - Le TILT","isPartOf":{"@id":"https:\/\/www.leti.lt\/wordpress\/#website"},"datePublished":"2020-02-16T14:30:32+00:00","author":{"@id":"https:\/\/www.leti.lt\/wordpress\/#\/schema\/person\/9bb307b2af8fbb575bb3603e57951f75"},"breadcrumb":{"@id":"https:\/\/www.leti.lt\/wordpress\/danseforum-lapeur\/#breadcrumb"},"inLanguage":"fr-FR","potentialAction":[{"@type":"ReadAction","target":["https:\/\/www.leti.lt\/wordpress\/danseforum-lapeur\/"]}]},{"@type":"BreadcrumbList","@id":"https:\/\/www.leti.lt\/wordpress\/danseforum-lapeur\/#breadcrumb","itemListElement":[{"@type":"ListItem","position":1,"name":"Accueil","item":"https:\/\/www.leti.lt\/wordpress\/"},{"@type":"ListItem","position":2,"name":"La peur"}]},{"@type":"WebSite","@id":"https:\/\/www.leti.lt\/wordpress\/#website","url":"https:\/\/www.leti.lt\/wordpress\/","name":"Le TILT","description":"Recherche, publication, cr\u00e9ation artistique","potentialAction":[{"@type":"SearchAction","target":{"@type":"EntryPoint","urlTemplate":"https:\/\/www.leti.lt\/wordpress\/?s={search_term_string}"},"query-input":{"@type":"PropertyValueSpecification","valueRequired":true,"valueName":"search_term_string"}}],"inLanguage":"fr-FR"},{"@type":"Person","@id":"https:\/\/www.leti.lt\/wordpress\/#\/schema\/person\/9bb307b2af8fbb575bb3603e57951f75","name":"Andr\u00e9ine Bel","image":{"@type":"ImageObject","inLanguage":"fr-FR","@id":"https:\/\/secure.gravatar.com\/avatar\/4ab041ec7c7ad3b90293023e86528ec1a700ce2971ff61811b2df6b288dd1f38?s=96&d=identicon&r=g","url":"https:\/\/secure.gravatar.com\/avatar\/4ab041ec7c7ad3b90293023e86528ec1a700ce2971ff61811b2df6b288dd1f38?s=96&d=identicon&r=g","contentUrl":"https:\/\/secure.gravatar.com\/avatar\/4ab041ec7c7ad3b90293023e86528ec1a700ce2971ff61811b2df6b288dd1f38?s=96&d=identicon&r=g","caption":"Andr\u00e9ine Bel"},"url":"https:\/\/www.leti.lt\/wordpress\/author\/andreine\/"}]}},"_links":{"self":[{"href":"https:\/\/www.leti.lt\/wordpress\/wp-json\/wp\/v2\/posts\/140","targetHints":{"allow":["GET"]}}],"collection":[{"href":"https:\/\/www.leti.lt\/wordpress\/wp-json\/wp\/v2\/posts"}],"about":[{"href":"https:\/\/www.leti.lt\/wordpress\/wp-json\/wp\/v2\/types\/post"}],"author":[{"embeddable":true,"href":"https:\/\/www.leti.lt\/wordpress\/wp-json\/wp\/v2\/users\/2"}],"replies":[{"embeddable":true,"href":"https:\/\/www.leti.lt\/wordpress\/wp-json\/wp\/v2\/comments?post=140"}],"version-history":[{"count":0,"href":"https:\/\/www.leti.lt\/wordpress\/wp-json\/wp\/v2\/posts\/140\/revisions"}],"wp:attachment":[{"href":"https:\/\/www.leti.lt\/wordpress\/wp-json\/wp\/v2\/media?parent=140"}],"wp:term":[{"taxonomy":"category","embeddable":true,"href":"https:\/\/www.leti.lt\/wordpress\/wp-json\/wp\/v2\/categories?post=140"},{"taxonomy":"post_tag","embeddable":true,"href":"https:\/\/www.leti.lt\/wordpress\/wp-json\/wp\/v2\/tags?post=140"}],"curies":[{"name":"wp","href":"https:\/\/api.w.org\/{rel}","templated":true}]}}