{"id":139,"date":"2020-02-16T15:30:32","date_gmt":"2020-02-16T14:30:32","guid":{"rendered":"https:\/\/www.leti.lt\/wordpress\/?p=139"},"modified":"-0001-11-30T00:00:00","modified_gmt":"-0001-11-29T22:00:00","slug":"danseforum-lametaorphose","status":"publish","type":"post","link":"https:\/\/www.leti.lt\/wordpress\/danseforum-lametaorphose\/","title":{"rendered":"La m\u00e9tamorphose"},"content":{"rendered":"<p><a href=\"https:\/\/www.leti.lt\/wordpress\/danseforum-danseforum\/\">Danse forum<\/a><br>\u2192 <a href=\"https:\/\/www.leti.lt\/wordpress\/danseforum-comptesrendusateliers\/\">Comptes-ren\u00addus des ate\u00adliers<\/a><br>\u2192 <a href=\"https:\/\/www.leti.lt\/wordpress\/danseforum-lambesc\/\">Lam\u00adbesc<\/a><br><br>!!La m\u00e9ta\u00admor\u00adphose \u2013 11 f\u00e9vrier 2006<br><br>Plu\u00adt\u00f4t que la peur, c\u2019est la m\u00e9ta\u00admor\u00adphose qui a&nbsp;\u00e9t\u00e9 choi\u00adsie comme th\u00e8me de danse forum. En quoi la trans\u00adfor\u00adma\u00adtion est-elle pos\u00adsible, les dif\u00adfi\u00adcul\u00adt\u00e9s \u00e0&nbsp;vaincre pour qu\u2019elle s\u2019accomplisse, en quoi elle consiste. Nous avons choi\u00adsi l\u2019Ave Maria de Gou\u00adnod.<br><br>Une pre\u00admi\u00e8re dan\u00adseuse s\u2019y est essay\u00e9e, en invi\u00adtant les spec\u00adta\u00addan\u00adseurs \u00e0&nbsp;se joindre \u00e0&nbsp;elle quand ils le sou\u00adhai\u00adtaient. La trans\u00adfor\u00adma\u00adtion s\u2019est op\u00e9\u00adr\u00e9e en deux \u00e9tapes, par la dif\u00adfi\u00adcile prise de l\u2019\u00e9quilibre ver\u00adti\u00adcal, puis par l\u2019ouverture du regard sur le monde. Aucun des quatre spec\u00adta\u00addan\u00adseurs n\u2019a eu l\u2019espace pour entrer, tant la \u00ab&nbsp;soli\u00adtude&nbsp;\u00bb de la dan\u00adseuse se m\u00e9ta\u00admor\u00adpho\u00adsant emplis\u00adsait la sc\u00e8ne. C\u2019est ain\u00adsi que nous avons pris conscience que le choix de l\u2019espace inves\u00adti \u00e9tait pri\u00admor\u00addial pour se trans\u00adfor\u00admer.<br><br>Puis un autre dan\u00adseur est entr\u00e9 sur sc\u00e8ne (avec la pre\u00admi\u00e8re dan\u00adseuse qui est res\u00adt\u00e9e) pour s\u2019essayer \u00e0&nbsp;la trans\u00adfor\u00adma\u00adtion. Deux uni\u00adt\u00e9s, qui sont avec dif\u00adfi\u00adcul\u00adt\u00e9 sor\u00adties de l\u2019immobilit\u00e9, leur ren\u00adcontre par le regard et leur rap\u00adpro\u00adche\u00adment jusqu\u2019\u00e0 une nou\u00advelle uni\u00adt\u00e9 glo\u00adbale.<br><br>Deux autres dan\u00adseurs se sont pla\u00adc\u00e9s sur sc\u00e8ne. L\u2019une se trans\u00adfor\u00admant de fa\u00e7on cyclique sur une longue dia\u00adgo\u00adnale, chaque cycle \u00e9tant un peu dif\u00adf\u00e9\u00adrent du pr\u00e9\u00adc\u00e9\u00addent dans cha\u00adcune des quatre direc\u00adtions prin\u00adci\u00adpales pen\u00addant sa pro\u00adgres\u00adsion. L\u2019autre dan\u00adseur, la peur de l\u2019envol qu\u2019il sent immi\u00adnent, puis mis en confiance par un contact qu\u2019il sol\u00adli\u00adci\u00adtait de son propre arbitre, trans\u00adfor\u00adma\u00adtion de la trans\u00adfor\u00adma\u00adtion, pour pou\u00advoir se lib\u00e9\u00adrer et \u00eatre auto\u00adnome.<br><br>Enfin, deux autres dan\u00adseurs ont pris leur place. La dan\u00adseuse est res\u00adt\u00e9e comme enra\u00adci\u00adn\u00e9e au m\u00eame endroit, le dan\u00adseur s\u2019est m\u00fb dif\u00adfi\u00adci\u00adle\u00adment vers elle pour final\u00adle\u00adment \u00e9pou\u00adser ses mou\u00adve\u00adments, r\u00e9con\u00adcil\u00adlia\u00adtion imm\u00e9\u00admo\u00adrielle entre le monde ani\u00admal, capable de perdre ses racines pour s\u2019unir au monde monde v\u00e9g\u00e9\u00adtal, qui en est pri\u00adson\u00adnier. C\u2019est ain\u00adsi que le choix du temps s\u2019est r\u00e9v\u00e9\u00adl\u00e9 aus\u00adsi impor\u00adtant que le choix de l\u2019espace dans le pro\u00adces\u00adsus de trans\u00adfor\u00adma\u00adtion. De trans\u00admu\u00adta\u00adtion&nbsp;?<br><br>Andr\u00e9ine Bel<\/p><p style=\"color:green; text-align:right !important;\">Article cr\u00e9\u00e9 le 16\/02\/2020<\/p>","protected":false},"excerpt":{"rendered":"<p>Danse forum\u2192 Comptes-ren\u00ad\u00addus des ate\u00adliers\u2192 Lam\u00adbesc !!La m\u00e9ta\u00admor\u00adphose \u2013 11 f\u00e9vrier 2006 Plu\u00adt\u00f4t que la peur, c\u2019est la m\u00e9ta\u00admor\u00adphose qui a&nbsp;\u00e9t\u00e9 choi\u00adsie comme th\u00e8me de danse forum. En quoi la trans\u00adfor\u00adma\u00adtion est-elle pos\u00adsible, les dif\u00adfi\u00adcul\u00adt\u00e9s \u00e0&nbsp;vaincre pour qu\u2019elle s\u2019accomplisse, en quoi elle consiste. Nous avons choi\u00adsi l\u2019Ave Maria de Gou\u00adnod. Une pre\u00admi\u00e8re dan\u00adseuse s\u2019y est essay\u00e9e, en invi\u00adtant les spec\u00adta\u00addan\u00adseurs \u00e0&nbsp;se joindre \u00e0&nbsp;elle quand ils le sou\u00adhai\u00adtaient. La trans\u00adfor\u00adma\u00adtion s\u2019est op\u00e9\u00adr\u00e9e en deux \u00e9tapes, par la dif\u00adfi\u00adcile prise de l\u2019\u00e9quilibre [\u2026]<\/p>\n","protected":false},"author":2,"featured_media":0,"comment_status":"open","ping_status":"open","sticky":false,"template":"","format":"standard","meta":{"wp_typography_post_enhancements_disabled":false,"footnotes":""},"categories":[184],"tags":[208],"class_list":["post-139","post","type-post","status-publish","format-standard","hentry","category-ateliers_lambesc","tag-df_lambesc"],"yoast_head":"<!-- This site is optimized with the Yoast SEO plugin v27.5 - https:\/\/yoast.com\/product\/yoast-seo-wordpress\/ -->\n<title>La m\u00e9tamorphose - Le TILT<\/title>\n<meta name=\"robots\" content=\"index, follow, max-snippet:-1, max-image-preview:large, max-video-preview:-1\" \/>\n<link rel=\"canonical\" href=\"https:\/\/www.leti.lt\/wordpress\/danseforum-lametaorphose\/\" \/>\n<meta property=\"og:locale\" content=\"fr_FR\" \/>\n<meta property=\"og:type\" content=\"article\" \/>\n<meta property=\"og:title\" content=\"La m\u00e9tamorphose - Le TILT\" \/>\n<meta property=\"og:description\" content=\"Danse forum\u2192 Comptes-ren\u00addus des ate\u00adliers\u2192 Lam\u00adbesc !!La m\u00e9ta\u00admor\u00adphose \u2013 11 f\u00e9vrier 2006 Plu\u00adt\u00f4t que la peur, c\u2019est la m\u00e9ta\u00admor\u00adphose qui a&nbsp;\u00e9t\u00e9 choi\u00adsie comme th\u00e8me de danse forum. En quoi la trans\u00adfor\u00adma\u00adtion est-elle pos\u00adsible, les dif\u00adfi\u00adcul\u00adt\u00e9s \u00e0&nbsp;vaincre pour qu\u2019elle s\u2019accomplisse, en quoi elle consiste. Nous avons choi\u00adsi l\u2019Ave Maria de Gounod. Une pre\u00admi\u00e8re dan\u00adseuse s\u2019y est essay\u00e9e, en invi\u00adtant les spec\u00adta\u00addan\u00adseurs \u00e0&nbsp;se joindre \u00e0&nbsp;elle quand ils le sou\u00adhai\u00adtaient. La trans\u00adfor\u00adma\u00adtion s\u2019est op\u00e9\u00adr\u00e9e en deux \u00e9tapes, par la dif\u00adfi\u00adcile prise de l\u2019\u00e9quilibre [&hellip;]\" \/>\n<meta property=\"og:url\" content=\"https:\/\/www.leti.lt\/wordpress\/danseforum-lametaorphose\/\" \/>\n<meta property=\"og:site_name\" content=\"Le TILT\" \/>\n<meta property=\"article:published_time\" content=\"2020-02-16T14:30:32+00:00\" \/>\n<meta name=\"author\" content=\"Andr\u00e9ine Bel\" \/>\n<meta name=\"twitter:card\" content=\"summary_large_image\" \/>\n<meta name=\"twitter:label1\" content=\"\u00c9crit par\" \/>\n\t<meta name=\"twitter:data1\" content=\"Andr\u00e9ine Bel\" \/>\n\t<meta name=\"twitter:label2\" content=\"Dur\u00e9e de lecture estim\u00e9e\" \/>\n\t<meta name=\"twitter:data2\" content=\"2 minutes\" \/>\n<script type=\"application\/ld+json\" class=\"yoast-schema-graph\">{\"@context\":\"https:\\\/\\\/schema.org\",\"@graph\":[{\"@type\":\"Article\",\"@id\":\"https:\\\/\\\/www.leti.lt\\\/wordpress\\\/danseforum-lametaorphose\\\/#article\",\"isPartOf\":{\"@id\":\"https:\\\/\\\/www.leti.lt\\\/wordpress\\\/danseforum-lametaorphose\\\/\"},\"author\":{\"name\":\"Andr\u00e9ine Bel\",\"@id\":\"https:\\\/\\\/www.leti.lt\\\/wordpress\\\/#\\\/schema\\\/person\\\/9bb307b2af8fbb575bb3603e57951f75\"},\"headline\":\"La m\u00e9tamorphose\",\"datePublished\":\"2020-02-16T14:30:32+00:00\",\"mainEntityOfPage\":{\"@id\":\"https:\\\/\\\/www.leti.lt\\\/wordpress\\\/danseforum-lametaorphose\\\/\"},\"wordCount\":370,\"commentCount\":0,\"keywords\":[\"DF_Lambesc\"],\"articleSection\":[\"Ateliers Lambesc\"],\"inLanguage\":\"fr-FR\",\"potentialAction\":[{\"@type\":\"CommentAction\",\"name\":\"Comment\",\"target\":[\"https:\\\/\\\/www.leti.lt\\\/wordpress\\\/danseforum-lametaorphose\\\/#respond\"]}]},{\"@type\":\"WebPage\",\"@id\":\"https:\\\/\\\/www.leti.lt\\\/wordpress\\\/danseforum-lametaorphose\\\/\",\"url\":\"https:\\\/\\\/www.leti.lt\\\/wordpress\\\/danseforum-lametaorphose\\\/\",\"name\":\"La m\u00e9tamorphose - Le TILT\",\"isPartOf\":{\"@id\":\"https:\\\/\\\/www.leti.lt\\\/wordpress\\\/#website\"},\"datePublished\":\"2020-02-16T14:30:32+00:00\",\"author\":{\"@id\":\"https:\\\/\\\/www.leti.lt\\\/wordpress\\\/#\\\/schema\\\/person\\\/9bb307b2af8fbb575bb3603e57951f75\"},\"breadcrumb\":{\"@id\":\"https:\\\/\\\/www.leti.lt\\\/wordpress\\\/danseforum-lametaorphose\\\/#breadcrumb\"},\"inLanguage\":\"fr-FR\",\"potentialAction\":[{\"@type\":\"ReadAction\",\"target\":[\"https:\\\/\\\/www.leti.lt\\\/wordpress\\\/danseforum-lametaorphose\\\/\"]}]},{\"@type\":\"BreadcrumbList\",\"@id\":\"https:\\\/\\\/www.leti.lt\\\/wordpress\\\/danseforum-lametaorphose\\\/#breadcrumb\",\"itemListElement\":[{\"@type\":\"ListItem\",\"position\":1,\"name\":\"Accueil\",\"item\":\"https:\\\/\\\/www.leti.lt\\\/wordpress\\\/\"},{\"@type\":\"ListItem\",\"position\":2,\"name\":\"La m\u00e9tamorphose\"}]},{\"@type\":\"WebSite\",\"@id\":\"https:\\\/\\\/www.leti.lt\\\/wordpress\\\/#website\",\"url\":\"https:\\\/\\\/www.leti.lt\\\/wordpress\\\/\",\"name\":\"Le TILT\",\"description\":\"Recherche, publication, cr\u00e9ation artistique\",\"potentialAction\":[{\"@type\":\"SearchAction\",\"target\":{\"@type\":\"EntryPoint\",\"urlTemplate\":\"https:\\\/\\\/www.leti.lt\\\/wordpress\\\/?s={search_term_string}\"},\"query-input\":{\"@type\":\"PropertyValueSpecification\",\"valueRequired\":true,\"valueName\":\"search_term_string\"}}],\"inLanguage\":\"fr-FR\"},{\"@type\":\"Person\",\"@id\":\"https:\\\/\\\/www.leti.lt\\\/wordpress\\\/#\\\/schema\\\/person\\\/9bb307b2af8fbb575bb3603e57951f75\",\"name\":\"Andr\u00e9ine Bel\",\"image\":{\"@type\":\"ImageObject\",\"inLanguage\":\"fr-FR\",\"@id\":\"https:\\\/\\\/secure.gravatar.com\\\/avatar\\\/4ab041ec7c7ad3b90293023e86528ec1a700ce2971ff61811b2df6b288dd1f38?s=96&d=identicon&r=g\",\"url\":\"https:\\\/\\\/secure.gravatar.com\\\/avatar\\\/4ab041ec7c7ad3b90293023e86528ec1a700ce2971ff61811b2df6b288dd1f38?s=96&d=identicon&r=g\",\"contentUrl\":\"https:\\\/\\\/secure.gravatar.com\\\/avatar\\\/4ab041ec7c7ad3b90293023e86528ec1a700ce2971ff61811b2df6b288dd1f38?s=96&d=identicon&r=g\",\"caption\":\"Andr\u00e9ine Bel\"},\"url\":\"https:\\\/\\\/www.leti.lt\\\/wordpress\\\/author\\\/andreine\\\/\"}]}<\/script>\n<!-- \/ Yoast SEO plugin. -->","yoast_head_json":{"title":"La m\u00e9tamorphose - Le TILT","robots":{"index":"index","follow":"follow","max-snippet":"max-snippet:-1","max-image-preview":"max-image-preview:large","max-video-preview":"max-video-preview:-1"},"canonical":"https:\/\/www.leti.lt\/wordpress\/danseforum-lametaorphose\/","og_locale":"fr_FR","og_type":"article","og_title":"La m\u00e9tamorphose - Le TILT","og_description":"Danse forum\u2192 Comptes-ren\u00addus des ate\u00adliers\u2192 Lam\u00adbesc !!La m\u00e9ta\u00admor\u00adphose \u2013 11 f\u00e9vrier 2006 Plu\u00adt\u00f4t que la peur, c\u2019est la m\u00e9ta\u00admor\u00adphose qui a&nbsp;\u00e9t\u00e9 choi\u00adsie comme th\u00e8me de danse forum. En quoi la trans\u00adfor\u00adma\u00adtion est-elle pos\u00adsible, les dif\u00adfi\u00adcul\u00adt\u00e9s \u00e0&nbsp;vaincre pour qu\u2019elle s\u2019accomplisse, en quoi elle consiste. Nous avons choi\u00adsi l\u2019Ave Maria de Gounod. Une pre\u00admi\u00e8re dan\u00adseuse s\u2019y est essay\u00e9e, en invi\u00adtant les spec\u00adta\u00addan\u00adseurs \u00e0&nbsp;se joindre \u00e0&nbsp;elle quand ils le sou\u00adhai\u00adtaient. La trans\u00adfor\u00adma\u00adtion s\u2019est op\u00e9\u00adr\u00e9e en deux \u00e9tapes, par la dif\u00adfi\u00adcile prise de l\u2019\u00e9quilibre [&hellip;]","og_url":"https:\/\/www.leti.lt\/wordpress\/danseforum-lametaorphose\/","og_site_name":"Le TILT","article_published_time":"2020-02-16T14:30:32+00:00","author":"Andr\u00e9ine Bel","twitter_card":"summary_large_image","twitter_misc":{"\u00c9crit par":"Andr\u00e9ine Bel","Dur\u00e9e de lecture estim\u00e9e":"2 minutes"},"schema":{"@context":"https:\/\/schema.org","@graph":[{"@type":"Article","@id":"https:\/\/www.leti.lt\/wordpress\/danseforum-lametaorphose\/#article","isPartOf":{"@id":"https:\/\/www.leti.lt\/wordpress\/danseforum-lametaorphose\/"},"author":{"name":"Andr\u00e9ine Bel","@id":"https:\/\/www.leti.lt\/wordpress\/#\/schema\/person\/9bb307b2af8fbb575bb3603e57951f75"},"headline":"La m\u00e9tamorphose","datePublished":"2020-02-16T14:30:32+00:00","mainEntityOfPage":{"@id":"https:\/\/www.leti.lt\/wordpress\/danseforum-lametaorphose\/"},"wordCount":370,"commentCount":0,"keywords":["DF_Lambesc"],"articleSection":["Ateliers Lambesc"],"inLanguage":"fr-FR","potentialAction":[{"@type":"CommentAction","name":"Comment","target":["https:\/\/www.leti.lt\/wordpress\/danseforum-lametaorphose\/#respond"]}]},{"@type":"WebPage","@id":"https:\/\/www.leti.lt\/wordpress\/danseforum-lametaorphose\/","url":"https:\/\/www.leti.lt\/wordpress\/danseforum-lametaorphose\/","name":"La m\u00e9tamorphose - Le TILT","isPartOf":{"@id":"https:\/\/www.leti.lt\/wordpress\/#website"},"datePublished":"2020-02-16T14:30:32+00:00","author":{"@id":"https:\/\/www.leti.lt\/wordpress\/#\/schema\/person\/9bb307b2af8fbb575bb3603e57951f75"},"breadcrumb":{"@id":"https:\/\/www.leti.lt\/wordpress\/danseforum-lametaorphose\/#breadcrumb"},"inLanguage":"fr-FR","potentialAction":[{"@type":"ReadAction","target":["https:\/\/www.leti.lt\/wordpress\/danseforum-lametaorphose\/"]}]},{"@type":"BreadcrumbList","@id":"https:\/\/www.leti.lt\/wordpress\/danseforum-lametaorphose\/#breadcrumb","itemListElement":[{"@type":"ListItem","position":1,"name":"Accueil","item":"https:\/\/www.leti.lt\/wordpress\/"},{"@type":"ListItem","position":2,"name":"La m\u00e9tamorphose"}]},{"@type":"WebSite","@id":"https:\/\/www.leti.lt\/wordpress\/#website","url":"https:\/\/www.leti.lt\/wordpress\/","name":"Le TILT","description":"Recherche, publication, cr\u00e9ation artistique","potentialAction":[{"@type":"SearchAction","target":{"@type":"EntryPoint","urlTemplate":"https:\/\/www.leti.lt\/wordpress\/?s={search_term_string}"},"query-input":{"@type":"PropertyValueSpecification","valueRequired":true,"valueName":"search_term_string"}}],"inLanguage":"fr-FR"},{"@type":"Person","@id":"https:\/\/www.leti.lt\/wordpress\/#\/schema\/person\/9bb307b2af8fbb575bb3603e57951f75","name":"Andr\u00e9ine Bel","image":{"@type":"ImageObject","inLanguage":"fr-FR","@id":"https:\/\/secure.gravatar.com\/avatar\/4ab041ec7c7ad3b90293023e86528ec1a700ce2971ff61811b2df6b288dd1f38?s=96&d=identicon&r=g","url":"https:\/\/secure.gravatar.com\/avatar\/4ab041ec7c7ad3b90293023e86528ec1a700ce2971ff61811b2df6b288dd1f38?s=96&d=identicon&r=g","contentUrl":"https:\/\/secure.gravatar.com\/avatar\/4ab041ec7c7ad3b90293023e86528ec1a700ce2971ff61811b2df6b288dd1f38?s=96&d=identicon&r=g","caption":"Andr\u00e9ine Bel"},"url":"https:\/\/www.leti.lt\/wordpress\/author\/andreine\/"}]}},"_links":{"self":[{"href":"https:\/\/www.leti.lt\/wordpress\/wp-json\/wp\/v2\/posts\/139","targetHints":{"allow":["GET"]}}],"collection":[{"href":"https:\/\/www.leti.lt\/wordpress\/wp-json\/wp\/v2\/posts"}],"about":[{"href":"https:\/\/www.leti.lt\/wordpress\/wp-json\/wp\/v2\/types\/post"}],"author":[{"embeddable":true,"href":"https:\/\/www.leti.lt\/wordpress\/wp-json\/wp\/v2\/users\/2"}],"replies":[{"embeddable":true,"href":"https:\/\/www.leti.lt\/wordpress\/wp-json\/wp\/v2\/comments?post=139"}],"version-history":[{"count":0,"href":"https:\/\/www.leti.lt\/wordpress\/wp-json\/wp\/v2\/posts\/139\/revisions"}],"wp:attachment":[{"href":"https:\/\/www.leti.lt\/wordpress\/wp-json\/wp\/v2\/media?parent=139"}],"wp:term":[{"taxonomy":"category","embeddable":true,"href":"https:\/\/www.leti.lt\/wordpress\/wp-json\/wp\/v2\/categories?post=139"},{"taxonomy":"post_tag","embeddable":true,"href":"https:\/\/www.leti.lt\/wordpress\/wp-json\/wp\/v2\/tags?post=139"}],"curies":[{"name":"wp","href":"https:\/\/api.w.org\/{rel}","templated":true}]}}