{"id":136,"date":"2020-02-16T15:30:32","date_gmt":"2020-02-16T14:30:32","guid":{"rendered":"https:\/\/www.leti.lt\/wordpress\/?p=136"},"modified":"-0001-11-30T00:00:00","modified_gmt":"-0001-11-29T22:00:00","slug":"danseforum-lamachine","status":"publish","type":"post","link":"https:\/\/www.leti.lt\/wordpress\/danseforum-lamachine\/","title":{"rendered":"La machine"},"content":{"rendered":"<p><a href=\"https:\/\/www.leti.lt\/wordpress\/danseforum-danseforum\/\">Danse forum<\/a><br>\u2192 <a href=\"https:\/\/www.leti.lt\/wordpress\/danseforum-comptesrendusateliers\/\">Comptes-ren\u00addus des ate\u00adliers<\/a><br>\u2192 <a href=\"https:\/\/www.leti.lt\/wordpress\/danseforum-forcalquier\/\">For\u00adcal\u00adquier<\/a><br>\u2192 <a href=\"https:\/\/www.leti.lt\/wordpress\/danseforum-danseforumetchantprintemps\/\">Danse forum et Chant Prin\u00adtemps<\/a><br><br>!! La machine- 28 mars 2009<br><br><br>J\u2019avais beau\u00adcoup d\u2019h\u00e9sitations et de ques\u00adtion\u00adne\u00adments pour cet ate\u00adlier, car c\u2019\u00e9tait la pre\u00admi\u00e8re fois que j\u2019en diri\u00adgeais un avec ce public. Nous \u00e9tions au moins vingt cinq per\u00adsonnes, dont envi\u00adron la moi\u00adti\u00e9 des per\u00adsonnes en situa\u00adtion d\u2019handicap.<br><br>Comme une des \u00e9du\u00adca\u00adtrices avait deman\u00add\u00e9 un \u00e9chauf\u00adfe\u00adment plus struc\u00adtu\u00adr\u00e9, plus diri\u00adg\u00e9 que lors de notre pre\u00admi\u00e8re ren\u00adcontre en 2008, j\u2019avais dans un pre\u00admier temps pro\u00adpo\u00ads\u00e9 \u00e0&nbsp;Eli\u00adsa\u00adbeth de faire deux exer\u00adcices au d\u00e9but.<br><br>Andr\u00e9ine et Nadine pen\u00adsaient que c\u2019\u00e9tait trop loin de la danse forum, de l\u2019\u00e9chauffement \u00e0&nbsp;tra\u00advers la recon\u00adnec\u00adtion avec les sen\u00adsa\u00adtions. Apr\u00e8s beau\u00adcoup de dis\u00adcus\u00adsions et r\u00e9flexions je suis arri\u00adv\u00e9e au point de me dire, je tente de suivre presque enti\u00e8\u00adre\u00adment le sch\u00e9\u00adma de la danse forum, sauf au tout d\u00e9but de l\u2019atelier o\u00f9 j\u2019ai pro\u00adpo\u00ads\u00e9 un seul exer\u00adcice venant de la danse contact pour se saluer, se ren\u00adcon\u00adtrer.<br><br>Tout le monde marche dans la salle, avec soi-m\u00eame. Petit \u00e0&nbsp;petit on \u00ab&nbsp;s\u2019attrape&nbsp;\u00bb par les yeux et on conti\u00adnue \u00e0&nbsp;mar\u00adcher, on s\u2019attrape avec tous ceux qu\u2019on croise. Puis on s\u2019attrape avec les mains, par\u00adfois on fait un petit tour, puis par d\u2019autres par\u00adties du corps, comme \u00e7a vient, on y&nbsp;ajou\u00adtant la voix, des sons, des mots, tou\u00adjours en mar\u00adchant.<br><br>Arr\u00eat. Je demande que se passe-t-il en vous main\u00adte\u00adnant&nbsp;? Qu\u2019est-ce que vous sen\u00adtez&nbsp;? Quelques mots sortent&nbsp;: cha\u00adleur, joie \u2026<br><br>On conti\u00adnue \u00e0&nbsp;bou\u00adger dans la salle, comme \u00e7a nous vient, \u00e0&nbsp;obser\u00adver ce qui se passe en nous. La voix prend une place impor\u00adtante, des rythmes dif\u00adf\u00e9\u00adrents se font entendre, des petits groupes se forment \u2013 apr\u00e8s mon inci\u00adta\u00adtion \u00e0&nbsp;se regrou\u00adper avec ceux et celles qui sont dans un rythme sem\u00adblable. Petit \u00e0&nbsp;petit ces dif\u00adf\u00e9\u00adrents rythmes forment un seul ensemble pen\u00addant quelques ins\u00adtants. Assez \u00e9ton\u00adnant.<br><br>Nou\u00advel arr\u00eat&nbsp;: qu\u2019est-ce qui se passe&nbsp;? Qu\u2019est-ce que vous voyez comme mou\u00adve\u00adment qui viennent&nbsp;? Un mon\u00adsieur voyait des oies, d\u2019autres des cloches, des balan\u00adce\u00adments, de l\u2019eau, des vagues, des mou\u00adve\u00adments de machine. On conti\u00adnue et je rajoute une musique en pro\u00adpo\u00adsant qu\u2019avec tout \u00e7a, on se mette \u00e0&nbsp;cher\u00adcher le th\u00e8me qui nous \u00e9tait com\u00admun, en mou\u00adve\u00adment sur deux mor\u00adceaux de Bach in Afri\u00adca. Tout le monde s\u2019y met, \u00e7a bouge beau\u00adcoup, la joie est au ren\u00addez-vous. A&nbsp;la fin du mor\u00adceau on s\u2019arr\u00eate et on cherche le th\u00e8me&nbsp;: beau\u00adcoup d\u2019entre nous avaient repris des mou\u00adve\u00adments de machine, balan\u00adce\u00adments, va-et-vient\u2026 et c\u2019est le th\u00e8me de la machine qui a&nbsp;\u00e9t\u00e9 adop\u00adt\u00e9.<br><br>\u2019\u2019\u2019Le forum\u2019\u2019\u2019 : on avait d\u2019abord un petit pro\u00adbl\u00e8me avec la sc\u00e8ne, car le sol \u00e9tait du car\u00adre\u00adlage, avec des tapis dans seule\u00adment un quart de la salle. On s\u2019est assis autour des tapis, sur trois c\u00f4t\u00e9s, puis petit \u00e0&nbsp;petit les chan\u00adteurs se sont mis der\u00adri\u00e8re la sc\u00e8ne. Tr\u00e8s vite la sc\u00e8ne s\u2019est av\u00e9\u00adr\u00e9e trop grande et on s\u2019est res\u00adser\u00adr\u00e9.<br><br>Pen\u00addant assez long\u00adtemps nous sommes res\u00adt\u00e9es trois dan\u00adseuses sur sc\u00e8ne, \u00e0&nbsp;deux reprises les m\u00eames, per\u00adsonne ne ren\u00adtrait, l\u2019\u00e9nergie \u00e9tait retom\u00adb\u00e9e. Je com\u00admen\u00ad\u00e7ais \u00e0&nbsp;m\u2019angoisser. J\u2019ai arr\u00ea\u00adt\u00e9 la deuxi\u00e8me impro puis pos\u00e9 la ques\u00adtion de qu\u2019est-ce qui se pas\u00adsait. Beau\u00adcoup trou\u00advaient que ce n\u2019\u00e9tait pas \u00e9vident pour eux\/elles de ren\u00adtrer car sur sc\u00e8ne il y&nbsp;avait un cer\u00adtain rythme (de la machine) auquel ils\/elles trou\u00advaient dif\u00adfi\u00adcile de s\u2019ajouter et que c\u2019\u00e9tait dif\u00adfi\u00adcile d\u2019accorder son rythme int\u00e9\u00adrieur avec celui de \u00ab&nbsp;la machine&nbsp;\u00bb sur sc\u00e8ne. Puis on a&nbsp;par\u00adl\u00e9 des rythmes dif\u00adf\u00e9\u00adrents qui jus\u00adte\u00adment jouent ensemble dans une machine.<br><br>Je pense aus\u00adsi que le fait que je sois sur sc\u00e8ne a&nbsp;fait peur \u00e0&nbsp;certain\/e\/s, alors que je m\u2019y \u00e9tais mise (entre autres, mais pas seule\u00adment) pour encou\u00adra\u00adger d\u2019autres \u00e0&nbsp;venir. Je suis donc res\u00adt\u00e9e en dehors, et me suis mise avec les chan\u00adteurs et \u00ab&nbsp;fai\u00adseurs de bruits&nbsp;\u00bb.<br><br>L\u00e0, la sc\u00e8ne a&nbsp;com\u00admen\u00adc\u00e9 \u00e0&nbsp;s\u2019ouvrir, de plus en plus de per\u00adsonnes s\u2019y sont mises, l\u2019\u00e9nergie est remon\u00adt\u00e9e, avec des moments de retom\u00adb\u00e9e. C\u2019\u00e9tait comme une machine qui presque s\u2019arr\u00eate, puis quand on pense qu\u2019elle s\u2019\u00e9teint, quelque part une petite roue recom\u00admence \u00e0&nbsp;tour\u00adner, un pis\u00adton \u00e0&nbsp;se lever et bais\u00adser, des bras qui avancent et reculent. Les sons deve\u00adnaient tan\u00adt\u00f4t des cris\u00adse\u00adments, souf\u00adfle\u00adments, grin\u00adce\u00adments, rata\u00adta\u00adta\u00adtams s\u2019acc\u00e9l\u00e9rant puis des plof\u00adplof\u00adplof ralen\u00adtis\u00adsants. Devant nous se d\u00e9ployait un spec\u00adtacle assez hal\u00adlu\u00adci\u00adnant de petites et grandes roues qui tournent les unes dans les autres, ensemble ou a&nbsp;contra\u00adrio, de lourds poids qui s\u2019\u00e9l\u00e8vent et retombent lour\u00adde\u00adment, et se rel\u00e8vent et retombent, des cha\u00eenes qui se d\u00e9roulent\u2026 Impres\u00adsion\u00adnant&nbsp;!<br><br>Tout le monde pris dans la machine, soit par le corps, la voix ou le regard et les tripes pen\u00addant bien vingt minutes. Impos\u00adsible \u00e0&nbsp;arr\u00ea\u00adter. Elle nous a&nbsp;fait trans\u00adpi\u00adrer et jubi\u00adler, a&nbsp;don\u00adn\u00e9 la chair de poule \u00e0&nbsp;cer\u00adtains, cette machine dont on a&nbsp;com\u00adpris \u00e0&nbsp;la fin que c\u2019\u00e9tait sur\u00adtout une ques\u00adtion d\u2019\u00e9nergie et de ten\u00adsion qui la fai\u00adsait mar\u00adcher, vivre.<br><br>\u00ab Comme une machine \u00e0&nbsp;laver&nbsp;\u00bb, disait une des jeunes filles. Une exp\u00e9\u00adrience tr\u00e8s riche, bien qu\u2019en y&nbsp;pen\u00adsant main\u00adte\u00adnant, on aurait pu aller plus loin dans la pro\u00adbl\u00e9\u00adma\u00adti\u00adsa\u00adtion, sur\u00adtout sur les paral\u00adl\u00e8les et dif\u00adf\u00e9\u00adrences avec l\u2019\u00eatre humain.<br><br>A suivre\u2026<br><br>Johan\u00adna Bouchardeau<\/p><p style=\"color:green; text-align:right !important;\">Article cr\u00e9\u00e9 le 16\/02\/2020<\/p>","protected":false},"excerpt":{"rendered":"<p>Danse forum\u2192 Comptes-ren\u00ad\u00addus des ate\u00adliers\u2192 For\u00adcal\u00adquier\u2192 Danse forum et Chant Prin\u00adtemps !! La machine- 28 mars&nbsp;2009&nbsp;J\u2019avais beau\u00adcoup d\u2019h\u00e9sitations et de ques\u00adtion\u00adne\u00adments pour cet ate\u00adlier, car c\u2019\u00e9tait la pre\u00admi\u00e8re fois que j\u2019en diri\u00adgeais un avec ce public. Nous \u00e9tions au moins vingt cinq per\u00adsonnes, dont envi\u00adron la moi\u00adti\u00e9 des per\u00adsonnes en situa\u00adtion d\u2019handicap. Comme une des \u00e9du\u00adca\u00adtrices avait deman\u00add\u00e9 un \u00e9chauf\u00adfe\u00adment plus struc\u00adtu\u00adr\u00e9, plus diri\u00adg\u00e9 que lors de notre pre\u00admi\u00e8re ren\u00adcontre en 2008, j\u2019avais dans un pre\u00admier temps pro\u00adpo\u00ads\u00e9 \u00e0&nbsp;Elisabeth&nbsp;[\u2026]<\/p>\n","protected":false},"author":2,"featured_media":0,"comment_status":"open","ping_status":"open","sticky":false,"template":"","format":"standard","meta":{"wp_typography_post_enhancements_disabled":false,"footnotes":""},"categories":[136],"tags":[213],"class_list":["post-136","post","type-post","status-publish","format-standard","hentry","category-df_et_chant_printemps","tag-df_chantprintemps"],"yoast_head":"<!-- This site is optimized with the Yoast SEO plugin v27.5 - https:\/\/yoast.com\/product\/yoast-seo-wordpress\/ -->\n<title>La machine - Le TILT<\/title>\n<meta name=\"robots\" content=\"index, follow, max-snippet:-1, max-image-preview:large, max-video-preview:-1\" \/>\n<link rel=\"canonical\" href=\"https:\/\/www.leti.lt\/wordpress\/danseforum-lamachine\/\" \/>\n<meta property=\"og:locale\" content=\"fr_FR\" \/>\n<meta property=\"og:type\" content=\"article\" \/>\n<meta property=\"og:title\" content=\"La machine - Le TILT\" \/>\n<meta property=\"og:description\" content=\"Danse forum\u2192 Comptes-ren\u00addus des ate\u00adliers\u2192 For\u00adcal\u00adquier\u2192 Danse forum et Chant Printemps !! La machine- 28 mars&nbsp;2009 J\u2019avais beau\u00adcoup d\u2019h\u00e9sitations et de ques\u00adtion\u00adne\u00adments pour cet ate\u00adlier, car c\u2019\u00e9tait la pre\u00admi\u00e8re fois que j\u2019en diri\u00adgeais un avec ce public. Nous \u00e9tions au moins vingt cinq per\u00adsonnes, dont envi\u00adron la moi\u00adti\u00e9 des per\u00adsonnes en situa\u00adtion d\u2019handicap. Comme une des \u00e9du\u00adca\u00adtrices avait deman\u00add\u00e9 un \u00e9chauf\u00adfe\u00adment plus struc\u00adtu\u00adr\u00e9, plus diri\u00adg\u00e9 que lors de notre pre\u00admi\u00e8re ren\u00adcontre en 2008, j\u2019avais dans un pre\u00admier temps pro\u00adpo\u00ads\u00e9 \u00e0&nbsp;Eli\u00adsa\u00adbeth [&hellip;]\" \/>\n<meta property=\"og:url\" content=\"https:\/\/www.leti.lt\/wordpress\/danseforum-lamachine\/\" \/>\n<meta property=\"og:site_name\" content=\"Le TILT\" \/>\n<meta property=\"article:published_time\" content=\"2020-02-16T14:30:32+00:00\" \/>\n<meta name=\"author\" content=\"Andr\u00e9ine Bel\" \/>\n<meta name=\"twitter:card\" content=\"summary_large_image\" \/>\n<meta name=\"twitter:label1\" content=\"\u00c9crit par\" \/>\n\t<meta name=\"twitter:data1\" content=\"Andr\u00e9ine Bel\" \/>\n\t<meta name=\"twitter:label2\" content=\"Dur\u00e9e de lecture estim\u00e9e\" \/>\n\t<meta name=\"twitter:data2\" content=\"5 minutes\" \/>\n<script type=\"application\/ld+json\" class=\"yoast-schema-graph\">{\"@context\":\"https:\\\/\\\/schema.org\",\"@graph\":[{\"@type\":\"Article\",\"@id\":\"https:\\\/\\\/www.leti.lt\\\/wordpress\\\/danseforum-lamachine\\\/#article\",\"isPartOf\":{\"@id\":\"https:\\\/\\\/www.leti.lt\\\/wordpress\\\/danseforum-lamachine\\\/\"},\"author\":{\"name\":\"Andr\u00e9ine Bel\",\"@id\":\"https:\\\/\\\/www.leti.lt\\\/wordpress\\\/#\\\/schema\\\/person\\\/9bb307b2af8fbb575bb3603e57951f75\"},\"headline\":\"La machine\",\"datePublished\":\"2020-02-16T14:30:32+00:00\",\"mainEntityOfPage\":{\"@id\":\"https:\\\/\\\/www.leti.lt\\\/wordpress\\\/danseforum-lamachine\\\/\"},\"wordCount\":937,\"commentCount\":0,\"keywords\":[\"DF_ChantPrintemps\"],\"articleSection\":[\"Chant Printemps\"],\"inLanguage\":\"fr-FR\",\"potentialAction\":[{\"@type\":\"CommentAction\",\"name\":\"Comment\",\"target\":[\"https:\\\/\\\/www.leti.lt\\\/wordpress\\\/danseforum-lamachine\\\/#respond\"]}]},{\"@type\":\"WebPage\",\"@id\":\"https:\\\/\\\/www.leti.lt\\\/wordpress\\\/danseforum-lamachine\\\/\",\"url\":\"https:\\\/\\\/www.leti.lt\\\/wordpress\\\/danseforum-lamachine\\\/\",\"name\":\"La machine - Le TILT\",\"isPartOf\":{\"@id\":\"https:\\\/\\\/www.leti.lt\\\/wordpress\\\/#website\"},\"datePublished\":\"2020-02-16T14:30:32+00:00\",\"author\":{\"@id\":\"https:\\\/\\\/www.leti.lt\\\/wordpress\\\/#\\\/schema\\\/person\\\/9bb307b2af8fbb575bb3603e57951f75\"},\"breadcrumb\":{\"@id\":\"https:\\\/\\\/www.leti.lt\\\/wordpress\\\/danseforum-lamachine\\\/#breadcrumb\"},\"inLanguage\":\"fr-FR\",\"potentialAction\":[{\"@type\":\"ReadAction\",\"target\":[\"https:\\\/\\\/www.leti.lt\\\/wordpress\\\/danseforum-lamachine\\\/\"]}]},{\"@type\":\"BreadcrumbList\",\"@id\":\"https:\\\/\\\/www.leti.lt\\\/wordpress\\\/danseforum-lamachine\\\/#breadcrumb\",\"itemListElement\":[{\"@type\":\"ListItem\",\"position\":1,\"name\":\"Accueil\",\"item\":\"https:\\\/\\\/www.leti.lt\\\/wordpress\\\/\"},{\"@type\":\"ListItem\",\"position\":2,\"name\":\"La machine\"}]},{\"@type\":\"WebSite\",\"@id\":\"https:\\\/\\\/www.leti.lt\\\/wordpress\\\/#website\",\"url\":\"https:\\\/\\\/www.leti.lt\\\/wordpress\\\/\",\"name\":\"Le TILT\",\"description\":\"Recherche, publication, cr\u00e9ation artistique\",\"potentialAction\":[{\"@type\":\"SearchAction\",\"target\":{\"@type\":\"EntryPoint\",\"urlTemplate\":\"https:\\\/\\\/www.leti.lt\\\/wordpress\\\/?s={search_term_string}\"},\"query-input\":{\"@type\":\"PropertyValueSpecification\",\"valueRequired\":true,\"valueName\":\"search_term_string\"}}],\"inLanguage\":\"fr-FR\"},{\"@type\":\"Person\",\"@id\":\"https:\\\/\\\/www.leti.lt\\\/wordpress\\\/#\\\/schema\\\/person\\\/9bb307b2af8fbb575bb3603e57951f75\",\"name\":\"Andr\u00e9ine Bel\",\"image\":{\"@type\":\"ImageObject\",\"inLanguage\":\"fr-FR\",\"@id\":\"https:\\\/\\\/secure.gravatar.com\\\/avatar\\\/4ab041ec7c7ad3b90293023e86528ec1a700ce2971ff61811b2df6b288dd1f38?s=96&d=identicon&r=g\",\"url\":\"https:\\\/\\\/secure.gravatar.com\\\/avatar\\\/4ab041ec7c7ad3b90293023e86528ec1a700ce2971ff61811b2df6b288dd1f38?s=96&d=identicon&r=g\",\"contentUrl\":\"https:\\\/\\\/secure.gravatar.com\\\/avatar\\\/4ab041ec7c7ad3b90293023e86528ec1a700ce2971ff61811b2df6b288dd1f38?s=96&d=identicon&r=g\",\"caption\":\"Andr\u00e9ine Bel\"},\"url\":\"https:\\\/\\\/www.leti.lt\\\/wordpress\\\/author\\\/andreine\\\/\"}]}<\/script>\n<!-- \/ Yoast SEO plugin. -->","yoast_head_json":{"title":"La machine - Le TILT","robots":{"index":"index","follow":"follow","max-snippet":"max-snippet:-1","max-image-preview":"max-image-preview:large","max-video-preview":"max-video-preview:-1"},"canonical":"https:\/\/www.leti.lt\/wordpress\/danseforum-lamachine\/","og_locale":"fr_FR","og_type":"article","og_title":"La machine - Le TILT","og_description":"Danse forum\u2192 Comptes-ren\u00addus des ate\u00adliers\u2192 For\u00adcal\u00adquier\u2192 Danse forum et Chant Printemps !! La machine- 28 mars&nbsp;2009 J\u2019avais beau\u00adcoup d\u2019h\u00e9sitations et de ques\u00adtion\u00adne\u00adments pour cet ate\u00adlier, car c\u2019\u00e9tait la pre\u00admi\u00e8re fois que j\u2019en diri\u00adgeais un avec ce public. Nous \u00e9tions au moins vingt cinq per\u00adsonnes, dont envi\u00adron la moi\u00adti\u00e9 des per\u00adsonnes en situa\u00adtion d\u2019handicap. Comme une des \u00e9du\u00adca\u00adtrices avait deman\u00add\u00e9 un \u00e9chauf\u00adfe\u00adment plus struc\u00adtu\u00adr\u00e9, plus diri\u00adg\u00e9 que lors de notre pre\u00admi\u00e8re ren\u00adcontre en 2008, j\u2019avais dans un pre\u00admier temps pro\u00adpo\u00ads\u00e9 \u00e0&nbsp;Eli\u00adsa\u00adbeth [&hellip;]","og_url":"https:\/\/www.leti.lt\/wordpress\/danseforum-lamachine\/","og_site_name":"Le TILT","article_published_time":"2020-02-16T14:30:32+00:00","author":"Andr\u00e9ine Bel","twitter_card":"summary_large_image","twitter_misc":{"\u00c9crit par":"Andr\u00e9ine Bel","Dur\u00e9e de lecture estim\u00e9e":"5 minutes"},"schema":{"@context":"https:\/\/schema.org","@graph":[{"@type":"Article","@id":"https:\/\/www.leti.lt\/wordpress\/danseforum-lamachine\/#article","isPartOf":{"@id":"https:\/\/www.leti.lt\/wordpress\/danseforum-lamachine\/"},"author":{"name":"Andr\u00e9ine Bel","@id":"https:\/\/www.leti.lt\/wordpress\/#\/schema\/person\/9bb307b2af8fbb575bb3603e57951f75"},"headline":"La machine","datePublished":"2020-02-16T14:30:32+00:00","mainEntityOfPage":{"@id":"https:\/\/www.leti.lt\/wordpress\/danseforum-lamachine\/"},"wordCount":937,"commentCount":0,"keywords":["DF_ChantPrintemps"],"articleSection":["Chant Printemps"],"inLanguage":"fr-FR","potentialAction":[{"@type":"CommentAction","name":"Comment","target":["https:\/\/www.leti.lt\/wordpress\/danseforum-lamachine\/#respond"]}]},{"@type":"WebPage","@id":"https:\/\/www.leti.lt\/wordpress\/danseforum-lamachine\/","url":"https:\/\/www.leti.lt\/wordpress\/danseforum-lamachine\/","name":"La machine - Le TILT","isPartOf":{"@id":"https:\/\/www.leti.lt\/wordpress\/#website"},"datePublished":"2020-02-16T14:30:32+00:00","author":{"@id":"https:\/\/www.leti.lt\/wordpress\/#\/schema\/person\/9bb307b2af8fbb575bb3603e57951f75"},"breadcrumb":{"@id":"https:\/\/www.leti.lt\/wordpress\/danseforum-lamachine\/#breadcrumb"},"inLanguage":"fr-FR","potentialAction":[{"@type":"ReadAction","target":["https:\/\/www.leti.lt\/wordpress\/danseforum-lamachine\/"]}]},{"@type":"BreadcrumbList","@id":"https:\/\/www.leti.lt\/wordpress\/danseforum-lamachine\/#breadcrumb","itemListElement":[{"@type":"ListItem","position":1,"name":"Accueil","item":"https:\/\/www.leti.lt\/wordpress\/"},{"@type":"ListItem","position":2,"name":"La machine"}]},{"@type":"WebSite","@id":"https:\/\/www.leti.lt\/wordpress\/#website","url":"https:\/\/www.leti.lt\/wordpress\/","name":"Le TILT","description":"Recherche, publication, cr\u00e9ation artistique","potentialAction":[{"@type":"SearchAction","target":{"@type":"EntryPoint","urlTemplate":"https:\/\/www.leti.lt\/wordpress\/?s={search_term_string}"},"query-input":{"@type":"PropertyValueSpecification","valueRequired":true,"valueName":"search_term_string"}}],"inLanguage":"fr-FR"},{"@type":"Person","@id":"https:\/\/www.leti.lt\/wordpress\/#\/schema\/person\/9bb307b2af8fbb575bb3603e57951f75","name":"Andr\u00e9ine Bel","image":{"@type":"ImageObject","inLanguage":"fr-FR","@id":"https:\/\/secure.gravatar.com\/avatar\/4ab041ec7c7ad3b90293023e86528ec1a700ce2971ff61811b2df6b288dd1f38?s=96&d=identicon&r=g","url":"https:\/\/secure.gravatar.com\/avatar\/4ab041ec7c7ad3b90293023e86528ec1a700ce2971ff61811b2df6b288dd1f38?s=96&d=identicon&r=g","contentUrl":"https:\/\/secure.gravatar.com\/avatar\/4ab041ec7c7ad3b90293023e86528ec1a700ce2971ff61811b2df6b288dd1f38?s=96&d=identicon&r=g","caption":"Andr\u00e9ine Bel"},"url":"https:\/\/www.leti.lt\/wordpress\/author\/andreine\/"}]}},"_links":{"self":[{"href":"https:\/\/www.leti.lt\/wordpress\/wp-json\/wp\/v2\/posts\/136","targetHints":{"allow":["GET"]}}],"collection":[{"href":"https:\/\/www.leti.lt\/wordpress\/wp-json\/wp\/v2\/posts"}],"about":[{"href":"https:\/\/www.leti.lt\/wordpress\/wp-json\/wp\/v2\/types\/post"}],"author":[{"embeddable":true,"href":"https:\/\/www.leti.lt\/wordpress\/wp-json\/wp\/v2\/users\/2"}],"replies":[{"embeddable":true,"href":"https:\/\/www.leti.lt\/wordpress\/wp-json\/wp\/v2\/comments?post=136"}],"version-history":[{"count":0,"href":"https:\/\/www.leti.lt\/wordpress\/wp-json\/wp\/v2\/posts\/136\/revisions"}],"wp:attachment":[{"href":"https:\/\/www.leti.lt\/wordpress\/wp-json\/wp\/v2\/media?parent=136"}],"wp:term":[{"taxonomy":"category","embeddable":true,"href":"https:\/\/www.leti.lt\/wordpress\/wp-json\/wp\/v2\/categories?post=136"},{"taxonomy":"post_tag","embeddable":true,"href":"https:\/\/www.leti.lt\/wordpress\/wp-json\/wp\/v2\/tags?post=136"}],"curies":[{"name":"wp","href":"https:\/\/api.w.org\/{rel}","templated":true}]}}