{"id":134,"date":"2020-02-16T15:30:32","date_gmt":"2020-02-16T14:30:32","guid":{"rendered":"https:\/\/www.leti.lt\/wordpress\/?p=134"},"modified":"-0001-11-30T00:00:00","modified_gmt":"-0001-11-29T22:00:00","slug":"danseforum-lajustesse","status":"publish","type":"post","link":"https:\/\/www.leti.lt\/wordpress\/danseforum-lajustesse\/","title":{"rendered":"La justesse"},"content":{"rendered":"<p><a href=\"https:\/\/www.leti.lt\/wordpress\/danseforum-danseforum\/\">Danse forum<\/a><br>\u2192 <a href=\"https:\/\/www.leti.lt\/wordpress\/danseforum-comptesrendusateliers\/\">Comptes-ren\u00addus des ate\u00adliers<\/a><br>\u2192 <a href=\"https:\/\/www.leti.lt\/wordpress\/danseforum-lambesc\/\">Lam\u00adbesc<\/a><br><br>!! La jus\u00adtesse \u2013 9&nbsp;mai 2009<br><br>Nous \u00e9tions treize pour nous pen\u00adcher sur \u00ab&nbsp;la jus\u00adtesse&nbsp;\u00bb, th\u00e8me \u00e9mer\u00adg\u00e9 de l\u2019\u00e9chauffement et mis en fric\u00adtion avec celui de l\u2019agora et de l\u2019ego.<br><br>Autant vous dire que la jus\u00adtesse a&nbsp;\u00e9t\u00e9 sur tous les plans, ce qui fait que nous n\u2019avons eu aucun mal \u00e0&nbsp;voir tous les endroits o\u00f9 elle man\u00adquait\u2026<br><br>Pour la pre\u00admi\u00e8re fois, notre bilan a&nbsp;per\u00admis \u00e0&nbsp;cha\u00adcun de prendre le temps de s\u2019exprimer. L\u2019exercice cri\u00adtique a&nbsp;por\u00adt\u00e9 ses fruits, que je vous sou\u00admets ici, la jus\u00adtesse \u00e9tant \u00e0&nbsp;l\u2019ordre du jour aus\u00adsi pen\u00addant le bilan.<br><br>De retour \u00e0&nbsp;Venelles, Ber\u00adnard, Johan\u00adna, Nadine et moi avons revu la nuit m\u00eame, qui fut longue, tous les points expri\u00adm\u00e9s, pesant le pour et le contre de chaque pro\u00adpo\u00adsi\u00adtion des par\u00adti\u00adci\u00adpants. Voi\u00adci le r\u00e9su\u00adm\u00e9 de ces ajus\u00adte\u00adments qu\u2019il reste \u00e0&nbsp;mettre en \u0153uvre.<br><br>\u2019\u2019\u2019Dans l\u2019ensemble&nbsp;:\u2019\u2019\u2019<br><br>Temps de parole trop long&nbsp;: veiller \u00e0&nbsp;la dyna\u00admique de la parole au m\u00eame titre que celle de la musique. Pour le joker, oser inter\u00adrompre la parole.<br>Recom\u00adman\u00adda\u00adtion envers les spec\u00adta\u00adteurs&nbsp;: par\u00adler \u00e0&nbsp;par\u00adtir de la n\u00e9ces\u00adsi\u00adt\u00e9 de par\u00adler, selon la sen\u00adsa\u00adtion de la parole.<br><br>\u2019\u2019\u2019L\u2019\u00e9chauffement :\u2019\u2019\u2019<br><br>*M\u00eame si cela prend un peu de temps, le tour de parole est en fait n\u00e9ces\u00adsaire entre chaque \u00e9tape, pour ceux qui ne peuvent mettre en mots leurs sen\u00adsa\u00adtions ou leurs obser\u00adva\u00adtions pen\u00addant la pra\u00adtique. Ce temps de parole est garant de l\u2019\u00e9mergence en dou\u00adceur du th\u00e8me qui sera le notre pen\u00addant le forum. Pour ma part, je vois l\u2019\u00e9chauffement comme un barat\u00adte\u00adment. Il faut barat\u00adter long\u00adtemps pour que la cr\u00e8me se forme et affleure la sur\u00adface&nbsp;! Il en va de m\u00eame du th\u00e8me.<br><br>* \u00ab&nbsp;L\u2019\u00e9veil des muscles&nbsp;\u00bb semble suivre avan\u00adta\u00adgeu\u00adse\u00adment \u00ab&nbsp;l\u2019\u00e9veil des sen\u00adsa\u00adtions&nbsp;\u00bb et com\u00adpl\u00e9\u00adter l\u2019\u00e9chauffement phy\u00adsique. C\u2019\u00e9tait une pre\u00admi\u00e8re, et elle \u00e9tait bonne\u2026<br><br>* Il a&nbsp;\u00e9t\u00e9 remar\u00adqu\u00e9 que la notion d\u2019espace n\u2019avait pas \u00e9t\u00e9 abor\u00add\u00e9e pen\u00addant l\u2019\u00e9chauffement, ce qui a&nbsp;ren\u00addu dif\u00adfi\u00adcile l\u2019utilisation de l\u2019espace sc\u00e9\u00adnique. La sen\u00adsi\u00adbi\u00adli\u00adt\u00e9 \u00e0&nbsp;l\u2019espace a&nbsp;mis du temps \u00e0&nbsp;se r\u00e9veiller, nous en avons tous pris conscience.<br><br>En effet, au d\u00e9but de l\u2019\u00e9chauffement, cha\u00adcun choi\u00adsit \u00ab&nbsp;son&nbsp;\u00bb espace dans la salle, o\u00f9 il se sent bien. Apr\u00e8s la pre\u00admi\u00e8re phase de l\u2019\u00e9veil des sen\u00adsa\u00adtions, nous fai\u00adsons le point avec un retour oral. Faire le point de nos places res\u00adpec\u00adtives \u00e9vite les d\u00e9pla\u00adce\u00adments inutiles.<br><br>Mais lors du 2\u00b0 et\/ou 3\u00b0 point, se regrou\u00adper en cercle pen\u00addant le temps de parole est en fait sou\u00adhai\u00adtable. Cela per\u00admet ensuite de choi\u00adsir sa place en fonc\u00adtion de celle des autres par\u00adti\u00adci\u00adpants. Un pre\u00admier lien d\u2019espace et de dis\u00adtances se tisse entre les par\u00adti\u00adci\u00adpants, ser\u00advant de pr\u00e9\u00adpa\u00adra\u00adtion \u00e0&nbsp;entrer dans l\u2019espace sc\u00e9\u00adnique pen\u00addant le forum.<br><br>* Les exer\u00adcices de dyna\u00admique de groupe et d\u2019\u00e9chauffement volon\u00adtaire parais\u00adsaient n\u00e9ces\u00adsaires \u00e0&nbsp;cer\u00adtains par\u00adti\u00adci\u00adpants pour ins\u00adtau\u00adrer une dyna\u00admique, et faire connais\u00adsance avec les nou\u00advelles per\u00adsonnes. Ces exer\u00adcices ont toute leur per\u00adti\u00adnence en TF, qui part d\u2019une pi\u00e8ce \u00e9crite et rejou\u00e9e. Mais en DF, ils ins\u00adtal\u00adle\u00adraient un rap\u00adport volon\u00adtaire au corps, ren\u00addant dif\u00adfi\u00adcile ensuite la voie de l\u2019involontaire, du spon\u00adta\u00adn\u00e9 et de l\u2019inconscient.<br><br>\u2019\u2019\u2019La pause :\u2019\u2019\u2019<br><br>Elle peut se faire entre l\u2019\u00e9chauffement et le forum, ou entre le forum et le bilan. A&nbsp;modu\u00adler en fonc\u00adtion du temps impar\u00adti, des horaires, de la dyna\u00admique glo\u00adbale de la DF\u2026 et des ventres qui crient famine et r\u00e9clament nour\u00adri\u00adtures ter\u00adrestres.<br><br>\u2019\u2019\u2019Le th\u00e8me :\u2019\u2019\u2019<br><br>M\u00e9lan\u00adger la recherche du th\u00e8me et sa pro\u00adbl\u00e9\u00adma\u00adti\u00adsa\u00adtion est une erreur sou\u00advent faite et qui vole du temps \u00e0&nbsp;la danse.<br><br>(Quand le th\u00e8me est trou\u00adv\u00e9, le joker doit le sen\u00adtir et pro\u00adpo\u00adser de suite de l\u2019explorer ges\u00adtuel\u00adle\u00adment, sans pas\u00adser par la parole.)<br><br>\u2019\u2019\u2019La pro\u00adbl\u00e9\u00adma\u00adti\u00adsa\u00adtion :\u2019\u2019\u2019<br><br>* Pos\u00adsi\u00adbi\u00adli\u00adt\u00e9 de la d\u00e9mon\u00adtrer phy\u00adsi\u00adque\u00adment en m\u00eame temps que son arti\u00adcu\u00adla\u00adtion orale (nous en avons eu la m\u00e9ta\u00add\u00e9\u00admons\u00adtra\u00adtion pro\u00adbante.<br><br>* Rame\u00adner le th\u00e8me dans le c\u0153ur de la pro\u00adbl\u00e9\u00adma\u00adti\u00adsa\u00adtion est un effort n\u00e9ces\u00adsaire pour qu\u2019elle ne s\u2019\u00e9chappe vers d\u2019autres th\u00e8mes, par simple r\u00e9flexe de faci\u00adli\u00adt\u00e9. Jux\u00adta\u00adpo\u00adser th\u00e8me et ques\u00adtion lors de la pro\u00adbl\u00e9\u00adma\u00adti\u00adsa\u00adtion est un exer\u00adcice salu\u00adtaire en ce sens.<br><br>\u2019\u2019\u2019La fin du forum :\u2019\u2019\u2019<br><br>* Le res\u00adser\u00adre\u00adment est n\u00e9ces\u00adsaire autour du th\u00e8me, non pas pour clore la dis\u00adcus\u00adsion, mais jus\u00adte\u00adment pour ouvrir les ques\u00adtions \u00e0&nbsp;venir, ce que nous avons omis de faire\u2026<br><br>* \u00c9vi\u00adter en danse la fin genre f\u00eate patro\u00adnale, dans laquelle nous avons som\u00adbr\u00e9 avec une cer\u00adtain d\u00e9lice, n\u00e9an\u00admoins\u2026<br><br>La jus\u00adtesse, vous dis-je, il n\u2019y a&nbsp;que \u00e7a de vrai\u2026<br><br>Andr\u00e9ine Bel,<br><br>d\u2019apr\u00e8s les retours oraux pen\u00addant l\u2019atelier, de&nbsp;: Andr\u00e9ine B, Chan\u00adtal T, Eli\u00adsa\u00adbeth D, H\u00e9l\u00e8ne R, Jean-Paul T, Jo\u00eblle L, Johan\u00adna B, Leo\u00adnar\u00addo C, Lila N, Nadine G, Nicole H, Soa\u00adzic O.<br><br>(:line\u00adbreaks:)<br>Nu\u00e9e d\u2019oies sau\u00advages<br>le champ devant ma porte<br>semble s\u2019\u00e9loigner<br><br>Yosa Buson<\/p><p style=\"color:green; text-align:right !important;\">Article cr\u00e9\u00e9 le 16\/02\/2020<\/p>","protected":false},"excerpt":{"rendered":"<p>Danse forum\u2192 Comptes-ren\u00ad\u00addus des ate\u00adliers\u2192 Lam\u00adbesc !! La jus\u00adtesse \u2013 9&nbsp;mai 2009 Nous \u00e9tions treize pour nous pen\u00adcher sur \u00ab&nbsp;la jus\u00adtesse&nbsp;\u00bb, th\u00e8me \u00e9mer\u00adg\u00e9 de l\u2019\u00e9chauffement et mis en fric\u00adtion avec celui de l\u2019agora et de l\u2019ego. Autant vous dire que la jus\u00adtesse a&nbsp;\u00e9t\u00e9 sur tous les plans, ce qui fait que nous n\u2019avons eu aucun mal \u00e0&nbsp;voir tous les endroits o\u00f9 elle man\u00adquait\u2026 Pour la pre\u00admi\u00e8re fois, notre bilan a&nbsp;per\u00admis \u00e0&nbsp;cha\u00adcun de prendre le temps de s\u2019exprimer. L\u2019exercice cri\u00adtique a&nbsp;port\u00e9&nbsp;[\u2026]<\/p>\n","protected":false},"author":2,"featured_media":0,"comment_status":"open","ping_status":"open","sticky":false,"template":"","format":"standard","meta":{"wp_typography_post_enhancements_disabled":false,"footnotes":""},"categories":[184],"tags":[208],"class_list":["post-134","post","type-post","status-publish","format-standard","hentry","category-ateliers_lambesc","tag-df_lambesc"],"yoast_head":"<!-- This site is optimized with the Yoast SEO plugin v27.5 - https:\/\/yoast.com\/product\/yoast-seo-wordpress\/ -->\n<title>La justesse - Le TILT<\/title>\n<meta name=\"robots\" content=\"index, follow, max-snippet:-1, max-image-preview:large, max-video-preview:-1\" \/>\n<link rel=\"canonical\" href=\"https:\/\/www.leti.lt\/wordpress\/danseforum-lajustesse\/\" \/>\n<meta property=\"og:locale\" content=\"fr_FR\" \/>\n<meta property=\"og:type\" content=\"article\" \/>\n<meta property=\"og:title\" content=\"La justesse - Le TILT\" \/>\n<meta property=\"og:description\" content=\"Danse forum\u2192 Comptes-ren\u00addus des ate\u00adliers\u2192 Lam\u00adbesc !! La jus\u00adtesse \u2013 9&nbsp;mai 2009 Nous \u00e9tions treize pour nous pen\u00adcher sur \u00ab&nbsp;la jus\u00adtesse&nbsp;\u00bb, th\u00e8me \u00e9mer\u00adg\u00e9 de l\u2019\u00e9chauffement et mis en fric\u00adtion avec celui de l\u2019agora et de l\u2019ego. Autant vous dire que la jus\u00adtesse a&nbsp;\u00e9t\u00e9 sur tous les plans, ce qui fait que nous n\u2019avons eu aucun mal \u00e0&nbsp;voir tous les endroits o\u00f9 elle manquait\u2026 Pour la pre\u00admi\u00e8re fois, notre bilan a&nbsp;per\u00admis \u00e0&nbsp;cha\u00adcun de prendre le temps de s\u2019exprimer. L\u2019exercice cri\u00adtique a&nbsp;por\u00adt\u00e9 [&hellip;]\" \/>\n<meta property=\"og:url\" content=\"https:\/\/www.leti.lt\/wordpress\/danseforum-lajustesse\/\" \/>\n<meta property=\"og:site_name\" content=\"Le TILT\" \/>\n<meta property=\"article:published_time\" content=\"2020-02-16T14:30:32+00:00\" \/>\n<meta name=\"author\" content=\"Andr\u00e9ine Bel\" \/>\n<meta name=\"twitter:card\" content=\"summary_large_image\" \/>\n<meta name=\"twitter:label1\" content=\"\u00c9crit par\" \/>\n\t<meta name=\"twitter:data1\" content=\"Andr\u00e9ine Bel\" \/>\n\t<meta name=\"twitter:label2\" content=\"Dur\u00e9e de lecture estim\u00e9e\" \/>\n\t<meta name=\"twitter:data2\" content=\"4 minutes\" \/>\n<script type=\"application\/ld+json\" class=\"yoast-schema-graph\">{\"@context\":\"https:\\\/\\\/schema.org\",\"@graph\":[{\"@type\":\"Article\",\"@id\":\"https:\\\/\\\/www.leti.lt\\\/wordpress\\\/danseforum-lajustesse\\\/#article\",\"isPartOf\":{\"@id\":\"https:\\\/\\\/www.leti.lt\\\/wordpress\\\/danseforum-lajustesse\\\/\"},\"author\":{\"name\":\"Andr\u00e9ine Bel\",\"@id\":\"https:\\\/\\\/www.leti.lt\\\/wordpress\\\/#\\\/schema\\\/person\\\/9bb307b2af8fbb575bb3603e57951f75\"},\"headline\":\"La justesse\",\"datePublished\":\"2020-02-16T14:30:32+00:00\",\"mainEntityOfPage\":{\"@id\":\"https:\\\/\\\/www.leti.lt\\\/wordpress\\\/danseforum-lajustesse\\\/\"},\"wordCount\":842,\"commentCount\":0,\"keywords\":[\"DF_Lambesc\"],\"articleSection\":[\"Ateliers Lambesc\"],\"inLanguage\":\"fr-FR\",\"potentialAction\":[{\"@type\":\"CommentAction\",\"name\":\"Comment\",\"target\":[\"https:\\\/\\\/www.leti.lt\\\/wordpress\\\/danseforum-lajustesse\\\/#respond\"]}]},{\"@type\":\"WebPage\",\"@id\":\"https:\\\/\\\/www.leti.lt\\\/wordpress\\\/danseforum-lajustesse\\\/\",\"url\":\"https:\\\/\\\/www.leti.lt\\\/wordpress\\\/danseforum-lajustesse\\\/\",\"name\":\"La justesse - Le TILT\",\"isPartOf\":{\"@id\":\"https:\\\/\\\/www.leti.lt\\\/wordpress\\\/#website\"},\"datePublished\":\"2020-02-16T14:30:32+00:00\",\"author\":{\"@id\":\"https:\\\/\\\/www.leti.lt\\\/wordpress\\\/#\\\/schema\\\/person\\\/9bb307b2af8fbb575bb3603e57951f75\"},\"breadcrumb\":{\"@id\":\"https:\\\/\\\/www.leti.lt\\\/wordpress\\\/danseforum-lajustesse\\\/#breadcrumb\"},\"inLanguage\":\"fr-FR\",\"potentialAction\":[{\"@type\":\"ReadAction\",\"target\":[\"https:\\\/\\\/www.leti.lt\\\/wordpress\\\/danseforum-lajustesse\\\/\"]}]},{\"@type\":\"BreadcrumbList\",\"@id\":\"https:\\\/\\\/www.leti.lt\\\/wordpress\\\/danseforum-lajustesse\\\/#breadcrumb\",\"itemListElement\":[{\"@type\":\"ListItem\",\"position\":1,\"name\":\"Accueil\",\"item\":\"https:\\\/\\\/www.leti.lt\\\/wordpress\\\/\"},{\"@type\":\"ListItem\",\"position\":2,\"name\":\"La justesse\"}]},{\"@type\":\"WebSite\",\"@id\":\"https:\\\/\\\/www.leti.lt\\\/wordpress\\\/#website\",\"url\":\"https:\\\/\\\/www.leti.lt\\\/wordpress\\\/\",\"name\":\"Le TILT\",\"description\":\"Recherche, publication, cr\u00e9ation artistique\",\"potentialAction\":[{\"@type\":\"SearchAction\",\"target\":{\"@type\":\"EntryPoint\",\"urlTemplate\":\"https:\\\/\\\/www.leti.lt\\\/wordpress\\\/?s={search_term_string}\"},\"query-input\":{\"@type\":\"PropertyValueSpecification\",\"valueRequired\":true,\"valueName\":\"search_term_string\"}}],\"inLanguage\":\"fr-FR\"},{\"@type\":\"Person\",\"@id\":\"https:\\\/\\\/www.leti.lt\\\/wordpress\\\/#\\\/schema\\\/person\\\/9bb307b2af8fbb575bb3603e57951f75\",\"name\":\"Andr\u00e9ine Bel\",\"image\":{\"@type\":\"ImageObject\",\"inLanguage\":\"fr-FR\",\"@id\":\"https:\\\/\\\/secure.gravatar.com\\\/avatar\\\/4ab041ec7c7ad3b90293023e86528ec1a700ce2971ff61811b2df6b288dd1f38?s=96&d=identicon&r=g\",\"url\":\"https:\\\/\\\/secure.gravatar.com\\\/avatar\\\/4ab041ec7c7ad3b90293023e86528ec1a700ce2971ff61811b2df6b288dd1f38?s=96&d=identicon&r=g\",\"contentUrl\":\"https:\\\/\\\/secure.gravatar.com\\\/avatar\\\/4ab041ec7c7ad3b90293023e86528ec1a700ce2971ff61811b2df6b288dd1f38?s=96&d=identicon&r=g\",\"caption\":\"Andr\u00e9ine Bel\"},\"url\":\"https:\\\/\\\/www.leti.lt\\\/wordpress\\\/author\\\/andreine\\\/\"}]}<\/script>\n<!-- \/ Yoast SEO plugin. -->","yoast_head_json":{"title":"La justesse - Le TILT","robots":{"index":"index","follow":"follow","max-snippet":"max-snippet:-1","max-image-preview":"max-image-preview:large","max-video-preview":"max-video-preview:-1"},"canonical":"https:\/\/www.leti.lt\/wordpress\/danseforum-lajustesse\/","og_locale":"fr_FR","og_type":"article","og_title":"La justesse - Le TILT","og_description":"Danse forum\u2192 Comptes-ren\u00addus des ate\u00adliers\u2192 Lam\u00adbesc !! La jus\u00adtesse \u2013 9&nbsp;mai 2009 Nous \u00e9tions treize pour nous pen\u00adcher sur \u00ab&nbsp;la jus\u00adtesse&nbsp;\u00bb, th\u00e8me \u00e9mer\u00adg\u00e9 de l\u2019\u00e9chauffement et mis en fric\u00adtion avec celui de l\u2019agora et de l\u2019ego. Autant vous dire que la jus\u00adtesse a&nbsp;\u00e9t\u00e9 sur tous les plans, ce qui fait que nous n\u2019avons eu aucun mal \u00e0&nbsp;voir tous les endroits o\u00f9 elle manquait\u2026 Pour la pre\u00admi\u00e8re fois, notre bilan a&nbsp;per\u00admis \u00e0&nbsp;cha\u00adcun de prendre le temps de s\u2019exprimer. L\u2019exercice cri\u00adtique a&nbsp;por\u00adt\u00e9 [&hellip;]","og_url":"https:\/\/www.leti.lt\/wordpress\/danseforum-lajustesse\/","og_site_name":"Le TILT","article_published_time":"2020-02-16T14:30:32+00:00","author":"Andr\u00e9ine Bel","twitter_card":"summary_large_image","twitter_misc":{"\u00c9crit par":"Andr\u00e9ine Bel","Dur\u00e9e de lecture estim\u00e9e":"4 minutes"},"schema":{"@context":"https:\/\/schema.org","@graph":[{"@type":"Article","@id":"https:\/\/www.leti.lt\/wordpress\/danseforum-lajustesse\/#article","isPartOf":{"@id":"https:\/\/www.leti.lt\/wordpress\/danseforum-lajustesse\/"},"author":{"name":"Andr\u00e9ine Bel","@id":"https:\/\/www.leti.lt\/wordpress\/#\/schema\/person\/9bb307b2af8fbb575bb3603e57951f75"},"headline":"La justesse","datePublished":"2020-02-16T14:30:32+00:00","mainEntityOfPage":{"@id":"https:\/\/www.leti.lt\/wordpress\/danseforum-lajustesse\/"},"wordCount":842,"commentCount":0,"keywords":["DF_Lambesc"],"articleSection":["Ateliers Lambesc"],"inLanguage":"fr-FR","potentialAction":[{"@type":"CommentAction","name":"Comment","target":["https:\/\/www.leti.lt\/wordpress\/danseforum-lajustesse\/#respond"]}]},{"@type":"WebPage","@id":"https:\/\/www.leti.lt\/wordpress\/danseforum-lajustesse\/","url":"https:\/\/www.leti.lt\/wordpress\/danseforum-lajustesse\/","name":"La justesse - Le TILT","isPartOf":{"@id":"https:\/\/www.leti.lt\/wordpress\/#website"},"datePublished":"2020-02-16T14:30:32+00:00","author":{"@id":"https:\/\/www.leti.lt\/wordpress\/#\/schema\/person\/9bb307b2af8fbb575bb3603e57951f75"},"breadcrumb":{"@id":"https:\/\/www.leti.lt\/wordpress\/danseforum-lajustesse\/#breadcrumb"},"inLanguage":"fr-FR","potentialAction":[{"@type":"ReadAction","target":["https:\/\/www.leti.lt\/wordpress\/danseforum-lajustesse\/"]}]},{"@type":"BreadcrumbList","@id":"https:\/\/www.leti.lt\/wordpress\/danseforum-lajustesse\/#breadcrumb","itemListElement":[{"@type":"ListItem","position":1,"name":"Accueil","item":"https:\/\/www.leti.lt\/wordpress\/"},{"@type":"ListItem","position":2,"name":"La justesse"}]},{"@type":"WebSite","@id":"https:\/\/www.leti.lt\/wordpress\/#website","url":"https:\/\/www.leti.lt\/wordpress\/","name":"Le TILT","description":"Recherche, publication, cr\u00e9ation artistique","potentialAction":[{"@type":"SearchAction","target":{"@type":"EntryPoint","urlTemplate":"https:\/\/www.leti.lt\/wordpress\/?s={search_term_string}"},"query-input":{"@type":"PropertyValueSpecification","valueRequired":true,"valueName":"search_term_string"}}],"inLanguage":"fr-FR"},{"@type":"Person","@id":"https:\/\/www.leti.lt\/wordpress\/#\/schema\/person\/9bb307b2af8fbb575bb3603e57951f75","name":"Andr\u00e9ine Bel","image":{"@type":"ImageObject","inLanguage":"fr-FR","@id":"https:\/\/secure.gravatar.com\/avatar\/4ab041ec7c7ad3b90293023e86528ec1a700ce2971ff61811b2df6b288dd1f38?s=96&d=identicon&r=g","url":"https:\/\/secure.gravatar.com\/avatar\/4ab041ec7c7ad3b90293023e86528ec1a700ce2971ff61811b2df6b288dd1f38?s=96&d=identicon&r=g","contentUrl":"https:\/\/secure.gravatar.com\/avatar\/4ab041ec7c7ad3b90293023e86528ec1a700ce2971ff61811b2df6b288dd1f38?s=96&d=identicon&r=g","caption":"Andr\u00e9ine Bel"},"url":"https:\/\/www.leti.lt\/wordpress\/author\/andreine\/"}]}},"_links":{"self":[{"href":"https:\/\/www.leti.lt\/wordpress\/wp-json\/wp\/v2\/posts\/134","targetHints":{"allow":["GET"]}}],"collection":[{"href":"https:\/\/www.leti.lt\/wordpress\/wp-json\/wp\/v2\/posts"}],"about":[{"href":"https:\/\/www.leti.lt\/wordpress\/wp-json\/wp\/v2\/types\/post"}],"author":[{"embeddable":true,"href":"https:\/\/www.leti.lt\/wordpress\/wp-json\/wp\/v2\/users\/2"}],"replies":[{"embeddable":true,"href":"https:\/\/www.leti.lt\/wordpress\/wp-json\/wp\/v2\/comments?post=134"}],"version-history":[{"count":0,"href":"https:\/\/www.leti.lt\/wordpress\/wp-json\/wp\/v2\/posts\/134\/revisions"}],"wp:attachment":[{"href":"https:\/\/www.leti.lt\/wordpress\/wp-json\/wp\/v2\/media?parent=134"}],"wp:term":[{"taxonomy":"category","embeddable":true,"href":"https:\/\/www.leti.lt\/wordpress\/wp-json\/wp\/v2\/categories?post=134"},{"taxonomy":"post_tag","embeddable":true,"href":"https:\/\/www.leti.lt\/wordpress\/wp-json\/wp\/v2\/tags?post=134"}],"curies":[{"name":"wp","href":"https:\/\/api.w.org\/{rel}","templated":true}]}}