{"id":133,"date":"2020-02-16T15:30:32","date_gmt":"2020-02-16T14:30:32","guid":{"rendered":"https:\/\/www.leti.lt\/wordpress\/?p=133"},"modified":"-0001-11-30T00:00:00","modified_gmt":"-0001-11-29T22:00:00","slug":"danseforum-lafatigue","status":"publish","type":"post","link":"https:\/\/www.leti.lt\/wordpress\/danseforum-lafatigue\/","title":{"rendered":"La fatigue"},"content":{"rendered":"<p><a href=\"https:\/\/www.leti.lt\/wordpress\/danseforum-danseforum\/\">Danse forum<\/a><br>\u2192 <a href=\"https:\/\/www.leti.lt\/wordpress\/danseforum-comptesrendusateliers\/\">Comptes-ren\u00addus des ate\u00adliers<\/a><br>\u2192 <a href=\"https:\/\/www.leti.lt\/wordpress\/danseforum-lambesc\/\">Lam\u00adbesc<\/a><br><br>!!La fatigue \u2013 13 octobre 2007<br><br>Nous \u00e9tions cinq, comme les doigts de la main, avec un petit doigt res\u00adt\u00e9 \u00e0&nbsp;l\u2019\u00e9cart, vigi\u00adlant et obser\u00adva\u00adteur\u2026<br><br>Ce qui a&nbsp;domi\u00adn\u00e9 de suite, c\u2019est la fatigue, et, pour la pre\u00admi\u00e8re fois, nous l\u2019avons prise \u00e0&nbsp;bras le corps.<br><br>Avec cette pre\u00admi\u00e8re ques\u00adtion&nbsp;: si la sen\u00adsa\u00adtion indique le besoin au point de se confondre avec lui, comme nous en avons fait sou\u00advent l\u2019exp\u00e9rience, la fatigue serait-elle un besoin&nbsp;?<br><br>Sans la fatigue, com\u00adment per\u00adce\u00advoir nos limites, et sur\u00adtout les besoins qu\u2019elle signale&nbsp;? Sans per\u00adcep\u00adtion ou \u00e9coute des sen\u00adsa\u00adtions qu\u2019elle pro\u00adcure, la fatigue s\u2019installe et se cache, nous le consta\u00adtons dans nos vies.<br><br>Quelle soit phy\u00adsique, men\u00adtale ou \u00e9mo\u00adtion\u00adnelle, nous avons exp\u00e9\u00adri\u00admen\u00adt\u00e9 ce soir-l\u00e0 com\u00adbien la fatigue qui s\u2019exprime nous ralen\u00adtit, nous tend, nous refroi\u00addit, nous met \u00e0&nbsp;vif.<br><br>\u00ab Aller dans&nbsp;\u00bb les sen\u00adsa\u00adtions qu\u2019elle pro\u00adcure, curieu\u00adse\u00adment, a&nbsp;d\u00e9fa\u00adti\u00adgu\u00e9 cer\u00adtains. L\u2019un d\u2019entre nous s\u2019en est \u00e9ton\u00adn\u00e9&nbsp;: cela ne me fatigue pas d\u2019aller dans ma fatigue, au contraire&nbsp;!<br><br>Mais cela peut aus\u00adsi r\u00e9veiller une vieille fatigue, comme une par\u00adti\u00adci\u00adpante l\u2019a per\u00ad\u00e7u. Une fatigue enfouie, loca\u00adli\u00ads\u00e9e, qui va et vient au fil des ann\u00e9es, et qui \u00e0&nbsp;ce moment-l\u00e0 se r\u00e9v\u00e8le dans toute sa dimen\u00adsion dou\u00adlou\u00adreuse, puis passe de nou\u00adveau.<br><br>Dan\u00adser la fatigue telle qu\u2019elle nous habite n\u2019est pas banal&nbsp;: de l\u2019ext\u00e9rieur, on ne voit rien ou presque. Mais de l\u2019int\u00e9rieur, se mettent en route des fr\u00e9\u00admis\u00adse\u00adments, \u00e9ti\u00adre\u00adments et contrac\u00adtions invo\u00adlon\u00adtaires, des prises d\u2019appui, l\u2019apport de cha\u00adleur par le contact du corps avec le corps, le recro\u00adque\u00adville\u00adment, le recen\u00adtrage et la sen\u00adsa\u00adtion de se poser. Tout tra\u00advaille en sour\u00addine, il n\u2019y a&nbsp;qu\u2019\u00e0 se lais\u00adser gui\u00adder.<br><br>Cette d\u00e9cou\u00adverte des mou\u00adve\u00adments int\u00e9\u00adrieurs presque invi\u00adsibles \u00e0&nbsp;l\u2019\u0153il ext\u00e9\u00adrieur par\u00adti\u00adcipe de l\u2019infra-technique, qui s\u2019\u00e9labore en auto-appren\u00adtis\u00adsage, faci\u00adli\u00adtant l\u2019apprentissage. Il faut d\u2019abord fabri\u00adquer la peau pour pou\u00advoir endos\u00adser l\u2019habit et qu\u2019il s\u2019ajuste comme si l\u2019on \u00e9tait n\u00e9 dedans.<br><br>L\u2019habit, c\u2019est Leo\u00adnar\u00addo qui nous l\u2019a fait d\u00e9cou\u00advrir, par un exer\u00adcice tech\u00adnique de pra\u00adtique volon\u00adtaire des appuis. Son choix allait dans le sens de ce que nous avions explo\u00adr\u00e9 intui\u00adti\u00adve\u00adment.<br><br>Il nous a&nbsp;fait sen\u00adtir, allon\u00adg\u00e9s, les appuis pas\u00adsifs du corps pos\u00e9 sur le sol, puis les appuis l\u00e9g\u00e8\u00adre\u00adment pres\u00ads\u00e9s des talons, hanches et \u00e9paules, obser\u00advant ce que cela fait bou\u00adger en nous \u00e0&nbsp;chaque \u00e9tape. Puis, une jambe pli\u00e9e, l\u2019appui de la plante du pied sur le sol et ses r\u00e9per\u00adcus\u00adsions sur la hanche qui se sou\u00adl\u00e8ve, la colonne, le cou et la t\u00eate. Enfin, les deux jambes repli\u00e9es, l\u2019appui des pieds alterne dou\u00adce\u00adment avec le sou\u00adle\u00adv\u00e9 mini\u00admal des pieds, op\u00e9\u00adrant une bas\u00adcule bas\u00adsin-t\u00eate.<br><br>A la pause, nous avons red\u00e9\u00adfi\u00adni la per\u00adti\u00adnence de cette approche tech\u00adnique dans le contexte de la danse forum. Il s\u2019agit d\u2019une tech\u00adnique non nor\u00adma\u00adtive, qui pro\u00adpose au corps des mou\u00adve\u00adments ou pos\u00adtures qu\u2019il s\u2019approprie et qui nour\u00adrissent la sen\u00adsa\u00adtion. Jusqu\u2019\u00e0 pr\u00e9\u00adsent, nous allions plus de la sen\u00adsa\u00adtion vers le mou\u00adve\u00adment, ici nous allons plus du mou\u00adve\u00adment vers la sen\u00adsa\u00adtion. Les deux approches se nour\u00adrissent mul\u00adtuel\u00adle\u00adment et affinent conscience et per\u00adcep\u00adtion, \u00e0&nbsp;la fois des mou\u00adve\u00adments et des sen\u00adsa\u00adtions.<br><br>Que l\u2019on parte du mou\u00adve\u00adment ou de la sen\u00adsa\u00adtion, la neu\u00adtra\u00adli\u00adt\u00e9 est vis\u00e9e, pour jus\u00adte\u00adment que puisse spon\u00adta\u00adn\u00e9\u00adment jaillir l\u2019\u00e9motion. [C\u2019est ce qu\u2019Eugenio Bar\u00adba nomme la \u00ab&nbsp;pr\u00e9-expres\u00adsi\u00advi\u00adt\u00e9&nbsp;\u00bb, cette tech\u00adnique ges\u00adtuelle \u00ab&nbsp;d\u2019avant l\u2019expression&nbsp;\u00bb que lui ont ins\u00adpi\u00adr\u00e9 cer\u00adtains arts sc\u00e9\u00adniques orien\u00adtaux, du Japon et de l\u2019Inde sur\u00adtout.]<br><br>Nous nous sommes aus\u00adsi pos\u00e9s la ques\u00adtion du meilleur moment pour cet exer\u00adcice tech\u00adnique qui nous m\u00e8ne \u00e0&nbsp;la pr\u00e9-expres\u00adsi\u00advi\u00adt\u00e9&nbsp;: serait-ce au tout d\u00e9but de l\u2019\u00e9chauffement, pour faci\u00adli\u00adter l\u2019acc\u00e8s de la danse forum aux nou\u00adveaux&nbsp;? Un exer\u00adcice diri\u00adg\u00e9 est tou\u00adjours plus ras\u00adsu\u00adrant qu\u2019une impro\u00advi\u00adsa\u00adtion sans consigne autre que de se relier aux sen\u00adsa\u00adtions. Nous gar\u00addons les deux pos\u00adsi\u00adbi\u00adli\u00adt\u00e9s, en d\u00e9but ou en fin de pre\u00admi\u00e8re par\u00adtie, selon qui est pr\u00e9\u00adsent et ce qui se passe entre nous.<br><br>Le forum s\u2019est peu \u00e0&nbsp;peu diri\u00adg\u00e9 vers l\u2019interaction de dif\u00adf\u00e9\u00adrentes fatigues, la conta\u00admi\u00adna\u00adtion (se sen\u00adtir fati\u00adgu\u00e9 rien que de voir les autres fati\u00adgu\u00e9s), ou au contraire l\u2019\u00e9veil acc\u00e9\u00adl\u00e9\u00adr\u00e9 des forces de res\u00adtau\u00adra\u00adtion.<br><br>Le c\u00f4t\u00e9 \u00e9mo\u00adtion\u00adnel de la fatigue a&nbsp;\u00e9t\u00e9 per\u00adcep\u00adtible. La souf\u00adfrance de cette fatigue ancienne est venue \u00e0&nbsp;la sur\u00adface, pour refaire place \u00e0&nbsp;la \u00ab&nbsp;simple&nbsp;\u00bb dou\u00adleur, fusse-t-elle extr\u00eame&nbsp;: tou\u00adcher du dos sa fatigue a&nbsp;fini par la d\u00e9lier, en lui ren\u00addant sa neu\u00adtra\u00adli\u00adt\u00e9.<br><br>C\u2019est sur un chant slave que le forum s\u2019est ache\u00adv\u00e9, enta\u00admant la marche de l\u2019humanit\u00e9, une femme entre deux hommes pro\u00adgres\u00adsant contre vents et mar\u00e9es, l\u00e0 o\u00f9 seule la voix peut encore s\u2019envoler en liber\u00adt\u00e9.<br><br>Andr\u00e9ine Bel<br><br>D\u2019apr\u00e8s les retours de&nbsp;: Aman\u00adda L, Andr\u00e9ine B, Laurent B, Leo\u00adnar\u00addo C, Sabine D.<\/p><p style=\"color:green; text-align:right !important;\">Article cr\u00e9\u00e9 le 16\/02\/2020<\/p>","protected":false},"excerpt":{"rendered":"<p>Danse forum\u2192 Comptes-ren\u00ad\u00addus des ate\u00adliers\u2192 Lam\u00adbesc !!La fatigue \u2013 13 octobre 2007 Nous \u00e9tions cinq, comme les doigts de la main, avec un petit doigt res\u00adt\u00e9 \u00e0&nbsp;l\u2019\u00e9cart, vigi\u00adlant et obser\u00adva\u00adteur\u2026 Ce qui a&nbsp;domi\u00adn\u00e9 de suite, c\u2019est la fatigue, et, pour la pre\u00admi\u00e8re fois, nous l\u2019avons prise \u00e0&nbsp;bras le&nbsp;corps. Avec cette pre\u00admi\u00e8re ques\u00adtion&nbsp;: si la sen\u00adsa\u00adtion indique le besoin au point de se confondre avec lui, comme nous en avons fait sou\u00advent l\u2019exp\u00e9rience, la fatigue serait-elle un besoin&nbsp;? Sans la fatigue,&nbsp;[\u2026]<\/p>\n","protected":false},"author":2,"featured_media":0,"comment_status":"open","ping_status":"open","sticky":false,"template":"","format":"standard","meta":{"wp_typography_post_enhancements_disabled":false,"footnotes":""},"categories":[184],"tags":[208],"class_list":["post-133","post","type-post","status-publish","format-standard","hentry","category-ateliers_lambesc","tag-df_lambesc"],"yoast_head":"<!-- This site is optimized with the Yoast SEO plugin v27.5 - https:\/\/yoast.com\/product\/yoast-seo-wordpress\/ -->\n<title>La fatigue - Le TILT<\/title>\n<meta name=\"robots\" content=\"index, follow, max-snippet:-1, max-image-preview:large, max-video-preview:-1\" \/>\n<link rel=\"canonical\" href=\"https:\/\/www.leti.lt\/wordpress\/danseforum-lafatigue\/\" \/>\n<meta property=\"og:locale\" content=\"fr_FR\" \/>\n<meta property=\"og:type\" content=\"article\" \/>\n<meta property=\"og:title\" content=\"La fatigue - Le TILT\" \/>\n<meta property=\"og:description\" content=\"Danse forum\u2192 Comptes-ren\u00addus des ate\u00adliers\u2192 Lam\u00adbesc !!La fatigue \u2013 13 octobre 2007 Nous \u00e9tions cinq, comme les doigts de la main, avec un petit doigt res\u00adt\u00e9 \u00e0&nbsp;l\u2019\u00e9cart, vigi\u00adlant et observateur\u2026 Ce qui a&nbsp;domi\u00adn\u00e9 de suite, c\u2019est la fatigue, et, pour la pre\u00admi\u00e8re fois, nous l\u2019avons prise \u00e0&nbsp;bras le&nbsp;corps. Avec cette pre\u00admi\u00e8re ques\u00adtion&nbsp;: si la sen\u00adsa\u00adtion indique le besoin au point de se confondre avec lui, comme nous en avons fait sou\u00advent l\u2019exp\u00e9rience, la fatigue serait-elle un besoin&nbsp;? Sans la fatigue, [&hellip;]\" \/>\n<meta property=\"og:url\" content=\"https:\/\/www.leti.lt\/wordpress\/danseforum-lafatigue\/\" \/>\n<meta property=\"og:site_name\" content=\"Le TILT\" \/>\n<meta property=\"article:published_time\" content=\"2020-02-16T14:30:32+00:00\" \/>\n<meta name=\"author\" content=\"Andr\u00e9ine Bel\" \/>\n<meta name=\"twitter:card\" content=\"summary_large_image\" \/>\n<meta name=\"twitter:label1\" content=\"\u00c9crit par\" \/>\n\t<meta name=\"twitter:data1\" content=\"Andr\u00e9ine Bel\" \/>\n\t<meta name=\"twitter:label2\" content=\"Dur\u00e9e de lecture estim\u00e9e\" \/>\n\t<meta name=\"twitter:data2\" content=\"4 minutes\" \/>\n<script type=\"application\/ld+json\" class=\"yoast-schema-graph\">{\"@context\":\"https:\\\/\\\/schema.org\",\"@graph\":[{\"@type\":\"Article\",\"@id\":\"https:\\\/\\\/www.leti.lt\\\/wordpress\\\/danseforum-lafatigue\\\/#article\",\"isPartOf\":{\"@id\":\"https:\\\/\\\/www.leti.lt\\\/wordpress\\\/danseforum-lafatigue\\\/\"},\"author\":{\"name\":\"Andr\u00e9ine Bel\",\"@id\":\"https:\\\/\\\/www.leti.lt\\\/wordpress\\\/#\\\/schema\\\/person\\\/9bb307b2af8fbb575bb3603e57951f75\"},\"headline\":\"La fatigue\",\"datePublished\":\"2020-02-16T14:30:32+00:00\",\"mainEntityOfPage\":{\"@id\":\"https:\\\/\\\/www.leti.lt\\\/wordpress\\\/danseforum-lafatigue\\\/\"},\"wordCount\":858,\"commentCount\":0,\"keywords\":[\"DF_Lambesc\"],\"articleSection\":[\"Ateliers Lambesc\"],\"inLanguage\":\"fr-FR\",\"potentialAction\":[{\"@type\":\"CommentAction\",\"name\":\"Comment\",\"target\":[\"https:\\\/\\\/www.leti.lt\\\/wordpress\\\/danseforum-lafatigue\\\/#respond\"]}]},{\"@type\":\"WebPage\",\"@id\":\"https:\\\/\\\/www.leti.lt\\\/wordpress\\\/danseforum-lafatigue\\\/\",\"url\":\"https:\\\/\\\/www.leti.lt\\\/wordpress\\\/danseforum-lafatigue\\\/\",\"name\":\"La fatigue - Le TILT\",\"isPartOf\":{\"@id\":\"https:\\\/\\\/www.leti.lt\\\/wordpress\\\/#website\"},\"datePublished\":\"2020-02-16T14:30:32+00:00\",\"author\":{\"@id\":\"https:\\\/\\\/www.leti.lt\\\/wordpress\\\/#\\\/schema\\\/person\\\/9bb307b2af8fbb575bb3603e57951f75\"},\"breadcrumb\":{\"@id\":\"https:\\\/\\\/www.leti.lt\\\/wordpress\\\/danseforum-lafatigue\\\/#breadcrumb\"},\"inLanguage\":\"fr-FR\",\"potentialAction\":[{\"@type\":\"ReadAction\",\"target\":[\"https:\\\/\\\/www.leti.lt\\\/wordpress\\\/danseforum-lafatigue\\\/\"]}]},{\"@type\":\"BreadcrumbList\",\"@id\":\"https:\\\/\\\/www.leti.lt\\\/wordpress\\\/danseforum-lafatigue\\\/#breadcrumb\",\"itemListElement\":[{\"@type\":\"ListItem\",\"position\":1,\"name\":\"Accueil\",\"item\":\"https:\\\/\\\/www.leti.lt\\\/wordpress\\\/\"},{\"@type\":\"ListItem\",\"position\":2,\"name\":\"La fatigue\"}]},{\"@type\":\"WebSite\",\"@id\":\"https:\\\/\\\/www.leti.lt\\\/wordpress\\\/#website\",\"url\":\"https:\\\/\\\/www.leti.lt\\\/wordpress\\\/\",\"name\":\"Le TILT\",\"description\":\"Recherche, publication, cr\u00e9ation artistique\",\"potentialAction\":[{\"@type\":\"SearchAction\",\"target\":{\"@type\":\"EntryPoint\",\"urlTemplate\":\"https:\\\/\\\/www.leti.lt\\\/wordpress\\\/?s={search_term_string}\"},\"query-input\":{\"@type\":\"PropertyValueSpecification\",\"valueRequired\":true,\"valueName\":\"search_term_string\"}}],\"inLanguage\":\"fr-FR\"},{\"@type\":\"Person\",\"@id\":\"https:\\\/\\\/www.leti.lt\\\/wordpress\\\/#\\\/schema\\\/person\\\/9bb307b2af8fbb575bb3603e57951f75\",\"name\":\"Andr\u00e9ine Bel\",\"image\":{\"@type\":\"ImageObject\",\"inLanguage\":\"fr-FR\",\"@id\":\"https:\\\/\\\/secure.gravatar.com\\\/avatar\\\/4ab041ec7c7ad3b90293023e86528ec1a700ce2971ff61811b2df6b288dd1f38?s=96&d=identicon&r=g\",\"url\":\"https:\\\/\\\/secure.gravatar.com\\\/avatar\\\/4ab041ec7c7ad3b90293023e86528ec1a700ce2971ff61811b2df6b288dd1f38?s=96&d=identicon&r=g\",\"contentUrl\":\"https:\\\/\\\/secure.gravatar.com\\\/avatar\\\/4ab041ec7c7ad3b90293023e86528ec1a700ce2971ff61811b2df6b288dd1f38?s=96&d=identicon&r=g\",\"caption\":\"Andr\u00e9ine Bel\"},\"url\":\"https:\\\/\\\/www.leti.lt\\\/wordpress\\\/author\\\/andreine\\\/\"}]}<\/script>\n<!-- \/ Yoast SEO plugin. -->","yoast_head_json":{"title":"La fatigue - Le TILT","robots":{"index":"index","follow":"follow","max-snippet":"max-snippet:-1","max-image-preview":"max-image-preview:large","max-video-preview":"max-video-preview:-1"},"canonical":"https:\/\/www.leti.lt\/wordpress\/danseforum-lafatigue\/","og_locale":"fr_FR","og_type":"article","og_title":"La fatigue - Le TILT","og_description":"Danse forum\u2192 Comptes-ren\u00addus des ate\u00adliers\u2192 Lam\u00adbesc !!La fatigue \u2013 13 octobre 2007 Nous \u00e9tions cinq, comme les doigts de la main, avec un petit doigt res\u00adt\u00e9 \u00e0&nbsp;l\u2019\u00e9cart, vigi\u00adlant et observateur\u2026 Ce qui a&nbsp;domi\u00adn\u00e9 de suite, c\u2019est la fatigue, et, pour la pre\u00admi\u00e8re fois, nous l\u2019avons prise \u00e0&nbsp;bras le&nbsp;corps. Avec cette pre\u00admi\u00e8re ques\u00adtion&nbsp;: si la sen\u00adsa\u00adtion indique le besoin au point de se confondre avec lui, comme nous en avons fait sou\u00advent l\u2019exp\u00e9rience, la fatigue serait-elle un besoin&nbsp;? Sans la fatigue, [&hellip;]","og_url":"https:\/\/www.leti.lt\/wordpress\/danseforum-lafatigue\/","og_site_name":"Le TILT","article_published_time":"2020-02-16T14:30:32+00:00","author":"Andr\u00e9ine Bel","twitter_card":"summary_large_image","twitter_misc":{"\u00c9crit par":"Andr\u00e9ine Bel","Dur\u00e9e de lecture estim\u00e9e":"4 minutes"},"schema":{"@context":"https:\/\/schema.org","@graph":[{"@type":"Article","@id":"https:\/\/www.leti.lt\/wordpress\/danseforum-lafatigue\/#article","isPartOf":{"@id":"https:\/\/www.leti.lt\/wordpress\/danseforum-lafatigue\/"},"author":{"name":"Andr\u00e9ine Bel","@id":"https:\/\/www.leti.lt\/wordpress\/#\/schema\/person\/9bb307b2af8fbb575bb3603e57951f75"},"headline":"La fatigue","datePublished":"2020-02-16T14:30:32+00:00","mainEntityOfPage":{"@id":"https:\/\/www.leti.lt\/wordpress\/danseforum-lafatigue\/"},"wordCount":858,"commentCount":0,"keywords":["DF_Lambesc"],"articleSection":["Ateliers Lambesc"],"inLanguage":"fr-FR","potentialAction":[{"@type":"CommentAction","name":"Comment","target":["https:\/\/www.leti.lt\/wordpress\/danseforum-lafatigue\/#respond"]}]},{"@type":"WebPage","@id":"https:\/\/www.leti.lt\/wordpress\/danseforum-lafatigue\/","url":"https:\/\/www.leti.lt\/wordpress\/danseforum-lafatigue\/","name":"La fatigue - Le TILT","isPartOf":{"@id":"https:\/\/www.leti.lt\/wordpress\/#website"},"datePublished":"2020-02-16T14:30:32+00:00","author":{"@id":"https:\/\/www.leti.lt\/wordpress\/#\/schema\/person\/9bb307b2af8fbb575bb3603e57951f75"},"breadcrumb":{"@id":"https:\/\/www.leti.lt\/wordpress\/danseforum-lafatigue\/#breadcrumb"},"inLanguage":"fr-FR","potentialAction":[{"@type":"ReadAction","target":["https:\/\/www.leti.lt\/wordpress\/danseforum-lafatigue\/"]}]},{"@type":"BreadcrumbList","@id":"https:\/\/www.leti.lt\/wordpress\/danseforum-lafatigue\/#breadcrumb","itemListElement":[{"@type":"ListItem","position":1,"name":"Accueil","item":"https:\/\/www.leti.lt\/wordpress\/"},{"@type":"ListItem","position":2,"name":"La fatigue"}]},{"@type":"WebSite","@id":"https:\/\/www.leti.lt\/wordpress\/#website","url":"https:\/\/www.leti.lt\/wordpress\/","name":"Le TILT","description":"Recherche, publication, cr\u00e9ation artistique","potentialAction":[{"@type":"SearchAction","target":{"@type":"EntryPoint","urlTemplate":"https:\/\/www.leti.lt\/wordpress\/?s={search_term_string}"},"query-input":{"@type":"PropertyValueSpecification","valueRequired":true,"valueName":"search_term_string"}}],"inLanguage":"fr-FR"},{"@type":"Person","@id":"https:\/\/www.leti.lt\/wordpress\/#\/schema\/person\/9bb307b2af8fbb575bb3603e57951f75","name":"Andr\u00e9ine Bel","image":{"@type":"ImageObject","inLanguage":"fr-FR","@id":"https:\/\/secure.gravatar.com\/avatar\/4ab041ec7c7ad3b90293023e86528ec1a700ce2971ff61811b2df6b288dd1f38?s=96&d=identicon&r=g","url":"https:\/\/secure.gravatar.com\/avatar\/4ab041ec7c7ad3b90293023e86528ec1a700ce2971ff61811b2df6b288dd1f38?s=96&d=identicon&r=g","contentUrl":"https:\/\/secure.gravatar.com\/avatar\/4ab041ec7c7ad3b90293023e86528ec1a700ce2971ff61811b2df6b288dd1f38?s=96&d=identicon&r=g","caption":"Andr\u00e9ine Bel"},"url":"https:\/\/www.leti.lt\/wordpress\/author\/andreine\/"}]}},"_links":{"self":[{"href":"https:\/\/www.leti.lt\/wordpress\/wp-json\/wp\/v2\/posts\/133","targetHints":{"allow":["GET"]}}],"collection":[{"href":"https:\/\/www.leti.lt\/wordpress\/wp-json\/wp\/v2\/posts"}],"about":[{"href":"https:\/\/www.leti.lt\/wordpress\/wp-json\/wp\/v2\/types\/post"}],"author":[{"embeddable":true,"href":"https:\/\/www.leti.lt\/wordpress\/wp-json\/wp\/v2\/users\/2"}],"replies":[{"embeddable":true,"href":"https:\/\/www.leti.lt\/wordpress\/wp-json\/wp\/v2\/comments?post=133"}],"version-history":[{"count":0,"href":"https:\/\/www.leti.lt\/wordpress\/wp-json\/wp\/v2\/posts\/133\/revisions"}],"wp:attachment":[{"href":"https:\/\/www.leti.lt\/wordpress\/wp-json\/wp\/v2\/media?parent=133"}],"wp:term":[{"taxonomy":"category","embeddable":true,"href":"https:\/\/www.leti.lt\/wordpress\/wp-json\/wp\/v2\/categories?post=133"},{"taxonomy":"post_tag","embeddable":true,"href":"https:\/\/www.leti.lt\/wordpress\/wp-json\/wp\/v2\/tags?post=133"}],"curies":[{"name":"wp","href":"https:\/\/api.w.org\/{rel}","templated":true}]}}