{"id":129,"date":"2020-02-16T15:30:32","date_gmt":"2020-02-16T14:30:32","guid":{"rendered":"https:\/\/www.leti.lt\/wordpress\/?p=129"},"modified":"-0001-11-30T00:00:00","modified_gmt":"-0001-11-29T22:00:00","slug":"danseforum-laconfiance","status":"publish","type":"post","link":"https:\/\/www.leti.lt\/wordpress\/danseforum-laconfiance\/","title":{"rendered":"La confiance"},"content":{"rendered":"<p><a href=\"https:\/\/www.leti.lt\/wordpress\/danseforum-danseforum\/\">Danse forum<\/a><br>\u2192 <a href=\"https:\/\/www.leti.lt\/wordpress\/danseforum-comptesrendusateliers\/\">Comptes-ren\u00addus des ate\u00adliers<\/a><br>\u2192 <a href=\"https:\/\/www.leti.lt\/wordpress\/danseforum-lambesc\/\">Lam\u00adbesc<\/a><br><br>!!La confiance \u2013 17 juin 2006<br><br>Nous \u00e9tions cinq. Les besoins \u00e9taient dif\u00adf\u00e9\u00adrents&nbsp;: s\u2019\u00e9taler et laisse faire, se ras\u00adsem\u00adbler, por\u00adter atten\u00adtion au genou dou\u00adlou\u00adreux, \u00eatre bien, com\u00admen\u00adcer et finir en beau\u00adt\u00e9. Nous avons choi\u00adsi notre espace&nbsp;: milieu de pi\u00e8ce, coin, mur, c\u00f4t\u00e9, fond de salle. Les mor\u00adceaux se sont recol\u00adl\u00e9s peu \u00e0&nbsp;peu, soit pour per\u00admettre de s\u2019endormir, se confor\u00adter, d\u00e9ter\u00admi\u00adner les points d\u2019ancrage de la dou\u00adleur, entrer dans des micro-mou\u00adve\u00adments ou se mobi\u00adli\u00adser.<br><br>Des mou\u00adve\u00adments indi\u00advi\u00adduels, nous sommes pas\u00ads\u00e9s aux mou\u00adve\u00adments \u00e0&nbsp;deux, dos \u00e0&nbsp;dos, puis \u00e0&nbsp;quatre, dos ou face, dans la r\u00e9ponse \u00e0&nbsp;don\u00adner aux besoins de l\u2019un et de l\u2019autre. L\u2019ajustement des besoins a&nbsp;mis en avant la notion de confiance, celle qui s\u2019acquiert et reste tou\u00adjours \u00e0&nbsp;r\u00e9\u00e9va\u00adluer.<br><br>Pause<br><br>La danse forum a&nbsp;natu\u00adrel\u00adle\u00adment pris pour th\u00e8me la confiance, com\u00adment avoir confiance pour rece\u00advoir le poids, et pour le don\u00adner. Com\u00adment celui qui donne son poids \u00e9va\u00adlue la capa\u00adci\u00adt\u00e9 de l\u2019autre \u00e0&nbsp;le rece\u00advoir, et cette \u00e9va\u00adlua\u00adtion est-elle cor\u00adrecte, ou biai\u00ads\u00e9e par ce que l\u2019on croit savoir des capa\u00adci\u00adt\u00e9s d\u2019autrui. Com\u00adment celui qui re\u00e7oit le poids ajuste sa posi\u00adtion pour ne pas se faire mal, pour ins\u00adpi\u00adrer confiance, et enfin pour accueillir le poids de l\u2019autre.<br><br>[Le corps exp\u00e9\u00adri\u00admente concr\u00ea\u00adte\u00adment ce que les mots ou les inten\u00adtions \u00e9chaf\u00adfaudent de notre ima\u00adgi\u00adnaire, de notre m\u00e9moire et de notre volon\u00adt\u00e9. Le dan\u00adseur voit ce qui se r\u00e9a\u00adlise, ou ce qui est d\u00e9cal\u00adl\u00e9. En uti\u00adli\u00adsant le m\u00e9dium du corps, la danse a&nbsp;l\u2019\u00e9norme avan\u00adtage de nous faire exp\u00e9\u00adri\u00admen\u00adter sur le champ si la pro\u00adjec\u00adtion est r\u00e9a\u00adli\u00adsable.] Ce qui fait que natu\u00adrel\u00adle\u00adment, la pro\u00adjec\u00adtion dimi\u00adnue au pro\u00adfit de la sen\u00adsa\u00adtion, guide le plus fiable qui soit pour mettre en \u0153uvre nos capa\u00adci\u00adt\u00e9s. Celles-ci se d\u00e9ploient, avec des por\u00adt\u00e9s et une \u00e9ner\u00adgie toute neuve, dis\u00adpo\u00adnible et confiante.<br><br>Nous avons dan\u00ads\u00e9 beau\u00adcoup en silence, et sinon, accom\u00adpa\u00adgn\u00e9s de Arvo P\u00e4rt et du Sta\u00adbat Mater de Per\u00adgo\u00adl\u00e8s. Le genou a&nbsp;trou\u00adv\u00e9 une \u00e9coute bien\u00adveillante qui a&nbsp;fait que la dou\u00adleur n\u2019a jamais eu \u00e0&nbsp;poin\u00adter son nez\u2026<br><br>Andr\u00e9ine Bel<\/p><p style=\"color:green; text-align:right !important;\">Article cr\u00e9\u00e9 le 16\/02\/2020<\/p>","protected":false},"excerpt":{"rendered":"<p>Danse forum\u2192 Comptes-ren\u00ad\u00addus des ate\u00adliers\u2192 Lam\u00adbesc !!La confiance \u2013 17 juin&nbsp;2006 Nous \u00e9tions cinq. Les besoins \u00e9taient dif\u00adf\u00e9\u00adrents&nbsp;: s\u2019\u00e9taler et laisse faire, se ras\u00adsem\u00adbler, por\u00adter atten\u00adtion au genou dou\u00adlou\u00adreux, \u00eatre bien, com\u00admen\u00adcer et finir en beau\u00adt\u00e9. Nous avons choi\u00adsi notre espace&nbsp;: milieu de pi\u00e8ce, coin, mur, c\u00f4t\u00e9, fond de salle. Les mor\u00adceaux se sont recol\u00adl\u00e9s peu \u00e0&nbsp;peu, soit pour per\u00admettre de s\u2019endormir, se confor\u00adter, d\u00e9ter\u00admi\u00adner les points d\u2019ancrage de la dou\u00adleur, entrer dans des micro-mou\u00ad\u00adve\u00ad\u00adments ou se mobi\u00adli\u00adser. Des mouvements&nbsp;[\u2026]<\/p>\n","protected":false},"author":2,"featured_media":0,"comment_status":"open","ping_status":"open","sticky":false,"template":"","format":"standard","meta":{"wp_typography_post_enhancements_disabled":false,"footnotes":""},"categories":[184],"tags":[208],"class_list":["post-129","post","type-post","status-publish","format-standard","hentry","category-ateliers_lambesc","tag-df_lambesc"],"yoast_head":"<!-- This site is optimized with the Yoast SEO plugin v27.5 - https:\/\/yoast.com\/product\/yoast-seo-wordpress\/ -->\n<title>La confiance - Le TILT<\/title>\n<meta name=\"robots\" content=\"index, follow, max-snippet:-1, max-image-preview:large, max-video-preview:-1\" \/>\n<link rel=\"canonical\" href=\"https:\/\/www.leti.lt\/wordpress\/danseforum-laconfiance\/\" \/>\n<meta property=\"og:locale\" content=\"fr_FR\" \/>\n<meta property=\"og:type\" content=\"article\" \/>\n<meta property=\"og:title\" content=\"La confiance - Le TILT\" \/>\n<meta property=\"og:description\" content=\"Danse forum\u2192 Comptes-ren\u00addus des ate\u00adliers\u2192 Lam\u00adbesc !!La confiance \u2013 17 juin&nbsp;2006 Nous \u00e9tions cinq. Les besoins \u00e9taient dif\u00adf\u00e9\u00adrents&nbsp;: s\u2019\u00e9taler et laisse faire, se ras\u00adsem\u00adbler, por\u00adter atten\u00adtion au genou dou\u00adlou\u00adreux, \u00eatre bien, com\u00admen\u00adcer et finir en beau\u00adt\u00e9. Nous avons choi\u00adsi notre espace&nbsp;: milieu de pi\u00e8ce, coin, mur, c\u00f4t\u00e9, fond de salle. Les mor\u00adceaux se sont recol\u00adl\u00e9s peu \u00e0&nbsp;peu, soit pour per\u00admettre de s\u2019endormir, se confor\u00adter, d\u00e9ter\u00admi\u00adner les points d\u2019ancrage de la dou\u00adleur, entrer dans des micro-mou\u00adve\u00adments ou se mobiliser. Des mou\u00adve\u00adments [&hellip;]\" \/>\n<meta property=\"og:url\" content=\"https:\/\/www.leti.lt\/wordpress\/danseforum-laconfiance\/\" \/>\n<meta property=\"og:site_name\" content=\"Le TILT\" \/>\n<meta property=\"article:published_time\" content=\"2020-02-16T14:30:32+00:00\" \/>\n<meta name=\"author\" content=\"Andr\u00e9ine Bel\" \/>\n<meta name=\"twitter:card\" content=\"summary_large_image\" \/>\n<meta name=\"twitter:label1\" content=\"\u00c9crit par\" \/>\n\t<meta name=\"twitter:data1\" content=\"Andr\u00e9ine Bel\" \/>\n\t<meta name=\"twitter:label2\" content=\"Dur\u00e9e de lecture estim\u00e9e\" \/>\n\t<meta name=\"twitter:data2\" content=\"2 minutes\" \/>\n<script type=\"application\/ld+json\" class=\"yoast-schema-graph\">{\"@context\":\"https:\\\/\\\/schema.org\",\"@graph\":[{\"@type\":\"Article\",\"@id\":\"https:\\\/\\\/www.leti.lt\\\/wordpress\\\/danseforum-laconfiance\\\/#article\",\"isPartOf\":{\"@id\":\"https:\\\/\\\/www.leti.lt\\\/wordpress\\\/danseforum-laconfiance\\\/\"},\"author\":{\"name\":\"Andr\u00e9ine Bel\",\"@id\":\"https:\\\/\\\/www.leti.lt\\\/wordpress\\\/#\\\/schema\\\/person\\\/9bb307b2af8fbb575bb3603e57951f75\"},\"headline\":\"La confiance\",\"datePublished\":\"2020-02-16T14:30:32+00:00\",\"mainEntityOfPage\":{\"@id\":\"https:\\\/\\\/www.leti.lt\\\/wordpress\\\/danseforum-laconfiance\\\/\"},\"wordCount\":376,\"commentCount\":0,\"keywords\":[\"DF_Lambesc\"],\"articleSection\":[\"Ateliers Lambesc\"],\"inLanguage\":\"fr-FR\",\"potentialAction\":[{\"@type\":\"CommentAction\",\"name\":\"Comment\",\"target\":[\"https:\\\/\\\/www.leti.lt\\\/wordpress\\\/danseforum-laconfiance\\\/#respond\"]}]},{\"@type\":\"WebPage\",\"@id\":\"https:\\\/\\\/www.leti.lt\\\/wordpress\\\/danseforum-laconfiance\\\/\",\"url\":\"https:\\\/\\\/www.leti.lt\\\/wordpress\\\/danseforum-laconfiance\\\/\",\"name\":\"La confiance - Le TILT\",\"isPartOf\":{\"@id\":\"https:\\\/\\\/www.leti.lt\\\/wordpress\\\/#website\"},\"datePublished\":\"2020-02-16T14:30:32+00:00\",\"author\":{\"@id\":\"https:\\\/\\\/www.leti.lt\\\/wordpress\\\/#\\\/schema\\\/person\\\/9bb307b2af8fbb575bb3603e57951f75\"},\"breadcrumb\":{\"@id\":\"https:\\\/\\\/www.leti.lt\\\/wordpress\\\/danseforum-laconfiance\\\/#breadcrumb\"},\"inLanguage\":\"fr-FR\",\"potentialAction\":[{\"@type\":\"ReadAction\",\"target\":[\"https:\\\/\\\/www.leti.lt\\\/wordpress\\\/danseforum-laconfiance\\\/\"]}]},{\"@type\":\"BreadcrumbList\",\"@id\":\"https:\\\/\\\/www.leti.lt\\\/wordpress\\\/danseforum-laconfiance\\\/#breadcrumb\",\"itemListElement\":[{\"@type\":\"ListItem\",\"position\":1,\"name\":\"Accueil\",\"item\":\"https:\\\/\\\/www.leti.lt\\\/wordpress\\\/\"},{\"@type\":\"ListItem\",\"position\":2,\"name\":\"La confiance\"}]},{\"@type\":\"WebSite\",\"@id\":\"https:\\\/\\\/www.leti.lt\\\/wordpress\\\/#website\",\"url\":\"https:\\\/\\\/www.leti.lt\\\/wordpress\\\/\",\"name\":\"Le TILT\",\"description\":\"Recherche, publication, cr\u00e9ation artistique\",\"potentialAction\":[{\"@type\":\"SearchAction\",\"target\":{\"@type\":\"EntryPoint\",\"urlTemplate\":\"https:\\\/\\\/www.leti.lt\\\/wordpress\\\/?s={search_term_string}\"},\"query-input\":{\"@type\":\"PropertyValueSpecification\",\"valueRequired\":true,\"valueName\":\"search_term_string\"}}],\"inLanguage\":\"fr-FR\"},{\"@type\":\"Person\",\"@id\":\"https:\\\/\\\/www.leti.lt\\\/wordpress\\\/#\\\/schema\\\/person\\\/9bb307b2af8fbb575bb3603e57951f75\",\"name\":\"Andr\u00e9ine Bel\",\"image\":{\"@type\":\"ImageObject\",\"inLanguage\":\"fr-FR\",\"@id\":\"https:\\\/\\\/secure.gravatar.com\\\/avatar\\\/4ab041ec7c7ad3b90293023e86528ec1a700ce2971ff61811b2df6b288dd1f38?s=96&d=identicon&r=g\",\"url\":\"https:\\\/\\\/secure.gravatar.com\\\/avatar\\\/4ab041ec7c7ad3b90293023e86528ec1a700ce2971ff61811b2df6b288dd1f38?s=96&d=identicon&r=g\",\"contentUrl\":\"https:\\\/\\\/secure.gravatar.com\\\/avatar\\\/4ab041ec7c7ad3b90293023e86528ec1a700ce2971ff61811b2df6b288dd1f38?s=96&d=identicon&r=g\",\"caption\":\"Andr\u00e9ine Bel\"},\"url\":\"https:\\\/\\\/www.leti.lt\\\/wordpress\\\/author\\\/andreine\\\/\"}]}<\/script>\n<!-- \/ Yoast SEO plugin. -->","yoast_head_json":{"title":"La confiance - Le TILT","robots":{"index":"index","follow":"follow","max-snippet":"max-snippet:-1","max-image-preview":"max-image-preview:large","max-video-preview":"max-video-preview:-1"},"canonical":"https:\/\/www.leti.lt\/wordpress\/danseforum-laconfiance\/","og_locale":"fr_FR","og_type":"article","og_title":"La confiance - Le TILT","og_description":"Danse forum\u2192 Comptes-ren\u00addus des ate\u00adliers\u2192 Lam\u00adbesc !!La confiance \u2013 17 juin&nbsp;2006 Nous \u00e9tions cinq. Les besoins \u00e9taient dif\u00adf\u00e9\u00adrents&nbsp;: s\u2019\u00e9taler et laisse faire, se ras\u00adsem\u00adbler, por\u00adter atten\u00adtion au genou dou\u00adlou\u00adreux, \u00eatre bien, com\u00admen\u00adcer et finir en beau\u00adt\u00e9. Nous avons choi\u00adsi notre espace&nbsp;: milieu de pi\u00e8ce, coin, mur, c\u00f4t\u00e9, fond de salle. Les mor\u00adceaux se sont recol\u00adl\u00e9s peu \u00e0&nbsp;peu, soit pour per\u00admettre de s\u2019endormir, se confor\u00adter, d\u00e9ter\u00admi\u00adner les points d\u2019ancrage de la dou\u00adleur, entrer dans des micro-mou\u00adve\u00adments ou se mobiliser. Des mou\u00adve\u00adments [&hellip;]","og_url":"https:\/\/www.leti.lt\/wordpress\/danseforum-laconfiance\/","og_site_name":"Le TILT","article_published_time":"2020-02-16T14:30:32+00:00","author":"Andr\u00e9ine Bel","twitter_card":"summary_large_image","twitter_misc":{"\u00c9crit par":"Andr\u00e9ine Bel","Dur\u00e9e de lecture estim\u00e9e":"2 minutes"},"schema":{"@context":"https:\/\/schema.org","@graph":[{"@type":"Article","@id":"https:\/\/www.leti.lt\/wordpress\/danseforum-laconfiance\/#article","isPartOf":{"@id":"https:\/\/www.leti.lt\/wordpress\/danseforum-laconfiance\/"},"author":{"name":"Andr\u00e9ine Bel","@id":"https:\/\/www.leti.lt\/wordpress\/#\/schema\/person\/9bb307b2af8fbb575bb3603e57951f75"},"headline":"La confiance","datePublished":"2020-02-16T14:30:32+00:00","mainEntityOfPage":{"@id":"https:\/\/www.leti.lt\/wordpress\/danseforum-laconfiance\/"},"wordCount":376,"commentCount":0,"keywords":["DF_Lambesc"],"articleSection":["Ateliers Lambesc"],"inLanguage":"fr-FR","potentialAction":[{"@type":"CommentAction","name":"Comment","target":["https:\/\/www.leti.lt\/wordpress\/danseforum-laconfiance\/#respond"]}]},{"@type":"WebPage","@id":"https:\/\/www.leti.lt\/wordpress\/danseforum-laconfiance\/","url":"https:\/\/www.leti.lt\/wordpress\/danseforum-laconfiance\/","name":"La confiance - Le TILT","isPartOf":{"@id":"https:\/\/www.leti.lt\/wordpress\/#website"},"datePublished":"2020-02-16T14:30:32+00:00","author":{"@id":"https:\/\/www.leti.lt\/wordpress\/#\/schema\/person\/9bb307b2af8fbb575bb3603e57951f75"},"breadcrumb":{"@id":"https:\/\/www.leti.lt\/wordpress\/danseforum-laconfiance\/#breadcrumb"},"inLanguage":"fr-FR","potentialAction":[{"@type":"ReadAction","target":["https:\/\/www.leti.lt\/wordpress\/danseforum-laconfiance\/"]}]},{"@type":"BreadcrumbList","@id":"https:\/\/www.leti.lt\/wordpress\/danseforum-laconfiance\/#breadcrumb","itemListElement":[{"@type":"ListItem","position":1,"name":"Accueil","item":"https:\/\/www.leti.lt\/wordpress\/"},{"@type":"ListItem","position":2,"name":"La confiance"}]},{"@type":"WebSite","@id":"https:\/\/www.leti.lt\/wordpress\/#website","url":"https:\/\/www.leti.lt\/wordpress\/","name":"Le TILT","description":"Recherche, publication, cr\u00e9ation artistique","potentialAction":[{"@type":"SearchAction","target":{"@type":"EntryPoint","urlTemplate":"https:\/\/www.leti.lt\/wordpress\/?s={search_term_string}"},"query-input":{"@type":"PropertyValueSpecification","valueRequired":true,"valueName":"search_term_string"}}],"inLanguage":"fr-FR"},{"@type":"Person","@id":"https:\/\/www.leti.lt\/wordpress\/#\/schema\/person\/9bb307b2af8fbb575bb3603e57951f75","name":"Andr\u00e9ine Bel","image":{"@type":"ImageObject","inLanguage":"fr-FR","@id":"https:\/\/secure.gravatar.com\/avatar\/4ab041ec7c7ad3b90293023e86528ec1a700ce2971ff61811b2df6b288dd1f38?s=96&d=identicon&r=g","url":"https:\/\/secure.gravatar.com\/avatar\/4ab041ec7c7ad3b90293023e86528ec1a700ce2971ff61811b2df6b288dd1f38?s=96&d=identicon&r=g","contentUrl":"https:\/\/secure.gravatar.com\/avatar\/4ab041ec7c7ad3b90293023e86528ec1a700ce2971ff61811b2df6b288dd1f38?s=96&d=identicon&r=g","caption":"Andr\u00e9ine Bel"},"url":"https:\/\/www.leti.lt\/wordpress\/author\/andreine\/"}]}},"_links":{"self":[{"href":"https:\/\/www.leti.lt\/wordpress\/wp-json\/wp\/v2\/posts\/129","targetHints":{"allow":["GET"]}}],"collection":[{"href":"https:\/\/www.leti.lt\/wordpress\/wp-json\/wp\/v2\/posts"}],"about":[{"href":"https:\/\/www.leti.lt\/wordpress\/wp-json\/wp\/v2\/types\/post"}],"author":[{"embeddable":true,"href":"https:\/\/www.leti.lt\/wordpress\/wp-json\/wp\/v2\/users\/2"}],"replies":[{"embeddable":true,"href":"https:\/\/www.leti.lt\/wordpress\/wp-json\/wp\/v2\/comments?post=129"}],"version-history":[{"count":0,"href":"https:\/\/www.leti.lt\/wordpress\/wp-json\/wp\/v2\/posts\/129\/revisions"}],"wp:attachment":[{"href":"https:\/\/www.leti.lt\/wordpress\/wp-json\/wp\/v2\/media?parent=129"}],"wp:term":[{"taxonomy":"category","embeddable":true,"href":"https:\/\/www.leti.lt\/wordpress\/wp-json\/wp\/v2\/categories?post=129"},{"taxonomy":"post_tag","embeddable":true,"href":"https:\/\/www.leti.lt\/wordpress\/wp-json\/wp\/v2\/tags?post=129"}],"curies":[{"name":"wp","href":"https:\/\/api.w.org\/{rel}","templated":true}]}}