{"id":128,"date":"2020-02-16T15:30:32","date_gmt":"2020-02-16T14:30:32","guid":{"rendered":"https:\/\/www.leti.lt\/wordpress\/?p=128"},"modified":"-0001-11-30T00:00:00","modified_gmt":"-0001-11-29T22:00:00","slug":"danseforum-labascule","status":"publish","type":"post","link":"https:\/\/www.leti.lt\/wordpress\/danseforum-labascule\/","title":{"rendered":"La bascule"},"content":{"rendered":"<p><a href=\"https:\/\/www.leti.lt\/wordpress\/danseforum-danseforum\/\">Danse forum<\/a><br>\u2192 <a href=\"https:\/\/www.leti.lt\/wordpress\/danseforum-comptesrendusateliers\/\">Comptes-ren\u00addus des ate\u00adliers<\/a><br>\u2192 <a href=\"https:\/\/www.leti.lt\/wordpress\/danseforum-lambesc\/\">Lam\u00adbesc<\/a><br><br>!!La bas\u00adcule \u2013 6&nbsp;jan\u00advier 2007<br><br>Nous \u00e9tions cinq en ce d\u00e9but d\u2019ann\u00e9e.<br><br>S\u2019en tenir \u00e0&nbsp;la sen\u00adsa\u00adtion, choi\u00adsie pour \u00eatre la pri\u00admor\u00addiale de<br>l\u2019instant, ou che\u00admi\u00adner vers d\u2019autres sen\u00adsa\u00adtions qui s\u2019encha\u00eenent, est<br>la ques\u00adtion que nous nous sommes pos\u00e9s pen\u00addant la mise en route.<br><br>Res\u00adter avec la sen\u00adsa\u00adtion cer\u00adn\u00e9e au d\u00e9part a&nbsp;l\u2019avantage de per\u00admettre<br>\u00e0 l\u2019habitude d\u2019\u00eatre d\u00e9pas\u00ads\u00e9e. Par exemple, pour ma sen\u00adsa\u00adtion de<br>bas\u00adcule, je me suis appuy\u00e9e au mur, retrou\u00advant faci\u00adle\u00adment l\u2019illusion<br>que j\u2019adore, du sol qui devient le mur et du mur qui devient le sol.<br>Mais je me suis assez vite ennuy\u00e9e, puis immo\u00adbi\u00adli\u00ads\u00e9e. Je suis<br>reve\u00adnue plu\u00adsieurs fois vers la sen\u00adsa\u00adtion de bas\u00adcule, cher\u00adchant o\u00f9<br>elle se situait dans mon corps et com\u00adment elle pou\u00advait s\u2019exprimer.<br><br>De la pres\u00adsion per\u00adpen\u00addi\u00adcu\u00adlaire au mur, je suis pas\u00ads\u00e9e \u00e0&nbsp;la pres\u00adsion<br>de biais, me lais\u00adsant glis\u00adser \u00e0&nbsp;l\u2019extr\u00eame ralen\u00adti le long de sa<br>sur\u00adface, jusqu\u2019au point de tom\u00adber. Et \u00ab&nbsp;cela&nbsp;\u00bb eu lieu&nbsp;: la sen\u00adsa\u00adtion<br>conti\u00adnue de bas\u00adcule, ce point o\u00f9 l\u2019\u00e9quilibre est sans cesse renou\u00adve\u00adl\u00e9<br>dans un nou\u00adveau rap\u00adport au temps et \u00e0&nbsp;l\u2019espace, comme \u00ab&nbsp;sus\u00adpen\u00addus&nbsp;\u00bb.<br><br>De son c\u00f4t\u00e9, un autre par\u00adti\u00adci\u00adpant exp\u00e9\u00adri\u00admen\u00adtait cette conti\u00adnui\u00adt\u00e9 qui<br>para\u00eet sans fin, en \u00e9ti\u00adre\u00adments o\u00f9 le corps vibre l\u00e9g\u00e8\u00adre\u00adment, se<br>d\u00e9ten\u00addant au fur et \u00e0&nbsp;mesure. La dua\u00adli\u00adt\u00e9&nbsp;: \u00e9ti\u00adre\u00adment \u2013 res\u00adser\u00adre\u00adment<br>n\u2019a plus lieu d\u2019\u00eatre, les deux sont simul\u00adta\u00adn\u00e9s, per\u00admet\u00adtant de vivre<br>l\u2019unit\u00e9 des contraires. Cela rap\u00adpelle cer\u00adtains ph\u00e9\u00adno\u00adm\u00e8nes musi\u00adcaux,<br>o\u00f9 le son semble mon\u00adter ind\u00e9\u00adfi\u00adnie\u00adment, ou des\u00adcendre, sans avoir<br>besoin d\u2019alternance appa\u00adrente.<br><br>Une demi-heure apr\u00e8s, alors que nous \u00e9tions ensemble \u00e0&nbsp;par\u00adler de tout<br>cela, la sen\u00adsa\u00adtion per\u00addu\u00adrait en nous, de bas\u00adcule et d\u2019\u00e9tirement, mais<br>sur\u00adtout il me semble celle d\u2019unit\u00e9.<br><br>Lorsque la sen\u00adsa\u00adtion che\u00admine vers d\u2019autres sen\u00adsa\u00adtions, cela peut \u00eatre<br>tout aus\u00adsi pas\u00adsion\u00adnant.<br><br>L\u2019une d\u2019entre nous, par exemple, a&nbsp;vu sa vie d\u00e9fi\u00adler devant ses yeux.<br>Elle s\u2019est ren\u00addue compte qu\u2019elle \u00e9tait par\u00adtie d\u2019une sen\u00adsa\u00adtion<br>sou\u00adhai\u00adt\u00e9e de tout temps, \u00ab&nbsp;le centre&nbsp;\u00bb. Mais, l\u2019ennui s\u2019est ins\u00adtal\u00adl\u00e9<br>plu\u00adsieurs fois, l\u2019incitant \u00e0&nbsp;aller tou\u00adjours plus pr\u00e8s de sa sen\u00adsa\u00adtion<br>authen\u00adtique du moment pour enfin \u00ab&nbsp;se trou\u00adver&nbsp;\u00bb. Une belle<br>r\u00e9con\u00adcil\u00adlai\u00adtion s\u2019en est sui\u00advie.<br><br>L\u2019exercice tech\u00adnique choi\u00adsi pour \u00e9veiller des sen\u00adsa\u00adtions en nous a<br>\u00e9t\u00e9 celui de l\u2019\u00e9quilibre des pres\u00adsions ou \u00e9loi\u00adgne\u00adments. Deux par<br>deux, nous avons impro\u00advi\u00ads\u00e9 en n\u00e9go\u00adciant ce que cha\u00adcun don\u00adnait de<br>poids ou de contre-poids \u00e0&nbsp;l\u2019autre, pour arri\u00adver \u00e0&nbsp;gar\u00adder ensemble<br>un \u00e9qui\u00adlibre en pos\u00adture ver\u00adti\u00adcale.<br><br>Le th\u00e8me du forum a&nbsp;\u00e9t\u00e9 celui de la bas\u00adcule. Nous avons fait<br>l\u2019erreur, je le com\u00adprends aujourd\u2019hui, de ne pas exp\u00e9\u00adri\u00admen\u00adter tous la<br>bas\u00adcule, indi\u00advi\u00adduel\u00adle\u00adment et sur le lieu, pour d\u00e9ga\u00adger plus<br>faci\u00adle\u00adment une pro\u00adbl\u00e9\u00adma\u00adtique. Aus\u00adsi le th\u00e8me a&nbsp;glis\u00ads\u00e9 plu\u00adsieurs<br>fois, de la bas\u00adcule au d\u00e9s\u00ad\u00e9qui\u00adlibre, du d\u00e9s\u00ad\u00e9qui\u00adlibre \u00e0&nbsp;l\u2019interf\u00e9rence<br>pour le cr\u00e9er, pour finir en \u00ab&nbsp;gros tas au sol&nbsp;\u00bb \u2026, l\u2019attraction<br>ter\u00adrestre se r\u00e9v\u00e9\u00adlant tou\u00adjours la plus forte&nbsp;! La pro\u00adbl\u00e9\u00adma\u00adtique ne<br>s\u2019en est pas sor\u00adtie indemne&nbsp;!<br><br>Mal\u00adgr\u00e9 cela, de beaux moments de bra\u00advoure, de rou\u00adlades en cas\u00adcades,<br>quelques coups de pieds mal\u00adve\u00adnus quand-m\u00eame car l\u2019un a&nbsp;fait mal, et<br>beau\u00adcoup de bonne humeur.<br><br>Andr\u00e9ine Bel<br><br>d\u2019apr\u00e8s les retours de&nbsp;: Andr\u00e9ine B, Guillaume T, Leo\u00adnar\u00addo C, Paule-France B, V\u00e9ro\u00adnique&nbsp;B.<\/p><p style=\"color:green; text-align:right !important;\">Article cr\u00e9\u00e9 le 16\/02\/2020<\/p>","protected":false},"excerpt":{"rendered":"<p>Danse forum\u2192 Comptes-ren\u00ad\u00addus des ate\u00adliers\u2192 Lam\u00adbesc !!La bas\u00adcule \u2013 6&nbsp;jan\u00advier&nbsp;2007 Nous \u00e9tions cinq en ce d\u00e9but d\u2019ann\u00e9e. S\u2019en tenir \u00e0&nbsp;la sen\u00adsa\u00adtion, choi\u00adsie pour \u00eatre la pri\u00admor\u00addiale del\u2019instant, ou che\u00admi\u00adner vers d\u2019autres sen\u00adsa\u00adtions qui s\u2019encha\u00eenent, est\u00adla ques\u00adtion que nous nous sommes pos\u00e9s pen\u00addant la mise en&nbsp;route. Res\u00adter avec la sen\u00adsa\u00adtion cer\u00adn\u00e9e au d\u00e9part a&nbsp;l\u2019avantage de per\u00admettre\u00e0 l\u2019habitude d\u2019\u00eatre d\u00e9pas\u00ads\u00e9e. Par exemple, pour ma sen\u00adsa\u00adtion debas\u00adcule, je me suis appuy\u00e9e au mur, retrou\u00advant faci\u00adle\u00adment l\u2019illusionque j\u2019adore, du sol qui devient le&nbsp;mur&nbsp;[\u2026]<\/p>\n","protected":false},"author":2,"featured_media":0,"comment_status":"open","ping_status":"open","sticky":false,"template":"","format":"standard","meta":{"wp_typography_post_enhancements_disabled":false,"footnotes":""},"categories":[184],"tags":[208],"class_list":["post-128","post","type-post","status-publish","format-standard","hentry","category-ateliers_lambesc","tag-df_lambesc"],"yoast_head":"<!-- This site is optimized with the Yoast SEO plugin v27.5 - https:\/\/yoast.com\/product\/yoast-seo-wordpress\/ -->\n<title>La bascule - Le TILT<\/title>\n<meta name=\"robots\" content=\"index, follow, max-snippet:-1, max-image-preview:large, max-video-preview:-1\" \/>\n<link rel=\"canonical\" href=\"https:\/\/www.leti.lt\/wordpress\/danseforum-labascule\/\" \/>\n<meta property=\"og:locale\" content=\"fr_FR\" \/>\n<meta property=\"og:type\" content=\"article\" \/>\n<meta property=\"og:title\" content=\"La bascule - Le TILT\" \/>\n<meta property=\"og:description\" content=\"Danse forum\u2192 Comptes-ren\u00addus des ate\u00adliers\u2192 Lam\u00adbesc !!La bas\u00adcule \u2013 6&nbsp;jan\u00advier&nbsp;2007 Nous \u00e9tions cinq en ce d\u00e9but d\u2019ann\u00e9e. S\u2019en tenir \u00e0&nbsp;la sen\u00adsa\u00adtion, choi\u00adsie pour \u00eatre la pri\u00admor\u00addiale del\u2019instant, ou che\u00admi\u00adner vers d\u2019autres sen\u00adsa\u00adtions qui s\u2019encha\u00eenent, estla ques\u00adtion que nous nous sommes pos\u00e9s pen\u00addant la mise en&nbsp;route. Res\u00adter avec la sen\u00adsa\u00adtion cer\u00adn\u00e9e au d\u00e9part a&nbsp;l\u2019avantage de per\u00admettre\u00e0 l\u2019habitude d\u2019\u00eatre d\u00e9pas\u00ads\u00e9e. Par exemple, pour ma sen\u00adsa\u00adtion debas\u00adcule, je me suis appuy\u00e9e au mur, retrou\u00advant faci\u00adle\u00adment l\u2019illusionque j\u2019adore, du sol qui devient le mur [&hellip;]\" \/>\n<meta property=\"og:url\" content=\"https:\/\/www.leti.lt\/wordpress\/danseforum-labascule\/\" \/>\n<meta property=\"og:site_name\" content=\"Le TILT\" \/>\n<meta property=\"article:published_time\" content=\"2020-02-16T14:30:32+00:00\" \/>\n<meta name=\"author\" content=\"Andr\u00e9ine Bel\" \/>\n<meta name=\"twitter:card\" content=\"summary_large_image\" \/>\n<meta name=\"twitter:label1\" content=\"\u00c9crit par\" \/>\n\t<meta name=\"twitter:data1\" content=\"Andr\u00e9ine Bel\" \/>\n\t<meta name=\"twitter:label2\" content=\"Dur\u00e9e de lecture estim\u00e9e\" \/>\n\t<meta name=\"twitter:data2\" content=\"3 minutes\" \/>\n<script type=\"application\/ld+json\" class=\"yoast-schema-graph\">{\"@context\":\"https:\\\/\\\/schema.org\",\"@graph\":[{\"@type\":\"Article\",\"@id\":\"https:\\\/\\\/www.leti.lt\\\/wordpress\\\/danseforum-labascule\\\/#article\",\"isPartOf\":{\"@id\":\"https:\\\/\\\/www.leti.lt\\\/wordpress\\\/danseforum-labascule\\\/\"},\"author\":{\"name\":\"Andr\u00e9ine Bel\",\"@id\":\"https:\\\/\\\/www.leti.lt\\\/wordpress\\\/#\\\/schema\\\/person\\\/9bb307b2af8fbb575bb3603e57951f75\"},\"headline\":\"La bascule\",\"datePublished\":\"2020-02-16T14:30:32+00:00\",\"mainEntityOfPage\":{\"@id\":\"https:\\\/\\\/www.leti.lt\\\/wordpress\\\/danseforum-labascule\\\/\"},\"wordCount\":564,\"commentCount\":0,\"keywords\":[\"DF_Lambesc\"],\"articleSection\":[\"Ateliers Lambesc\"],\"inLanguage\":\"fr-FR\",\"potentialAction\":[{\"@type\":\"CommentAction\",\"name\":\"Comment\",\"target\":[\"https:\\\/\\\/www.leti.lt\\\/wordpress\\\/danseforum-labascule\\\/#respond\"]}]},{\"@type\":\"WebPage\",\"@id\":\"https:\\\/\\\/www.leti.lt\\\/wordpress\\\/danseforum-labascule\\\/\",\"url\":\"https:\\\/\\\/www.leti.lt\\\/wordpress\\\/danseforum-labascule\\\/\",\"name\":\"La bascule - Le TILT\",\"isPartOf\":{\"@id\":\"https:\\\/\\\/www.leti.lt\\\/wordpress\\\/#website\"},\"datePublished\":\"2020-02-16T14:30:32+00:00\",\"author\":{\"@id\":\"https:\\\/\\\/www.leti.lt\\\/wordpress\\\/#\\\/schema\\\/person\\\/9bb307b2af8fbb575bb3603e57951f75\"},\"breadcrumb\":{\"@id\":\"https:\\\/\\\/www.leti.lt\\\/wordpress\\\/danseforum-labascule\\\/#breadcrumb\"},\"inLanguage\":\"fr-FR\",\"potentialAction\":[{\"@type\":\"ReadAction\",\"target\":[\"https:\\\/\\\/www.leti.lt\\\/wordpress\\\/danseforum-labascule\\\/\"]}]},{\"@type\":\"BreadcrumbList\",\"@id\":\"https:\\\/\\\/www.leti.lt\\\/wordpress\\\/danseforum-labascule\\\/#breadcrumb\",\"itemListElement\":[{\"@type\":\"ListItem\",\"position\":1,\"name\":\"Accueil\",\"item\":\"https:\\\/\\\/www.leti.lt\\\/wordpress\\\/\"},{\"@type\":\"ListItem\",\"position\":2,\"name\":\"La bascule\"}]},{\"@type\":\"WebSite\",\"@id\":\"https:\\\/\\\/www.leti.lt\\\/wordpress\\\/#website\",\"url\":\"https:\\\/\\\/www.leti.lt\\\/wordpress\\\/\",\"name\":\"Le TILT\",\"description\":\"Recherche, publication, cr\u00e9ation artistique\",\"potentialAction\":[{\"@type\":\"SearchAction\",\"target\":{\"@type\":\"EntryPoint\",\"urlTemplate\":\"https:\\\/\\\/www.leti.lt\\\/wordpress\\\/?s={search_term_string}\"},\"query-input\":{\"@type\":\"PropertyValueSpecification\",\"valueRequired\":true,\"valueName\":\"search_term_string\"}}],\"inLanguage\":\"fr-FR\"},{\"@type\":\"Person\",\"@id\":\"https:\\\/\\\/www.leti.lt\\\/wordpress\\\/#\\\/schema\\\/person\\\/9bb307b2af8fbb575bb3603e57951f75\",\"name\":\"Andr\u00e9ine Bel\",\"image\":{\"@type\":\"ImageObject\",\"inLanguage\":\"fr-FR\",\"@id\":\"https:\\\/\\\/secure.gravatar.com\\\/avatar\\\/4ab041ec7c7ad3b90293023e86528ec1a700ce2971ff61811b2df6b288dd1f38?s=96&d=identicon&r=g\",\"url\":\"https:\\\/\\\/secure.gravatar.com\\\/avatar\\\/4ab041ec7c7ad3b90293023e86528ec1a700ce2971ff61811b2df6b288dd1f38?s=96&d=identicon&r=g\",\"contentUrl\":\"https:\\\/\\\/secure.gravatar.com\\\/avatar\\\/4ab041ec7c7ad3b90293023e86528ec1a700ce2971ff61811b2df6b288dd1f38?s=96&d=identicon&r=g\",\"caption\":\"Andr\u00e9ine Bel\"},\"url\":\"https:\\\/\\\/www.leti.lt\\\/wordpress\\\/author\\\/andreine\\\/\"}]}<\/script>\n<!-- \/ Yoast SEO plugin. -->","yoast_head_json":{"title":"La bascule - Le TILT","robots":{"index":"index","follow":"follow","max-snippet":"max-snippet:-1","max-image-preview":"max-image-preview:large","max-video-preview":"max-video-preview:-1"},"canonical":"https:\/\/www.leti.lt\/wordpress\/danseforum-labascule\/","og_locale":"fr_FR","og_type":"article","og_title":"La bascule - Le TILT","og_description":"Danse forum\u2192 Comptes-ren\u00addus des ate\u00adliers\u2192 Lam\u00adbesc !!La bas\u00adcule \u2013 6&nbsp;jan\u00advier&nbsp;2007 Nous \u00e9tions cinq en ce d\u00e9but d\u2019ann\u00e9e. S\u2019en tenir \u00e0&nbsp;la sen\u00adsa\u00adtion, choi\u00adsie pour \u00eatre la pri\u00admor\u00addiale del\u2019instant, ou che\u00admi\u00adner vers d\u2019autres sen\u00adsa\u00adtions qui s\u2019encha\u00eenent, estla ques\u00adtion que nous nous sommes pos\u00e9s pen\u00addant la mise en&nbsp;route. Res\u00adter avec la sen\u00adsa\u00adtion cer\u00adn\u00e9e au d\u00e9part a&nbsp;l\u2019avantage de per\u00admettre\u00e0 l\u2019habitude d\u2019\u00eatre d\u00e9pas\u00ads\u00e9e. Par exemple, pour ma sen\u00adsa\u00adtion debas\u00adcule, je me suis appuy\u00e9e au mur, retrou\u00advant faci\u00adle\u00adment l\u2019illusionque j\u2019adore, du sol qui devient le mur [&hellip;]","og_url":"https:\/\/www.leti.lt\/wordpress\/danseforum-labascule\/","og_site_name":"Le TILT","article_published_time":"2020-02-16T14:30:32+00:00","author":"Andr\u00e9ine Bel","twitter_card":"summary_large_image","twitter_misc":{"\u00c9crit par":"Andr\u00e9ine Bel","Dur\u00e9e de lecture estim\u00e9e":"3 minutes"},"schema":{"@context":"https:\/\/schema.org","@graph":[{"@type":"Article","@id":"https:\/\/www.leti.lt\/wordpress\/danseforum-labascule\/#article","isPartOf":{"@id":"https:\/\/www.leti.lt\/wordpress\/danseforum-labascule\/"},"author":{"name":"Andr\u00e9ine Bel","@id":"https:\/\/www.leti.lt\/wordpress\/#\/schema\/person\/9bb307b2af8fbb575bb3603e57951f75"},"headline":"La bascule","datePublished":"2020-02-16T14:30:32+00:00","mainEntityOfPage":{"@id":"https:\/\/www.leti.lt\/wordpress\/danseforum-labascule\/"},"wordCount":564,"commentCount":0,"keywords":["DF_Lambesc"],"articleSection":["Ateliers Lambesc"],"inLanguage":"fr-FR","potentialAction":[{"@type":"CommentAction","name":"Comment","target":["https:\/\/www.leti.lt\/wordpress\/danseforum-labascule\/#respond"]}]},{"@type":"WebPage","@id":"https:\/\/www.leti.lt\/wordpress\/danseforum-labascule\/","url":"https:\/\/www.leti.lt\/wordpress\/danseforum-labascule\/","name":"La bascule - Le TILT","isPartOf":{"@id":"https:\/\/www.leti.lt\/wordpress\/#website"},"datePublished":"2020-02-16T14:30:32+00:00","author":{"@id":"https:\/\/www.leti.lt\/wordpress\/#\/schema\/person\/9bb307b2af8fbb575bb3603e57951f75"},"breadcrumb":{"@id":"https:\/\/www.leti.lt\/wordpress\/danseforum-labascule\/#breadcrumb"},"inLanguage":"fr-FR","potentialAction":[{"@type":"ReadAction","target":["https:\/\/www.leti.lt\/wordpress\/danseforum-labascule\/"]}]},{"@type":"BreadcrumbList","@id":"https:\/\/www.leti.lt\/wordpress\/danseforum-labascule\/#breadcrumb","itemListElement":[{"@type":"ListItem","position":1,"name":"Accueil","item":"https:\/\/www.leti.lt\/wordpress\/"},{"@type":"ListItem","position":2,"name":"La bascule"}]},{"@type":"WebSite","@id":"https:\/\/www.leti.lt\/wordpress\/#website","url":"https:\/\/www.leti.lt\/wordpress\/","name":"Le TILT","description":"Recherche, publication, cr\u00e9ation artistique","potentialAction":[{"@type":"SearchAction","target":{"@type":"EntryPoint","urlTemplate":"https:\/\/www.leti.lt\/wordpress\/?s={search_term_string}"},"query-input":{"@type":"PropertyValueSpecification","valueRequired":true,"valueName":"search_term_string"}}],"inLanguage":"fr-FR"},{"@type":"Person","@id":"https:\/\/www.leti.lt\/wordpress\/#\/schema\/person\/9bb307b2af8fbb575bb3603e57951f75","name":"Andr\u00e9ine Bel","image":{"@type":"ImageObject","inLanguage":"fr-FR","@id":"https:\/\/secure.gravatar.com\/avatar\/4ab041ec7c7ad3b90293023e86528ec1a700ce2971ff61811b2df6b288dd1f38?s=96&d=identicon&r=g","url":"https:\/\/secure.gravatar.com\/avatar\/4ab041ec7c7ad3b90293023e86528ec1a700ce2971ff61811b2df6b288dd1f38?s=96&d=identicon&r=g","contentUrl":"https:\/\/secure.gravatar.com\/avatar\/4ab041ec7c7ad3b90293023e86528ec1a700ce2971ff61811b2df6b288dd1f38?s=96&d=identicon&r=g","caption":"Andr\u00e9ine Bel"},"url":"https:\/\/www.leti.lt\/wordpress\/author\/andreine\/"}]}},"_links":{"self":[{"href":"https:\/\/www.leti.lt\/wordpress\/wp-json\/wp\/v2\/posts\/128","targetHints":{"allow":["GET"]}}],"collection":[{"href":"https:\/\/www.leti.lt\/wordpress\/wp-json\/wp\/v2\/posts"}],"about":[{"href":"https:\/\/www.leti.lt\/wordpress\/wp-json\/wp\/v2\/types\/post"}],"author":[{"embeddable":true,"href":"https:\/\/www.leti.lt\/wordpress\/wp-json\/wp\/v2\/users\/2"}],"replies":[{"embeddable":true,"href":"https:\/\/www.leti.lt\/wordpress\/wp-json\/wp\/v2\/comments?post=128"}],"version-history":[{"count":0,"href":"https:\/\/www.leti.lt\/wordpress\/wp-json\/wp\/v2\/posts\/128\/revisions"}],"wp:attachment":[{"href":"https:\/\/www.leti.lt\/wordpress\/wp-json\/wp\/v2\/media?parent=128"}],"wp:term":[{"taxonomy":"category","embeddable":true,"href":"https:\/\/www.leti.lt\/wordpress\/wp-json\/wp\/v2\/categories?post=128"},{"taxonomy":"post_tag","embeddable":true,"href":"https:\/\/www.leti.lt\/wordpress\/wp-json\/wp\/v2\/tags?post=128"}],"curies":[{"name":"wp","href":"https:\/\/api.w.org\/{rel}","templated":true}]}}