{"id":127,"date":"2020-02-16T15:30:32","date_gmt":"2020-02-16T14:30:32","guid":{"rendered":"https:\/\/www.leti.lt\/wordpress\/?p=127"},"modified":"-0001-11-30T00:00:00","modified_gmt":"-0001-11-29T22:00:00","slug":"danseforum-louverture","status":"publish","type":"post","link":"https:\/\/www.leti.lt\/wordpress\/danseforum-louverture\/","title":{"rendered":"L\u2019ouverture"},"content":{"rendered":"<p><a href=\"https:\/\/www.leti.lt\/wordpress\/danseforum-danseforum\/\">Danse forum<\/a><br>\u2192 <a href=\"https:\/\/www.leti.lt\/wordpress\/danseforum-comptesrendusateliers\/\">Comptes-ren\u00addus des ate\u00adliers<\/a><br>\u2192 <a href=\"https:\/\/www.leti.lt\/wordpress\/danseforum-lambesc\/\">Lam\u00adbesc<\/a><br><br>!!L\u2019ouverture \u2013 2&nbsp;juin 2007<br><br>Nous \u00e9tions dix, et deux gui\u00adtares.<br><br>La danse a&nbsp;\u00e9t\u00e9 fil\u00adm\u00e9e et pho\u00adto\u00adgra\u00adphi\u00e9e par Marie Agier, pour sa<br>propre pra\u00adtique (sans publi\u00adca\u00adtion). Elle nous mon\u00adtre\u00adra quelques<br>\u00e9chan\u00adtillons.<br><br>Le th\u00e8me de l\u2019ouverture cor\u00adres\u00adpon\u00addait au d\u00e9sir. Il s\u2019est rap\u00e9 aux<br>st\u00e9\u00adr\u00e9o\u00adtypes de l\u2019ouverture, qui ne pou\u00advaient satis\u00adfaire notre<br>exi\u00adgence int\u00e9\u00adrieure.<br><br>Exp\u00e9\u00adri\u00admen\u00adter que l\u2019ouverture peut mieux se r\u00e9v\u00e9\u00adler dans la qua\u00adli\u00adt\u00e9 du<br>geste que dans sa forme, plus dans l\u2019attention por\u00adt\u00e9e \u00e0&nbsp;l\u2019autre que<br>dans le geste fait vers lui, est deve\u00adnu assez vite une n\u00e9ces\u00adsi\u00adt\u00e9. Pas<br>d\u2019ouverture sans fer\u00adme\u00adture, sauf dans la mort.<br><br>Les gui\u00adta\u00adristes nous accom\u00adpa\u00adgnaient en impro\u00advi\u00adsa\u00adtion, et rien ne peut<br>rem\u00adpla\u00adcer ce bon\u00adheur.<br><br>Nous avons explo\u00adr\u00e9 le th\u00e8me et l\u2019avons foru\u00admi\u00ads\u00e9 au fur et \u00e0&nbsp;mesure,<br>sans que le pro\u00adbl\u00e9\u00adma\u00adti\u00adsa\u00adtion n\u2019apparaisse ant\u00e9\u00adrieu\u00adre\u00adment \u00e0<br>l\u2019exploration du th\u00e8me. Par contre, elle apa\u00adrais\u00adsait apr\u00e8s chaque<br>pas\u00adsage dan\u00ads\u00e9, lorsque nous fai\u00adsions le bilan pro\u00advi\u00adsoire&nbsp;: en dan\u00adsant,<br>je me suis aper\u00ad\u00e7u de ceci, et donc jai fait comme cela.<br><br>Un autre encha\u00ee\u00adnait&nbsp;: tu aurais pu faire ain\u00adsi. Il entrait dans<br>l\u2019espace sc\u00e8\u00adnique, dan\u00adsait selon sa pro\u00adpo\u00adsi\u00adtion, d\u2019autres entraient<br>et ain\u00adsi de suite.<br><br>Il se peut que la sp\u00e9\u00adci\u00adfi\u00adci\u00adt\u00e9 de la danse nous impose ce sche\u00adma de<br>forum. La danse n\u2019est pas lin\u00e9aire, elle ne raconte pas une his\u00adtoire<br>comme le verbe ou le mime peuvent le faire. M\u00eame si elle a&nbsp;un d\u00e9but,<br>un d\u00e9ve\u00adlop\u00adpe\u00adment et une fin, elle est constam\u00adment \u00e0&nbsp;entr\u00e9es et \u00e9tages<br>mul\u00adtiples. La m\u00eame chose se pro\u00addui\u00adrait en th\u00e9\u00e2tre forum si<br>l\u2019attention \u00e9tait mise sur la ges\u00adtuelle (en tant que com\u00admu\u00adni\u00adqua\u00adtion<br>non ver\u00adbale) plu\u00adt\u00f4t que sur le verbe qui la v\u00e9hi\u00adcule.<br><br>La terre ne s\u2019est pas cr\u00e9\u00e9e en deux jours\u2026<br><br>Andr\u00e9ine Bel<br><br>d\u2019apr\u00e8s les retours de&nbsp;: Alexandre D, Andr\u00e9ine B, Dunia M, Guillaume T, Igors\u00adlep H, Laurent B, Leo\u00adnar\u00addo C, Marie A, Mou\u00adrad A, Nadine G.<\/p><p style=\"color:green; text-align:right !important;\">Article cr\u00e9\u00e9 le 16\/02\/2020<\/p>","protected":false},"excerpt":{"rendered":"<p>Danse forum\u2192 Comptes-ren\u00ad\u00addus des ate\u00adliers\u2192 Lam\u00adbesc !!L\u2019ouverture \u2013 2&nbsp;juin 2007 Nous \u00e9tions dix, et deux gui\u00adtares. La danse a&nbsp;\u00e9t\u00e9 fil\u00adm\u00e9e et pho\u00adto\u00adgra\u00adphi\u00e9e par Marie Agier, pour sapropre pra\u00adtique (sans publi\u00adca\u00adtion). Elle nous mon\u00adtre\u00adra quelques\u00e9chan\u00adtillons. Le th\u00e8me de l\u2019ouverture cor\u00adres\u00adpon\u00addait au d\u00e9sir. Il s\u2019est rap\u00e9 auxst\u00e9\u00adr\u00e9o\u00adtypes de l\u2019ouverture, qui ne pou\u00advaient satis\u00adfaire notreexi\u00adgence int\u00e9\u00adrieure. Exp\u00e9\u00adri\u00admen\u00adter que l\u2019ouverture peut mieux se r\u00e9v\u00e9\u00adler dans la qua\u00adli\u00adt\u00e9 dugeste que dans sa forme, plus dans l\u2019attention por\u00adt\u00e9e \u00e0&nbsp;l\u2019autre que\u00addans le geste fait vers lui,&nbsp;est&nbsp;[\u2026]<\/p>\n","protected":false},"author":2,"featured_media":0,"comment_status":"open","ping_status":"open","sticky":false,"template":"","format":"standard","meta":{"wp_typography_post_enhancements_disabled":false,"footnotes":""},"categories":[184],"tags":[208],"class_list":["post-127","post","type-post","status-publish","format-standard","hentry","category-ateliers_lambesc","tag-df_lambesc"],"yoast_head":"<!-- This site is optimized with the Yoast SEO plugin v27.5 - https:\/\/yoast.com\/product\/yoast-seo-wordpress\/ -->\n<title>L\u2019ouverture - Le TILT<\/title>\n<meta name=\"robots\" content=\"index, follow, max-snippet:-1, max-image-preview:large, max-video-preview:-1\" \/>\n<link rel=\"canonical\" href=\"https:\/\/www.leti.lt\/wordpress\/danseforum-louverture\/\" \/>\n<meta property=\"og:locale\" content=\"fr_FR\" \/>\n<meta property=\"og:type\" content=\"article\" \/>\n<meta property=\"og:title\" content=\"L\u2019ouverture - Le TILT\" \/>\n<meta property=\"og:description\" content=\"Danse forum\u2192 Comptes-ren\u00addus des ate\u00adliers\u2192 Lam\u00adbesc !!L\u2019ouverture \u2013 2&nbsp;juin 2007 Nous \u00e9tions dix, et deux guitares. La danse a&nbsp;\u00e9t\u00e9 fil\u00adm\u00e9e et pho\u00adto\u00adgra\u00adphi\u00e9e par Marie Agier, pour sapropre pra\u00adtique (sans publi\u00adca\u00adtion). Elle nous mon\u00adtre\u00adra quelques\u00e9chan\u00adtillons. Le th\u00e8me de l\u2019ouverture cor\u00adres\u00adpon\u00addait au d\u00e9sir. Il s\u2019est rap\u00e9 auxst\u00e9\u00adr\u00e9o\u00adtypes de l\u2019ouverture, qui ne pou\u00advaient satis\u00adfaire notreexi\u00adgence int\u00e9rieure. Exp\u00e9\u00adri\u00admen\u00adter que l\u2019ouverture peut mieux se r\u00e9v\u00e9\u00adler dans la qua\u00adli\u00adt\u00e9 dugeste que dans sa forme, plus dans l\u2019attention por\u00adt\u00e9e \u00e0&nbsp;l\u2019autre quedans le geste fait vers lui, est [&hellip;]\" \/>\n<meta property=\"og:url\" content=\"https:\/\/www.leti.lt\/wordpress\/danseforum-louverture\/\" \/>\n<meta property=\"og:site_name\" content=\"Le TILT\" \/>\n<meta property=\"article:published_time\" content=\"2020-02-16T14:30:32+00:00\" \/>\n<meta name=\"author\" content=\"Andr\u00e9ine Bel\" \/>\n<meta name=\"twitter:card\" content=\"summary_large_image\" \/>\n<meta name=\"twitter:label1\" content=\"\u00c9crit par\" \/>\n\t<meta name=\"twitter:data1\" content=\"Andr\u00e9ine Bel\" \/>\n\t<meta name=\"twitter:label2\" content=\"Dur\u00e9e de lecture estim\u00e9e\" \/>\n\t<meta name=\"twitter:data2\" content=\"2 minutes\" \/>\n<script type=\"application\/ld+json\" class=\"yoast-schema-graph\">{\"@context\":\"https:\\\/\\\/schema.org\",\"@graph\":[{\"@type\":\"Article\",\"@id\":\"https:\\\/\\\/www.leti.lt\\\/wordpress\\\/danseforum-louverture\\\/#article\",\"isPartOf\":{\"@id\":\"https:\\\/\\\/www.leti.lt\\\/wordpress\\\/danseforum-louverture\\\/\"},\"author\":{\"name\":\"Andr\u00e9ine Bel\",\"@id\":\"https:\\\/\\\/www.leti.lt\\\/wordpress\\\/#\\\/schema\\\/person\\\/9bb307b2af8fbb575bb3603e57951f75\"},\"headline\":\"L\u2019ouverture\",\"datePublished\":\"2020-02-16T14:30:32+00:00\",\"mainEntityOfPage\":{\"@id\":\"https:\\\/\\\/www.leti.lt\\\/wordpress\\\/danseforum-louverture\\\/\"},\"wordCount\":339,\"commentCount\":0,\"keywords\":[\"DF_Lambesc\"],\"articleSection\":[\"Ateliers Lambesc\"],\"inLanguage\":\"fr-FR\",\"potentialAction\":[{\"@type\":\"CommentAction\",\"name\":\"Comment\",\"target\":[\"https:\\\/\\\/www.leti.lt\\\/wordpress\\\/danseforum-louverture\\\/#respond\"]}]},{\"@type\":\"WebPage\",\"@id\":\"https:\\\/\\\/www.leti.lt\\\/wordpress\\\/danseforum-louverture\\\/\",\"url\":\"https:\\\/\\\/www.leti.lt\\\/wordpress\\\/danseforum-louverture\\\/\",\"name\":\"L\u2019ouverture - Le TILT\",\"isPartOf\":{\"@id\":\"https:\\\/\\\/www.leti.lt\\\/wordpress\\\/#website\"},\"datePublished\":\"2020-02-16T14:30:32+00:00\",\"author\":{\"@id\":\"https:\\\/\\\/www.leti.lt\\\/wordpress\\\/#\\\/schema\\\/person\\\/9bb307b2af8fbb575bb3603e57951f75\"},\"breadcrumb\":{\"@id\":\"https:\\\/\\\/www.leti.lt\\\/wordpress\\\/danseforum-louverture\\\/#breadcrumb\"},\"inLanguage\":\"fr-FR\",\"potentialAction\":[{\"@type\":\"ReadAction\",\"target\":[\"https:\\\/\\\/www.leti.lt\\\/wordpress\\\/danseforum-louverture\\\/\"]}]},{\"@type\":\"BreadcrumbList\",\"@id\":\"https:\\\/\\\/www.leti.lt\\\/wordpress\\\/danseforum-louverture\\\/#breadcrumb\",\"itemListElement\":[{\"@type\":\"ListItem\",\"position\":1,\"name\":\"Accueil\",\"item\":\"https:\\\/\\\/www.leti.lt\\\/wordpress\\\/\"},{\"@type\":\"ListItem\",\"position\":2,\"name\":\"L\u2019ouverture\"}]},{\"@type\":\"WebSite\",\"@id\":\"https:\\\/\\\/www.leti.lt\\\/wordpress\\\/#website\",\"url\":\"https:\\\/\\\/www.leti.lt\\\/wordpress\\\/\",\"name\":\"Le TILT\",\"description\":\"Recherche, publication, cr\u00e9ation artistique\",\"potentialAction\":[{\"@type\":\"SearchAction\",\"target\":{\"@type\":\"EntryPoint\",\"urlTemplate\":\"https:\\\/\\\/www.leti.lt\\\/wordpress\\\/?s={search_term_string}\"},\"query-input\":{\"@type\":\"PropertyValueSpecification\",\"valueRequired\":true,\"valueName\":\"search_term_string\"}}],\"inLanguage\":\"fr-FR\"},{\"@type\":\"Person\",\"@id\":\"https:\\\/\\\/www.leti.lt\\\/wordpress\\\/#\\\/schema\\\/person\\\/9bb307b2af8fbb575bb3603e57951f75\",\"name\":\"Andr\u00e9ine Bel\",\"image\":{\"@type\":\"ImageObject\",\"inLanguage\":\"fr-FR\",\"@id\":\"https:\\\/\\\/secure.gravatar.com\\\/avatar\\\/4ab041ec7c7ad3b90293023e86528ec1a700ce2971ff61811b2df6b288dd1f38?s=96&d=identicon&r=g\",\"url\":\"https:\\\/\\\/secure.gravatar.com\\\/avatar\\\/4ab041ec7c7ad3b90293023e86528ec1a700ce2971ff61811b2df6b288dd1f38?s=96&d=identicon&r=g\",\"contentUrl\":\"https:\\\/\\\/secure.gravatar.com\\\/avatar\\\/4ab041ec7c7ad3b90293023e86528ec1a700ce2971ff61811b2df6b288dd1f38?s=96&d=identicon&r=g\",\"caption\":\"Andr\u00e9ine Bel\"},\"url\":\"https:\\\/\\\/www.leti.lt\\\/wordpress\\\/author\\\/andreine\\\/\"}]}<\/script>\n<!-- \/ Yoast SEO plugin. -->","yoast_head_json":{"title":"L\u2019ouverture - Le TILT","robots":{"index":"index","follow":"follow","max-snippet":"max-snippet:-1","max-image-preview":"max-image-preview:large","max-video-preview":"max-video-preview:-1"},"canonical":"https:\/\/www.leti.lt\/wordpress\/danseforum-louverture\/","og_locale":"fr_FR","og_type":"article","og_title":"L\u2019ouverture - Le TILT","og_description":"Danse forum\u2192 Comptes-ren\u00addus des ate\u00adliers\u2192 Lam\u00adbesc !!L\u2019ouverture \u2013 2&nbsp;juin 2007 Nous \u00e9tions dix, et deux guitares. La danse a&nbsp;\u00e9t\u00e9 fil\u00adm\u00e9e et pho\u00adto\u00adgra\u00adphi\u00e9e par Marie Agier, pour sapropre pra\u00adtique (sans publi\u00adca\u00adtion). Elle nous mon\u00adtre\u00adra quelques\u00e9chan\u00adtillons. Le th\u00e8me de l\u2019ouverture cor\u00adres\u00adpon\u00addait au d\u00e9sir. Il s\u2019est rap\u00e9 auxst\u00e9\u00adr\u00e9o\u00adtypes de l\u2019ouverture, qui ne pou\u00advaient satis\u00adfaire notreexi\u00adgence int\u00e9rieure. Exp\u00e9\u00adri\u00admen\u00adter que l\u2019ouverture peut mieux se r\u00e9v\u00e9\u00adler dans la qua\u00adli\u00adt\u00e9 dugeste que dans sa forme, plus dans l\u2019attention por\u00adt\u00e9e \u00e0&nbsp;l\u2019autre quedans le geste fait vers lui, est [&hellip;]","og_url":"https:\/\/www.leti.lt\/wordpress\/danseforum-louverture\/","og_site_name":"Le TILT","article_published_time":"2020-02-16T14:30:32+00:00","author":"Andr\u00e9ine Bel","twitter_card":"summary_large_image","twitter_misc":{"\u00c9crit par":"Andr\u00e9ine Bel","Dur\u00e9e de lecture estim\u00e9e":"2 minutes"},"schema":{"@context":"https:\/\/schema.org","@graph":[{"@type":"Article","@id":"https:\/\/www.leti.lt\/wordpress\/danseforum-louverture\/#article","isPartOf":{"@id":"https:\/\/www.leti.lt\/wordpress\/danseforum-louverture\/"},"author":{"name":"Andr\u00e9ine Bel","@id":"https:\/\/www.leti.lt\/wordpress\/#\/schema\/person\/9bb307b2af8fbb575bb3603e57951f75"},"headline":"L\u2019ouverture","datePublished":"2020-02-16T14:30:32+00:00","mainEntityOfPage":{"@id":"https:\/\/www.leti.lt\/wordpress\/danseforum-louverture\/"},"wordCount":339,"commentCount":0,"keywords":["DF_Lambesc"],"articleSection":["Ateliers Lambesc"],"inLanguage":"fr-FR","potentialAction":[{"@type":"CommentAction","name":"Comment","target":["https:\/\/www.leti.lt\/wordpress\/danseforum-louverture\/#respond"]}]},{"@type":"WebPage","@id":"https:\/\/www.leti.lt\/wordpress\/danseforum-louverture\/","url":"https:\/\/www.leti.lt\/wordpress\/danseforum-louverture\/","name":"L\u2019ouverture - Le TILT","isPartOf":{"@id":"https:\/\/www.leti.lt\/wordpress\/#website"},"datePublished":"2020-02-16T14:30:32+00:00","author":{"@id":"https:\/\/www.leti.lt\/wordpress\/#\/schema\/person\/9bb307b2af8fbb575bb3603e57951f75"},"breadcrumb":{"@id":"https:\/\/www.leti.lt\/wordpress\/danseforum-louverture\/#breadcrumb"},"inLanguage":"fr-FR","potentialAction":[{"@type":"ReadAction","target":["https:\/\/www.leti.lt\/wordpress\/danseforum-louverture\/"]}]},{"@type":"BreadcrumbList","@id":"https:\/\/www.leti.lt\/wordpress\/danseforum-louverture\/#breadcrumb","itemListElement":[{"@type":"ListItem","position":1,"name":"Accueil","item":"https:\/\/www.leti.lt\/wordpress\/"},{"@type":"ListItem","position":2,"name":"L\u2019ouverture"}]},{"@type":"WebSite","@id":"https:\/\/www.leti.lt\/wordpress\/#website","url":"https:\/\/www.leti.lt\/wordpress\/","name":"Le TILT","description":"Recherche, publication, cr\u00e9ation artistique","potentialAction":[{"@type":"SearchAction","target":{"@type":"EntryPoint","urlTemplate":"https:\/\/www.leti.lt\/wordpress\/?s={search_term_string}"},"query-input":{"@type":"PropertyValueSpecification","valueRequired":true,"valueName":"search_term_string"}}],"inLanguage":"fr-FR"},{"@type":"Person","@id":"https:\/\/www.leti.lt\/wordpress\/#\/schema\/person\/9bb307b2af8fbb575bb3603e57951f75","name":"Andr\u00e9ine Bel","image":{"@type":"ImageObject","inLanguage":"fr-FR","@id":"https:\/\/secure.gravatar.com\/avatar\/4ab041ec7c7ad3b90293023e86528ec1a700ce2971ff61811b2df6b288dd1f38?s=96&d=identicon&r=g","url":"https:\/\/secure.gravatar.com\/avatar\/4ab041ec7c7ad3b90293023e86528ec1a700ce2971ff61811b2df6b288dd1f38?s=96&d=identicon&r=g","contentUrl":"https:\/\/secure.gravatar.com\/avatar\/4ab041ec7c7ad3b90293023e86528ec1a700ce2971ff61811b2df6b288dd1f38?s=96&d=identicon&r=g","caption":"Andr\u00e9ine Bel"},"url":"https:\/\/www.leti.lt\/wordpress\/author\/andreine\/"}]}},"_links":{"self":[{"href":"https:\/\/www.leti.lt\/wordpress\/wp-json\/wp\/v2\/posts\/127","targetHints":{"allow":["GET"]}}],"collection":[{"href":"https:\/\/www.leti.lt\/wordpress\/wp-json\/wp\/v2\/posts"}],"about":[{"href":"https:\/\/www.leti.lt\/wordpress\/wp-json\/wp\/v2\/types\/post"}],"author":[{"embeddable":true,"href":"https:\/\/www.leti.lt\/wordpress\/wp-json\/wp\/v2\/users\/2"}],"replies":[{"embeddable":true,"href":"https:\/\/www.leti.lt\/wordpress\/wp-json\/wp\/v2\/comments?post=127"}],"version-history":[{"count":0,"href":"https:\/\/www.leti.lt\/wordpress\/wp-json\/wp\/v2\/posts\/127\/revisions"}],"wp:attachment":[{"href":"https:\/\/www.leti.lt\/wordpress\/wp-json\/wp\/v2\/media?parent=127"}],"wp:term":[{"taxonomy":"category","embeddable":true,"href":"https:\/\/www.leti.lt\/wordpress\/wp-json\/wp\/v2\/categories?post=127"},{"taxonomy":"post_tag","embeddable":true,"href":"https:\/\/www.leti.lt\/wordpress\/wp-json\/wp\/v2\/tags?post=127"}],"curies":[{"name":"wp","href":"https:\/\/api.w.org\/{rel}","templated":true}]}}