{"id":126,"date":"2020-02-16T15:30:32","date_gmt":"2020-02-16T14:30:32","guid":{"rendered":"https:\/\/www.leti.lt\/wordpress\/?p=126"},"modified":"-0001-11-30T00:00:00","modified_gmt":"-0001-11-29T22:00:00","slug":"danseforum-lombreetlalumiere","status":"publish","type":"post","link":"https:\/\/www.leti.lt\/wordpress\/danseforum-lombreetlalumiere\/","title":{"rendered":"L\u2019ombre et la lumi\u00e8re"},"content":{"rendered":"<p><a href=\"https:\/\/www.leti.lt\/wordpress\/danseforum-danseforum\/\">Danse forum<\/a><br>\u2192 <a href=\"https:\/\/www.leti.lt\/wordpress\/danseforum-comptesrendusateliers\/\">Comptes-ren\u00addus des ate\u00adliers<\/a><br>\u2192 <a href=\"https:\/\/www.leti.lt\/wordpress\/danseforum-aixenprovence\/\">Aix-en-Pro\u00advence<\/a><br><br>!!L\u2019ombre et la lumi\u00e8re \u2013 19 d\u00e9cembre 2010, stu\u00addio For\u00adbin<br><br><br><br>Nous \u00e9tions huit pour cet ate\u00adlier de cette fin d\u2019ann\u00e9e 2010, entre ombre et lumi\u00e8re.<br><br>Je vou\u00adlais tes\u00adter l\u2019articulation DF et DR, en lan\u00ad\u00e7ant comme un d\u00e9fit la pro\u00adpo\u00adsi\u00adtion de faire de la danse recherche (la focale est la danse, et la pro\u00adbl\u00e9\u00adma\u00adti\u00adsa\u00adtion est \u00e0&nbsp;son ser\u00advice) mise en forum (on d\u00e9place la focale vers la pro\u00adbl\u00e9\u00adma\u00adti\u00adsa\u00adtion du th\u00e8me). Ce fut un flo\u00adri\u00adl\u00e8ge de focales&nbsp;!<br><br>Nous avons com\u00admen\u00adc\u00e9 autour de cette repro\u00adduc\u00adtion de la tem\u00adp\u00eate de neige de Tur\u00adner&nbsp;: <br><br>http:\/\/\u200bwww\u200b.pro\u200bduc\u200btion\u200bmyarts\u200b.com\/\u200bd\u200bo\u200bs\u200bs\u200bi\u200be\u200br\u200bs\u200b-\u200ba\u200br\u200bt\u200bi\u200bs\u200bt\u200be\u200bs\u200b\/\u200bt\u200bu\u200br\u200bn\u200be\u200br\u200b\/\u200bt\u200be\u200bm\u200bp\u200be\u200bt\u200be\u200b-\u200bn\u200be\u200bi\u200bg\u200be\u200b-\u200bv\u200ba\u200bp\u200be\u200bu\u200br\u200b-\u200bp\u200bo\u200br\u200bt\u200b-\u200b1\u200b8\u200b4\u200b2\u200b-\u200bf\u200br\u200b.\u200bhtm.<br><br>On entre\u00advoit un bateau toutes voiles bais\u00ads\u00e9es au milieu des \u00e9l\u00e9\u00adments d\u00e9cha\u00ee\u00adn\u00e9s entre mer et ciel. Tur\u00adner aurait para\u00eet-il deman\u00add\u00e9 \u00e0&nbsp;\u00eatre atta\u00adch\u00e9 au mat pour voir ce qu\u2019il se passe de l\u2019int\u00e9rieur d\u2019une tem\u00adp\u00eate.<br><br>En lais\u00adsant \u00ab&nbsp;repo\u00adser&nbsp;\u00bb le th\u00e8me et cette illus\u00adtra\u00adtion, nous avons trou\u00adv\u00e9 les sen\u00adsa\u00adtions cor\u00adpo\u00adrelles et leurs besoins&nbsp;:<br>- dis\u00adsy\u00adm\u00e9\u00adtrie, \u00e9chauf\u00adfe\u00adment de la hanche gauche<br>- trace de par\u00adfum d\u2019ail sur les mains, retour vers le nid fami\u00adlial, balan\u00adce\u00adment, ber\u00adce\u00adment<br>- ten\u00adsion des aines, le bas\u00adsin mis en relief comme une caverne d\u2019ombre<br>- points de den\u00adsi\u00adt\u00e9 variable selon le poids des appuis au sol.<br><br>Ou bien ce malaise de dire le silence&nbsp;: ne plus savoir dis\u00adcri\u00admi\u00adner, ni que choi\u00adsir \u00e0&nbsp;dire.<br><br>Ombre et lumi\u00e8re comme noir et blanc&nbsp;? Comme cou\u00adleurs fon\u00adc\u00e9es ou claires, intenses ou pas\u00adtel&nbsp;? Per\u00adcep\u00adtion dif\u00adf\u00e9\u00adrente selon la lumi\u00e8re&nbsp;: le noir et le blanc sont plus ou moins brillants ou mats.<br><br>Le contraste des cou\u00adleurs comme une contrac\u00adtion. Entre terre et ciel, ombres et lumi\u00e8res du corps, par\u00adties com\u00adpactes ou l\u00e9g\u00e8res, froides ou chaudes, conscientes ou incons\u00adcientes. Le haut du corps lumi\u00adneux, le bas sombre. Les id\u00e9es claires. Mais le th\u00e8me est obs\u00adcur\u2026 Comme une for\u00eat antique&nbsp;?<br><br>La cou\u00adleur comme une vibra\u00adtion, cha\u00adleur, ten\u00adsion \u2013 exten\u00adsion. Le mou\u00adve\u00adment gui\u00add\u00e9 par les zones d\u2019ombre et de lumi\u00e8re des corps, et de la pi\u00e8ce&nbsp;: on ne se cogne pas. Per\u00adce\u00advoir sans avoir \u00e0&nbsp;pr\u00e9\u00advoir.<br><br>R\u00e9ver\u00adb\u00e9\u00adra\u00adtion lumi\u00adneuse sur la terre sombre&nbsp;: je me tiens dans la lumi\u00e8re de mon corps, funam\u00adbule sur lignes au sol. Tan\u00adgo des points d\u2019appuis lumi\u00adneux.<br><br>Une r\u00e9con\u00adci\u00adlia\u00adtion&nbsp;: la masse noire de l\u2019int\u00e9rieur se colore, il suf\u00adfi\u00adrait d\u2019un rai de lumi\u00e8re pour faire appa\u00adra\u00eetre ses teintes, ses inten\u00adsi\u00adt\u00e9s. La plaie, le sang qui s\u2019\u00e9chappe, ne sont-ils pas gre\u00adnat&nbsp;? Les ten\u00addons et les os bien au chaud ne sont-ils pas nacr\u00e9s&nbsp;? Les dents, cou\u00adleur ivoire&nbsp;? Plon\u00adg\u00e9e en ivresse dans les arcanes du soi refl\u00e9\u00adtant le monde.<br><br>Le der\u00adviche tour\u00adneur&nbsp;: de sa main droite il boit le ciel et de la gauche caresse la terre, fai\u00adsant tour\u00adner dans les plis de sa robe blanche les cou\u00adleurs du monde.<br><br>La mort comme seul obs\u00adtacle v\u00e9ri\u00adtable \u00e0&nbsp;la danse.<br><br>Sen\u00adsa\u00adtion et repr\u00e9\u00adsen\u00adta\u00adtion nous appa\u00adraissent m\u00eal\u00e9es, indis\u00adso\u00adciables. Plon\u00adg\u00e9e dans le monde des asso\u00adcia\u00adtions.<br>Ombres et lumi\u00e8res de la musique.<br><br>Les Grecs anciens pen\u00adsaient que c\u2019est l\u2019\u0153il lui-m\u00eame qui pro\u00adjette la lumi\u00e8re sur les choses. La scin\u00adti\u00adgra\u00adphie fait-elle autre\u00adment&nbsp;? O\u00f9 est la r\u00e9a\u00adli\u00adt\u00e9, dans l\u2019\u0153il qui regarde, dans la chose regar\u00add\u00e9e, ou dans son reflet&nbsp;? Rumi de nou\u00adveau nous a&nbsp;visi\u00adt\u00e9. Et Abhi\u00adna\u00adva\u00adgup\u00adta&nbsp;: per\u00adce\u00advoir l\u2019obscurit\u00e9 \u00ab&nbsp;est&nbsp;\u00bb conscience lumi\u00adneuse (Vat\u00adsyayan 1968).<br><br>C\u2019est comme lorsqu\u2019on dort, on se r\u00e9veille tout dou\u00adce\u00adment, l\u2019aurore s\u2019annonce dans le r\u00e9veil de la lumi\u00e8re. Ver\u00adtige de la lumi\u00e8re.<br>Le regard d\u00e9nu\u00e9 du juge\u00adment esth\u00e9\u00adti\u00adsant, est-ce ce regard qui met en lumi\u00e8re&nbsp;?<br><br>Le ban\u00addeau de colin maillard peut aus\u00adsi \u00eatre le lieu de tous les abus, de tous les dan\u00adgers. Mais dan\u00adser avec les lumi\u00e8res \u00e0&nbsp;l\u2019int\u00e9rieur de soi et retrou\u00adver ses appuis est pos\u00adsible. Pou\u00advoir de nou\u00adveau s\u2019appuyer sur quelqu\u2019un, ne plus craindre.<br><br>Chan\u00adge\u00adment qua\u00adli\u00adta\u00adtif plu\u00adt\u00f4t que quan\u00adti\u00adta\u00adtif autour des inten\u00adsi\u00adt\u00e9s&nbsp;: les gri\u00adbouillis s\u2019\u00e9purent.<br><br>Ombres et lumi\u00e8res, c\u2019est aus\u00adsi pou\u00advoir \u00eatre p\u00e9trifi\u00e9(e) par l\u2019espace de danse, par le filtre des repr\u00e9\u00adsen\u00adta\u00adtions et des juge\u00adments&nbsp;: sans la l\u00e9gi\u00adti\u00admi\u00adt\u00e9 du \u00ab&nbsp;dan\u00adseur&nbsp;\u00bb, est-ce de la danse ce que je fais&nbsp;? Il a&nbsp;suf\u00adfi de les voir et les limites se sont \u00e9va\u00adnouies ou trans\u00admu\u00adt\u00e9es, \u00e9lar\u00adgis\u00adsant le cadre de la sc\u00e8ne et de la danse. Inter\u00adro\u00adger le cadre, pour le r\u00e9duire \u00e0&nbsp;son uti\u00adli\u00adt\u00e9 per\u00adcep\u00adtible.<br><br>La lumi\u00e8re se tra\u00advaille\u2026<br><br>Andr\u00e9ine Bel<br><br>d\u2019apr\u00e8s les retours de&nbsp;: Andr\u00e9ine B, Ber\u00adnard B, C\u00e9cile M, H\u00e9l\u00e8ne M, C\u00e9line L, Minh N\u2011G, Nadine G, Marit\u00adza S.<br><br>PS&nbsp;: Le m\u00eame jour, il y&nbsp;avait ate\u00adlier de danse forum sur \u00ab&nbsp;L\u2019errance&nbsp;\u00bb, \u00e0&nbsp;St Etienne les Orgues. Le compte-ren\u00addu (lumi\u00adneux intense) de Johan\u00adna est sur ce wiki<br><br>http:\/\/\u200bwiki\u200b.leti\u200b.lt\/\u200bD\u200ba\u200bn\u200bs\u200be\u200bF\u200bo\u200br\u200bu\u200bm\u200b\/\u200bL\u200bE\u200br\u200br\u200ba\u200bnce<\/p><p style=\"color:green; text-align:right !important;\">Article cr\u00e9\u00e9 le 16\/02\/2020<\/p>","protected":false},"excerpt":{"rendered":"<p>Danse forum\u2192 Comptes-ren\u00ad\u00addus des ate\u00adliers\u2192 Aix-en-Pro\u00ad\u00advence !!L\u2019ombre et la lumi\u00e8re \u2013 19 d\u00e9cembre 2010, stu\u00addio For\u00adbin Nous \u00e9tions huit pour cet ate\u00adlier de cette fin d\u2019ann\u00e9e 2010, entre ombre et lumi\u00e8re. Je vou\u00adlais tes\u00adter l\u2019articulation DF et DR, en lan\u00ad\u00e7ant comme un d\u00e9fit la pro\u00adpo\u00adsi\u00adtion de faire de la danse recherche (la focale est la danse, et la pro\u00adbl\u00e9\u00adma\u00adti\u00adsa\u00adtion est \u00e0&nbsp;son ser\u00advice) mise en forum (on d\u00e9place la focale vers la pro\u00adbl\u00e9\u00adma\u00adti\u00adsa\u00adtion du th\u00e8me). Ce fut un flo\u00adri\u00adl\u00e8ge de focales&nbsp;!&nbsp;[\u2026]<\/p>\n","protected":false},"author":2,"featured_media":0,"comment_status":"open","ping_status":"open","sticky":false,"template":"","format":"standard","meta":{"wp_typography_post_enhancements_disabled":false,"footnotes":""},"categories":[133],"tags":[210],"class_list":["post-126","post","type-post","status-publish","format-standard","hentry","category-ateliers_aix","tag-df_aixenprovence"],"yoast_head":"<!-- This site is optimized with the Yoast SEO plugin v27.5 - https:\/\/yoast.com\/product\/yoast-seo-wordpress\/ -->\n<title>L\u2019ombre et la lumi\u00e8re - Le TILT<\/title>\n<meta name=\"robots\" content=\"index, follow, max-snippet:-1, max-image-preview:large, max-video-preview:-1\" \/>\n<link rel=\"canonical\" href=\"https:\/\/www.leti.lt\/wordpress\/danseforum-lombreetlalumiere\/\" \/>\n<meta property=\"og:locale\" content=\"fr_FR\" \/>\n<meta property=\"og:type\" content=\"article\" \/>\n<meta property=\"og:title\" content=\"L\u2019ombre et la lumi\u00e8re - Le TILT\" \/>\n<meta property=\"og:description\" content=\"Danse forum\u2192 Comptes-ren\u00addus des ate\u00adliers\u2192 Aix-en-Pro\u00advence !!L\u2019ombre et la lumi\u00e8re \u2013 19 d\u00e9cembre 2010, stu\u00addio Forbin Nous \u00e9tions huit pour cet ate\u00adlier de cette fin d\u2019ann\u00e9e 2010, entre ombre et lumi\u00e8re. Je vou\u00adlais tes\u00adter l\u2019articulation DF et DR, en lan\u00ad\u00e7ant comme un d\u00e9fit la pro\u00adpo\u00adsi\u00adtion de faire de la danse recherche (la focale est la danse, et la pro\u00adbl\u00e9\u00adma\u00adti\u00adsa\u00adtion est \u00e0&nbsp;son ser\u00advice) mise en forum (on d\u00e9place la focale vers la pro\u00adbl\u00e9\u00adma\u00adti\u00adsa\u00adtion du th\u00e8me). Ce fut un flo\u00adri\u00adl\u00e8ge de focales&nbsp;! [&hellip;]\" \/>\n<meta property=\"og:url\" content=\"https:\/\/www.leti.lt\/wordpress\/danseforum-lombreetlalumiere\/\" \/>\n<meta property=\"og:site_name\" content=\"Le TILT\" \/>\n<meta property=\"article:published_time\" content=\"2020-02-16T14:30:32+00:00\" \/>\n<meta name=\"author\" content=\"Andr\u00e9ine Bel\" \/>\n<meta name=\"twitter:card\" content=\"summary_large_image\" \/>\n<meta name=\"twitter:label1\" content=\"\u00c9crit par\" \/>\n\t<meta name=\"twitter:data1\" content=\"Andr\u00e9ine Bel\" \/>\n\t<meta name=\"twitter:label2\" content=\"Dur\u00e9e de lecture estim\u00e9e\" \/>\n\t<meta name=\"twitter:data2\" content=\"4 minutes\" \/>\n<script type=\"application\/ld+json\" class=\"yoast-schema-graph\">{\"@context\":\"https:\\\/\\\/schema.org\",\"@graph\":[{\"@type\":\"Article\",\"@id\":\"https:\\\/\\\/www.leti.lt\\\/wordpress\\\/danseforum-lombreetlalumiere\\\/#article\",\"isPartOf\":{\"@id\":\"https:\\\/\\\/www.leti.lt\\\/wordpress\\\/danseforum-lombreetlalumiere\\\/\"},\"author\":{\"name\":\"Andr\u00e9ine Bel\",\"@id\":\"https:\\\/\\\/www.leti.lt\\\/wordpress\\\/#\\\/schema\\\/person\\\/9bb307b2af8fbb575bb3603e57951f75\"},\"headline\":\"L\u2019ombre et la lumi\u00e8re\",\"datePublished\":\"2020-02-16T14:30:32+00:00\",\"mainEntityOfPage\":{\"@id\":\"https:\\\/\\\/www.leti.lt\\\/wordpress\\\/danseforum-lombreetlalumiere\\\/\"},\"wordCount\":843,\"commentCount\":0,\"keywords\":[\"DF_AixEnProvence\"],\"articleSection\":[\"Ateliers Aix\"],\"inLanguage\":\"fr-FR\",\"potentialAction\":[{\"@type\":\"CommentAction\",\"name\":\"Comment\",\"target\":[\"https:\\\/\\\/www.leti.lt\\\/wordpress\\\/danseforum-lombreetlalumiere\\\/#respond\"]}]},{\"@type\":\"WebPage\",\"@id\":\"https:\\\/\\\/www.leti.lt\\\/wordpress\\\/danseforum-lombreetlalumiere\\\/\",\"url\":\"https:\\\/\\\/www.leti.lt\\\/wordpress\\\/danseforum-lombreetlalumiere\\\/\",\"name\":\"L\u2019ombre et la lumi\u00e8re - Le TILT\",\"isPartOf\":{\"@id\":\"https:\\\/\\\/www.leti.lt\\\/wordpress\\\/#website\"},\"datePublished\":\"2020-02-16T14:30:32+00:00\",\"author\":{\"@id\":\"https:\\\/\\\/www.leti.lt\\\/wordpress\\\/#\\\/schema\\\/person\\\/9bb307b2af8fbb575bb3603e57951f75\"},\"breadcrumb\":{\"@id\":\"https:\\\/\\\/www.leti.lt\\\/wordpress\\\/danseforum-lombreetlalumiere\\\/#breadcrumb\"},\"inLanguage\":\"fr-FR\",\"potentialAction\":[{\"@type\":\"ReadAction\",\"target\":[\"https:\\\/\\\/www.leti.lt\\\/wordpress\\\/danseforum-lombreetlalumiere\\\/\"]}]},{\"@type\":\"BreadcrumbList\",\"@id\":\"https:\\\/\\\/www.leti.lt\\\/wordpress\\\/danseforum-lombreetlalumiere\\\/#breadcrumb\",\"itemListElement\":[{\"@type\":\"ListItem\",\"position\":1,\"name\":\"Accueil\",\"item\":\"https:\\\/\\\/www.leti.lt\\\/wordpress\\\/\"},{\"@type\":\"ListItem\",\"position\":2,\"name\":\"L\u2019ombre et la lumi\u00e8re\"}]},{\"@type\":\"WebSite\",\"@id\":\"https:\\\/\\\/www.leti.lt\\\/wordpress\\\/#website\",\"url\":\"https:\\\/\\\/www.leti.lt\\\/wordpress\\\/\",\"name\":\"Le TILT\",\"description\":\"Recherche, publication, cr\u00e9ation artistique\",\"potentialAction\":[{\"@type\":\"SearchAction\",\"target\":{\"@type\":\"EntryPoint\",\"urlTemplate\":\"https:\\\/\\\/www.leti.lt\\\/wordpress\\\/?s={search_term_string}\"},\"query-input\":{\"@type\":\"PropertyValueSpecification\",\"valueRequired\":true,\"valueName\":\"search_term_string\"}}],\"inLanguage\":\"fr-FR\"},{\"@type\":\"Person\",\"@id\":\"https:\\\/\\\/www.leti.lt\\\/wordpress\\\/#\\\/schema\\\/person\\\/9bb307b2af8fbb575bb3603e57951f75\",\"name\":\"Andr\u00e9ine Bel\",\"image\":{\"@type\":\"ImageObject\",\"inLanguage\":\"fr-FR\",\"@id\":\"https:\\\/\\\/secure.gravatar.com\\\/avatar\\\/4ab041ec7c7ad3b90293023e86528ec1a700ce2971ff61811b2df6b288dd1f38?s=96&d=identicon&r=g\",\"url\":\"https:\\\/\\\/secure.gravatar.com\\\/avatar\\\/4ab041ec7c7ad3b90293023e86528ec1a700ce2971ff61811b2df6b288dd1f38?s=96&d=identicon&r=g\",\"contentUrl\":\"https:\\\/\\\/secure.gravatar.com\\\/avatar\\\/4ab041ec7c7ad3b90293023e86528ec1a700ce2971ff61811b2df6b288dd1f38?s=96&d=identicon&r=g\",\"caption\":\"Andr\u00e9ine Bel\"},\"url\":\"https:\\\/\\\/www.leti.lt\\\/wordpress\\\/author\\\/andreine\\\/\"}]}<\/script>\n<!-- \/ Yoast SEO plugin. -->","yoast_head_json":{"title":"L\u2019ombre et la lumi\u00e8re - Le TILT","robots":{"index":"index","follow":"follow","max-snippet":"max-snippet:-1","max-image-preview":"max-image-preview:large","max-video-preview":"max-video-preview:-1"},"canonical":"https:\/\/www.leti.lt\/wordpress\/danseforum-lombreetlalumiere\/","og_locale":"fr_FR","og_type":"article","og_title":"L\u2019ombre et la lumi\u00e8re - Le TILT","og_description":"Danse forum\u2192 Comptes-ren\u00addus des ate\u00adliers\u2192 Aix-en-Pro\u00advence !!L\u2019ombre et la lumi\u00e8re \u2013 19 d\u00e9cembre 2010, stu\u00addio Forbin Nous \u00e9tions huit pour cet ate\u00adlier de cette fin d\u2019ann\u00e9e 2010, entre ombre et lumi\u00e8re. Je vou\u00adlais tes\u00adter l\u2019articulation DF et DR, en lan\u00ad\u00e7ant comme un d\u00e9fit la pro\u00adpo\u00adsi\u00adtion de faire de la danse recherche (la focale est la danse, et la pro\u00adbl\u00e9\u00adma\u00adti\u00adsa\u00adtion est \u00e0&nbsp;son ser\u00advice) mise en forum (on d\u00e9place la focale vers la pro\u00adbl\u00e9\u00adma\u00adti\u00adsa\u00adtion du th\u00e8me). Ce fut un flo\u00adri\u00adl\u00e8ge de focales&nbsp;! [&hellip;]","og_url":"https:\/\/www.leti.lt\/wordpress\/danseforum-lombreetlalumiere\/","og_site_name":"Le TILT","article_published_time":"2020-02-16T14:30:32+00:00","author":"Andr\u00e9ine Bel","twitter_card":"summary_large_image","twitter_misc":{"\u00c9crit par":"Andr\u00e9ine Bel","Dur\u00e9e de lecture estim\u00e9e":"4 minutes"},"schema":{"@context":"https:\/\/schema.org","@graph":[{"@type":"Article","@id":"https:\/\/www.leti.lt\/wordpress\/danseforum-lombreetlalumiere\/#article","isPartOf":{"@id":"https:\/\/www.leti.lt\/wordpress\/danseforum-lombreetlalumiere\/"},"author":{"name":"Andr\u00e9ine Bel","@id":"https:\/\/www.leti.lt\/wordpress\/#\/schema\/person\/9bb307b2af8fbb575bb3603e57951f75"},"headline":"L\u2019ombre et la lumi\u00e8re","datePublished":"2020-02-16T14:30:32+00:00","mainEntityOfPage":{"@id":"https:\/\/www.leti.lt\/wordpress\/danseforum-lombreetlalumiere\/"},"wordCount":843,"commentCount":0,"keywords":["DF_AixEnProvence"],"articleSection":["Ateliers Aix"],"inLanguage":"fr-FR","potentialAction":[{"@type":"CommentAction","name":"Comment","target":["https:\/\/www.leti.lt\/wordpress\/danseforum-lombreetlalumiere\/#respond"]}]},{"@type":"WebPage","@id":"https:\/\/www.leti.lt\/wordpress\/danseforum-lombreetlalumiere\/","url":"https:\/\/www.leti.lt\/wordpress\/danseforum-lombreetlalumiere\/","name":"L\u2019ombre et la lumi\u00e8re - Le TILT","isPartOf":{"@id":"https:\/\/www.leti.lt\/wordpress\/#website"},"datePublished":"2020-02-16T14:30:32+00:00","author":{"@id":"https:\/\/www.leti.lt\/wordpress\/#\/schema\/person\/9bb307b2af8fbb575bb3603e57951f75"},"breadcrumb":{"@id":"https:\/\/www.leti.lt\/wordpress\/danseforum-lombreetlalumiere\/#breadcrumb"},"inLanguage":"fr-FR","potentialAction":[{"@type":"ReadAction","target":["https:\/\/www.leti.lt\/wordpress\/danseforum-lombreetlalumiere\/"]}]},{"@type":"BreadcrumbList","@id":"https:\/\/www.leti.lt\/wordpress\/danseforum-lombreetlalumiere\/#breadcrumb","itemListElement":[{"@type":"ListItem","position":1,"name":"Accueil","item":"https:\/\/www.leti.lt\/wordpress\/"},{"@type":"ListItem","position":2,"name":"L\u2019ombre et la lumi\u00e8re"}]},{"@type":"WebSite","@id":"https:\/\/www.leti.lt\/wordpress\/#website","url":"https:\/\/www.leti.lt\/wordpress\/","name":"Le TILT","description":"Recherche, publication, cr\u00e9ation artistique","potentialAction":[{"@type":"SearchAction","target":{"@type":"EntryPoint","urlTemplate":"https:\/\/www.leti.lt\/wordpress\/?s={search_term_string}"},"query-input":{"@type":"PropertyValueSpecification","valueRequired":true,"valueName":"search_term_string"}}],"inLanguage":"fr-FR"},{"@type":"Person","@id":"https:\/\/www.leti.lt\/wordpress\/#\/schema\/person\/9bb307b2af8fbb575bb3603e57951f75","name":"Andr\u00e9ine Bel","image":{"@type":"ImageObject","inLanguage":"fr-FR","@id":"https:\/\/secure.gravatar.com\/avatar\/4ab041ec7c7ad3b90293023e86528ec1a700ce2971ff61811b2df6b288dd1f38?s=96&d=identicon&r=g","url":"https:\/\/secure.gravatar.com\/avatar\/4ab041ec7c7ad3b90293023e86528ec1a700ce2971ff61811b2df6b288dd1f38?s=96&d=identicon&r=g","contentUrl":"https:\/\/secure.gravatar.com\/avatar\/4ab041ec7c7ad3b90293023e86528ec1a700ce2971ff61811b2df6b288dd1f38?s=96&d=identicon&r=g","caption":"Andr\u00e9ine Bel"},"url":"https:\/\/www.leti.lt\/wordpress\/author\/andreine\/"}]}},"_links":{"self":[{"href":"https:\/\/www.leti.lt\/wordpress\/wp-json\/wp\/v2\/posts\/126","targetHints":{"allow":["GET"]}}],"collection":[{"href":"https:\/\/www.leti.lt\/wordpress\/wp-json\/wp\/v2\/posts"}],"about":[{"href":"https:\/\/www.leti.lt\/wordpress\/wp-json\/wp\/v2\/types\/post"}],"author":[{"embeddable":true,"href":"https:\/\/www.leti.lt\/wordpress\/wp-json\/wp\/v2\/users\/2"}],"replies":[{"embeddable":true,"href":"https:\/\/www.leti.lt\/wordpress\/wp-json\/wp\/v2\/comments?post=126"}],"version-history":[{"count":0,"href":"https:\/\/www.leti.lt\/wordpress\/wp-json\/wp\/v2\/posts\/126\/revisions"}],"wp:attachment":[{"href":"https:\/\/www.leti.lt\/wordpress\/wp-json\/wp\/v2\/media?parent=126"}],"wp:term":[{"taxonomy":"category","embeddable":true,"href":"https:\/\/www.leti.lt\/wordpress\/wp-json\/wp\/v2\/categories?post=126"},{"taxonomy":"post_tag","embeddable":true,"href":"https:\/\/www.leti.lt\/wordpress\/wp-json\/wp\/v2\/tags?post=126"}],"curies":[{"name":"wp","href":"https:\/\/api.w.org\/{rel}","templated":true}]}}