{"id":125,"date":"2020-02-16T15:30:32","date_gmt":"2020-02-16T14:30:32","guid":{"rendered":"https:\/\/www.leti.lt\/wordpress\/?p=125"},"modified":"-0001-11-30T00:00:00","modified_gmt":"-0001-11-29T22:00:00","slug":"danseforum-linterieuretlexterieur","status":"publish","type":"post","link":"https:\/\/www.leti.lt\/wordpress\/danseforum-linterieuretlexterieur\/","title":{"rendered":"L\u2019interieur et l\u2019ext\u00e9rieur"},"content":{"rendered":"<p><a href=\"https:\/\/www.leti.lt\/wordpress\/danseforum-danseforum\/\">Danse forum<\/a><br>\u2192 <a href=\"https:\/\/www.leti.lt\/wordpress\/danseforum-comptesrendusateliers\/\">Comptes-ren\u00addus des ate\u00adliers<\/a><br>\u2192 <a href=\"https:\/\/www.leti.lt\/wordpress\/danseforum-lambesc\/\">Lam\u00adbesc<\/a><br><br>!!L\u2019int\u00e9rieur et l\u2019ext\u00e9rieur \u2013 30 juin 2007<br><br>Nous \u00e9tions trois pour cette der\u00adni\u00e8re s\u00e9ance de juin et de l\u2019ann\u00e9e 2006\u200a\u2013\u200a2007.<br><br>Les sen\u00adsa\u00adtions \u00e9taient&nbsp;: l\u2019angoisse, la fatigue, la lour\u00addeur au plexus.<br><br>En por\u00adtant l\u2019attention sur ces sen\u00adsa\u00adtions, nous avons per\u00ad\u00e7u les besoins du corps. L\u2019angoisse op\u00e9\u00adrait de larges mou\u00adve\u00adments internes que le dan\u00adseur per\u00adce\u00advait sans les expri\u00admer ext\u00e9\u00adrieu\u00adre\u00adment. La fatigue cr\u00e9ait des pico\u00adte\u00adments dans les membres immo\u00adbiles. La lour\u00addeur sur le plexus ame\u00adnait le corps \u00e0&nbsp;se posi\u00adtion\u00adner pour exer\u00adcer plus de poids (pas\u00adsif) sur le plexus.<br><br>Nous nous sommes dits que les mou\u00adve\u00adments internes, cela ris\u00adquait de pas don\u00adner grand chose de visible\u2026 mais nous \u00e9tions pr\u00eats \u00e0&nbsp;prendre le risque (nous \u00e9tions entre nous&nbsp;!). Et nous avons vu que nous bou\u00adgions quand-m\u00eame.<br><br>Quelques fois, cette ext\u00e9\u00adrio\u00adri\u00adsa\u00adtion nous d\u00e9con\u00adnec\u00adtait des mou\u00adve\u00adments internes et avec eux de nos sen\u00adsa\u00adtions.<br><br>La ques\u00adtion pen\u00addant le forum s\u2019est for\u00admu\u00adl\u00e9e ain\u00adsi&nbsp;: est-il pos\u00adsible de pas\u00adser des mou\u00adve\u00adments internes (qui ne se voient pas) aux mou\u00adve\u00adments externes (qui se voient), sans perdre la sen\u00adsa\u00adtion&nbsp;?<br><br>Le pre\u00admier essai du pre\u00admier dan\u00adseur, a&nbsp;\u00e9t\u00e9 magique&nbsp;: le pas\u00adsage s\u2019est fait en conti\u00adnui\u00adt\u00e9, le mou\u00adve\u00adment ext\u00e9\u00adrio\u00adri\u00ads\u00e9 nous don\u00adnait \u00e0&nbsp;voir le mou\u00adve\u00adment interne et le nour\u00adris\u00adsait. Pour la pemi\u00e8re fois le dan\u00adseur, sans savoir \u00e0&nbsp;l\u2019avance que qu\u2019il allait faire, arri\u00advait \u00e0&nbsp;poser son regard sur la danse reli\u00e9e aux sen\u00adsa\u00adtions en la lais\u00adsant s\u2019\u00e9panouir.<br><br>Le pre\u00admier essai du deuxi\u00e8me dan\u00adseur \u00e9tait aus\u00adsi bou\u00adle\u00adver\u00adsant&nbsp;: il a&nbsp;che\u00advau\u00adch\u00e9 la fron\u00adti\u00e8re entre int\u00e9\u00adrieur et ext\u00e9\u00adrieur, ne pou\u00advant se d\u00e9ci\u00adder pour un uni\u00advers ou pour l\u2019autre. Les aller-retours \u00e9taient rapides, vas\u00adcil\u00adlants et don\u00adnaient une fra\u00adgi\u00adli\u00adt\u00e9 que seule la len\u00adteur arri\u00advait \u00e0&nbsp;conte\u00adnir et trans\u00adfor\u00admer en force.<br><br>Puis se fut un long pur\u00adga\u00adtoire pour les deux dan\u00adseurs. Rien n\u2019allait plus&nbsp;: ni le mou\u00adve\u00adment int\u00e9\u00adrio\u00adri\u00ads\u00e9, ni ext\u00e9\u00adrio\u00adri\u00ads\u00e9, le pas\u00adsage ne se fai\u00adsait pas, les mou\u00adve\u00adments \u00e9taient \u00ab&nbsp;\u00e0&nbsp;c\u00f4t\u00e9&nbsp;\u00bb des \u00eatres. Nous \u00e9tions tom\u00adb\u00e9s dans les st\u00e9\u00adr\u00e9o\u00adtypes si ennuyeux qu\u2019il a&nbsp;bien fal\u00adlu reprendre le fil l\u00e0 o\u00f9 il s\u2019\u00e9tait per\u00addu.<br><br>Retour donc \u00e0&nbsp;la sen\u00adsa\u00adtion, en allant de l\u2019ext\u00e9riorisation \u00e0&nbsp;l\u2019int\u00e9riorisation des mou\u00adve\u00adments. L\u2019un s\u2019est vu pro\u00adje\u00adt\u00e9, hap\u00adp\u00e9 par l\u2019int\u00e9riorisation, ce qui le sur\u00adprit. L\u2019autre a&nbsp;d\u00e9cou\u00advert cette grande soif des mou\u00adve\u00adments internes.<br><br>Puis les deux dan\u00adseurs dans l\u2019espace sc\u00e9\u00adnique, l\u2019un en mou\u00adve\u00adment interne, l\u2019autre en mou\u00adve\u00adment ext\u00e9\u00adrio\u00adri\u00ads\u00e9&nbsp;: ren\u00adcontre aus\u00adsi impro\u00adbable que dif\u00adfi\u00adcile.<br><br>Aus\u00adsi, nous en sommes venus \u00e0&nbsp;ce mou\u00adve\u00adment double et \u00e0&nbsp;contre-sens, un dan\u00adseur allant d\u2019un mou\u00adve\u00adment int\u00e9\u00adrieur vers l\u2019ext\u00e9rieur, l\u2019autre du mou\u00adve\u00adment ext\u00e9\u00adrieur vers l\u2019int\u00e9rieur. Et la magie a&nbsp;eu lieu pour la deuxi\u00e8me fois, dans ce frot\u00adte\u00adment pri\u00admor\u00addial, ce \u00ab&nbsp;barat\u00adte\u00adment de la mer de lait&nbsp;\u00bb entre ce qui s\u2019int\u00e9riorise et ce qui s\u2019ext\u00e9riorise.<br><br>Andr\u00e9ine Bel<br><br>d\u2019apr\u00e8s les retours de&nbsp;: Andr\u00e9ine B, Guillaume T, Laurent B.<\/p><p style=\"color:green; text-align:right !important;\">Article cr\u00e9\u00e9 le 16\/02\/2020<\/p>","protected":false},"excerpt":{"rendered":"<p>Danse forum\u2192 Comptes-ren\u00ad\u00addus des ate\u00adliers\u2192 Lam\u00adbesc !!L\u2019int\u00e9rieur et l\u2019ext\u00e9rieur \u2013 30 juin&nbsp;2007 Nous \u00e9tions trois pour cette der\u00adni\u00e8re s\u00e9ance de juin et de l\u2019ann\u00e9e 2006 \u2013 2007. Les sen\u00adsa\u00adtions \u00e9taient&nbsp;: l\u2019angoisse, la fatigue, la lour\u00addeur au plexus. En por\u00adtant l\u2019attention sur ces sen\u00adsa\u00adtions, nous avons per\u00ad\u00e7u les besoins du corps. L\u2019angoisse op\u00e9\u00adrait de larges mou\u00adve\u00adments internes que le dan\u00adseur per\u00adce\u00advait sans les expri\u00admer ext\u00e9\u00adrieu\u00adre\u00adment. La fatigue cr\u00e9ait des pico\u00adte\u00adments dans les membres immo\u00adbiles. La lour\u00addeur sur le plexus ame\u00adnait le corps \u00e0&nbsp;se&nbsp;[\u2026]<\/p>\n","protected":false},"author":2,"featured_media":0,"comment_status":"open","ping_status":"open","sticky":false,"template":"","format":"standard","meta":{"wp_typography_post_enhancements_disabled":false,"footnotes":""},"categories":[184],"tags":[208],"class_list":["post-125","post","type-post","status-publish","format-standard","hentry","category-ateliers_lambesc","tag-df_lambesc"],"yoast_head":"<!-- This site is optimized with the Yoast SEO plugin v27.5 - https:\/\/yoast.com\/product\/yoast-seo-wordpress\/ -->\n<title>L\u2019interieur et l\u2019ext\u00e9rieur - Le TILT<\/title>\n<meta name=\"robots\" content=\"index, follow, max-snippet:-1, max-image-preview:large, max-video-preview:-1\" \/>\n<link rel=\"canonical\" href=\"https:\/\/www.leti.lt\/wordpress\/danseforum-linterieuretlexterieur\/\" \/>\n<meta property=\"og:locale\" content=\"fr_FR\" \/>\n<meta property=\"og:type\" content=\"article\" \/>\n<meta property=\"og:title\" content=\"L\u2019interieur et l\u2019ext\u00e9rieur - Le TILT\" \/>\n<meta property=\"og:description\" content=\"Danse forum\u2192 Comptes-ren\u00addus des ate\u00adliers\u2192 Lam\u00adbesc !!L\u2019int\u00e9rieur et l\u2019ext\u00e9rieur \u2013 30 juin&nbsp;2007 Nous \u00e9tions trois pour cette der\u00adni\u00e8re s\u00e9ance de juin et de l\u2019ann\u00e9e 2006\u200a\u2013\u200a2007. Les sen\u00adsa\u00adtions \u00e9taient&nbsp;: l\u2019angoisse, la fatigue, la lour\u00addeur au plexus. En por\u00adtant l\u2019attention sur ces sen\u00adsa\u00adtions, nous avons per\u00ad\u00e7u les besoins du corps. L\u2019angoisse op\u00e9\u00adrait de larges mou\u00adve\u00adments internes que le dan\u00adseur per\u00adce\u00advait sans les expri\u00admer ext\u00e9\u00adrieu\u00adre\u00adment. La fatigue cr\u00e9ait des pico\u00adte\u00adments dans les membres immo\u00adbiles. La lour\u00addeur sur le plexus ame\u00adnait le corps \u00e0&nbsp;se [&hellip;]\" \/>\n<meta property=\"og:url\" content=\"https:\/\/www.leti.lt\/wordpress\/danseforum-linterieuretlexterieur\/\" \/>\n<meta property=\"og:site_name\" content=\"Le TILT\" \/>\n<meta property=\"article:published_time\" content=\"2020-02-16T14:30:32+00:00\" \/>\n<meta name=\"author\" content=\"Andr\u00e9ine Bel\" \/>\n<meta name=\"twitter:card\" content=\"summary_large_image\" \/>\n<meta name=\"twitter:label1\" content=\"\u00c9crit par\" \/>\n\t<meta name=\"twitter:data1\" content=\"Andr\u00e9ine Bel\" \/>\n\t<meta name=\"twitter:label2\" content=\"Dur\u00e9e de lecture estim\u00e9e\" \/>\n\t<meta name=\"twitter:data2\" content=\"3 minutes\" \/>\n<script type=\"application\/ld+json\" class=\"yoast-schema-graph\">{\"@context\":\"https:\\\/\\\/schema.org\",\"@graph\":[{\"@type\":\"Article\",\"@id\":\"https:\\\/\\\/www.leti.lt\\\/wordpress\\\/danseforum-linterieuretlexterieur\\\/#article\",\"isPartOf\":{\"@id\":\"https:\\\/\\\/www.leti.lt\\\/wordpress\\\/danseforum-linterieuretlexterieur\\\/\"},\"author\":{\"name\":\"Andr\u00e9ine Bel\",\"@id\":\"https:\\\/\\\/www.leti.lt\\\/wordpress\\\/#\\\/schema\\\/person\\\/9bb307b2af8fbb575bb3603e57951f75\"},\"headline\":\"L\u2019interieur et l\u2019ext\u00e9rieur\",\"datePublished\":\"2020-02-16T14:30:32+00:00\",\"mainEntityOfPage\":{\"@id\":\"https:\\\/\\\/www.leti.lt\\\/wordpress\\\/danseforum-linterieuretlexterieur\\\/\"},\"wordCount\":519,\"commentCount\":0,\"keywords\":[\"DF_Lambesc\"],\"articleSection\":[\"Ateliers Lambesc\"],\"inLanguage\":\"fr-FR\",\"potentialAction\":[{\"@type\":\"CommentAction\",\"name\":\"Comment\",\"target\":[\"https:\\\/\\\/www.leti.lt\\\/wordpress\\\/danseforum-linterieuretlexterieur\\\/#respond\"]}]},{\"@type\":\"WebPage\",\"@id\":\"https:\\\/\\\/www.leti.lt\\\/wordpress\\\/danseforum-linterieuretlexterieur\\\/\",\"url\":\"https:\\\/\\\/www.leti.lt\\\/wordpress\\\/danseforum-linterieuretlexterieur\\\/\",\"name\":\"L\u2019interieur et l\u2019ext\u00e9rieur - Le TILT\",\"isPartOf\":{\"@id\":\"https:\\\/\\\/www.leti.lt\\\/wordpress\\\/#website\"},\"datePublished\":\"2020-02-16T14:30:32+00:00\",\"author\":{\"@id\":\"https:\\\/\\\/www.leti.lt\\\/wordpress\\\/#\\\/schema\\\/person\\\/9bb307b2af8fbb575bb3603e57951f75\"},\"breadcrumb\":{\"@id\":\"https:\\\/\\\/www.leti.lt\\\/wordpress\\\/danseforum-linterieuretlexterieur\\\/#breadcrumb\"},\"inLanguage\":\"fr-FR\",\"potentialAction\":[{\"@type\":\"ReadAction\",\"target\":[\"https:\\\/\\\/www.leti.lt\\\/wordpress\\\/danseforum-linterieuretlexterieur\\\/\"]}]},{\"@type\":\"BreadcrumbList\",\"@id\":\"https:\\\/\\\/www.leti.lt\\\/wordpress\\\/danseforum-linterieuretlexterieur\\\/#breadcrumb\",\"itemListElement\":[{\"@type\":\"ListItem\",\"position\":1,\"name\":\"Accueil\",\"item\":\"https:\\\/\\\/www.leti.lt\\\/wordpress\\\/\"},{\"@type\":\"ListItem\",\"position\":2,\"name\":\"L\u2019interieur et l\u2019ext\u00e9rieur\"}]},{\"@type\":\"WebSite\",\"@id\":\"https:\\\/\\\/www.leti.lt\\\/wordpress\\\/#website\",\"url\":\"https:\\\/\\\/www.leti.lt\\\/wordpress\\\/\",\"name\":\"Le TILT\",\"description\":\"Recherche, publication, cr\u00e9ation artistique\",\"potentialAction\":[{\"@type\":\"SearchAction\",\"target\":{\"@type\":\"EntryPoint\",\"urlTemplate\":\"https:\\\/\\\/www.leti.lt\\\/wordpress\\\/?s={search_term_string}\"},\"query-input\":{\"@type\":\"PropertyValueSpecification\",\"valueRequired\":true,\"valueName\":\"search_term_string\"}}],\"inLanguage\":\"fr-FR\"},{\"@type\":\"Person\",\"@id\":\"https:\\\/\\\/www.leti.lt\\\/wordpress\\\/#\\\/schema\\\/person\\\/9bb307b2af8fbb575bb3603e57951f75\",\"name\":\"Andr\u00e9ine Bel\",\"image\":{\"@type\":\"ImageObject\",\"inLanguage\":\"fr-FR\",\"@id\":\"https:\\\/\\\/secure.gravatar.com\\\/avatar\\\/4ab041ec7c7ad3b90293023e86528ec1a700ce2971ff61811b2df6b288dd1f38?s=96&d=identicon&r=g\",\"url\":\"https:\\\/\\\/secure.gravatar.com\\\/avatar\\\/4ab041ec7c7ad3b90293023e86528ec1a700ce2971ff61811b2df6b288dd1f38?s=96&d=identicon&r=g\",\"contentUrl\":\"https:\\\/\\\/secure.gravatar.com\\\/avatar\\\/4ab041ec7c7ad3b90293023e86528ec1a700ce2971ff61811b2df6b288dd1f38?s=96&d=identicon&r=g\",\"caption\":\"Andr\u00e9ine Bel\"},\"url\":\"https:\\\/\\\/www.leti.lt\\\/wordpress\\\/author\\\/andreine\\\/\"}]}<\/script>\n<!-- \/ Yoast SEO plugin. -->","yoast_head_json":{"title":"L\u2019interieur et l\u2019ext\u00e9rieur - Le TILT","robots":{"index":"index","follow":"follow","max-snippet":"max-snippet:-1","max-image-preview":"max-image-preview:large","max-video-preview":"max-video-preview:-1"},"canonical":"https:\/\/www.leti.lt\/wordpress\/danseforum-linterieuretlexterieur\/","og_locale":"fr_FR","og_type":"article","og_title":"L\u2019interieur et l\u2019ext\u00e9rieur - Le TILT","og_description":"Danse forum\u2192 Comptes-ren\u00addus des ate\u00adliers\u2192 Lam\u00adbesc !!L\u2019int\u00e9rieur et l\u2019ext\u00e9rieur \u2013 30 juin&nbsp;2007 Nous \u00e9tions trois pour cette der\u00adni\u00e8re s\u00e9ance de juin et de l\u2019ann\u00e9e 2006\u200a\u2013\u200a2007. Les sen\u00adsa\u00adtions \u00e9taient&nbsp;: l\u2019angoisse, la fatigue, la lour\u00addeur au plexus. En por\u00adtant l\u2019attention sur ces sen\u00adsa\u00adtions, nous avons per\u00ad\u00e7u les besoins du corps. L\u2019angoisse op\u00e9\u00adrait de larges mou\u00adve\u00adments internes que le dan\u00adseur per\u00adce\u00advait sans les expri\u00admer ext\u00e9\u00adrieu\u00adre\u00adment. La fatigue cr\u00e9ait des pico\u00adte\u00adments dans les membres immo\u00adbiles. La lour\u00addeur sur le plexus ame\u00adnait le corps \u00e0&nbsp;se [&hellip;]","og_url":"https:\/\/www.leti.lt\/wordpress\/danseforum-linterieuretlexterieur\/","og_site_name":"Le TILT","article_published_time":"2020-02-16T14:30:32+00:00","author":"Andr\u00e9ine Bel","twitter_card":"summary_large_image","twitter_misc":{"\u00c9crit par":"Andr\u00e9ine Bel","Dur\u00e9e de lecture estim\u00e9e":"3 minutes"},"schema":{"@context":"https:\/\/schema.org","@graph":[{"@type":"Article","@id":"https:\/\/www.leti.lt\/wordpress\/danseforum-linterieuretlexterieur\/#article","isPartOf":{"@id":"https:\/\/www.leti.lt\/wordpress\/danseforum-linterieuretlexterieur\/"},"author":{"name":"Andr\u00e9ine Bel","@id":"https:\/\/www.leti.lt\/wordpress\/#\/schema\/person\/9bb307b2af8fbb575bb3603e57951f75"},"headline":"L\u2019interieur et l\u2019ext\u00e9rieur","datePublished":"2020-02-16T14:30:32+00:00","mainEntityOfPage":{"@id":"https:\/\/www.leti.lt\/wordpress\/danseforum-linterieuretlexterieur\/"},"wordCount":519,"commentCount":0,"keywords":["DF_Lambesc"],"articleSection":["Ateliers Lambesc"],"inLanguage":"fr-FR","potentialAction":[{"@type":"CommentAction","name":"Comment","target":["https:\/\/www.leti.lt\/wordpress\/danseforum-linterieuretlexterieur\/#respond"]}]},{"@type":"WebPage","@id":"https:\/\/www.leti.lt\/wordpress\/danseforum-linterieuretlexterieur\/","url":"https:\/\/www.leti.lt\/wordpress\/danseforum-linterieuretlexterieur\/","name":"L\u2019interieur et l\u2019ext\u00e9rieur - Le TILT","isPartOf":{"@id":"https:\/\/www.leti.lt\/wordpress\/#website"},"datePublished":"2020-02-16T14:30:32+00:00","author":{"@id":"https:\/\/www.leti.lt\/wordpress\/#\/schema\/person\/9bb307b2af8fbb575bb3603e57951f75"},"breadcrumb":{"@id":"https:\/\/www.leti.lt\/wordpress\/danseforum-linterieuretlexterieur\/#breadcrumb"},"inLanguage":"fr-FR","potentialAction":[{"@type":"ReadAction","target":["https:\/\/www.leti.lt\/wordpress\/danseforum-linterieuretlexterieur\/"]}]},{"@type":"BreadcrumbList","@id":"https:\/\/www.leti.lt\/wordpress\/danseforum-linterieuretlexterieur\/#breadcrumb","itemListElement":[{"@type":"ListItem","position":1,"name":"Accueil","item":"https:\/\/www.leti.lt\/wordpress\/"},{"@type":"ListItem","position":2,"name":"L\u2019interieur et l\u2019ext\u00e9rieur"}]},{"@type":"WebSite","@id":"https:\/\/www.leti.lt\/wordpress\/#website","url":"https:\/\/www.leti.lt\/wordpress\/","name":"Le TILT","description":"Recherche, publication, cr\u00e9ation artistique","potentialAction":[{"@type":"SearchAction","target":{"@type":"EntryPoint","urlTemplate":"https:\/\/www.leti.lt\/wordpress\/?s={search_term_string}"},"query-input":{"@type":"PropertyValueSpecification","valueRequired":true,"valueName":"search_term_string"}}],"inLanguage":"fr-FR"},{"@type":"Person","@id":"https:\/\/www.leti.lt\/wordpress\/#\/schema\/person\/9bb307b2af8fbb575bb3603e57951f75","name":"Andr\u00e9ine Bel","image":{"@type":"ImageObject","inLanguage":"fr-FR","@id":"https:\/\/secure.gravatar.com\/avatar\/4ab041ec7c7ad3b90293023e86528ec1a700ce2971ff61811b2df6b288dd1f38?s=96&d=identicon&r=g","url":"https:\/\/secure.gravatar.com\/avatar\/4ab041ec7c7ad3b90293023e86528ec1a700ce2971ff61811b2df6b288dd1f38?s=96&d=identicon&r=g","contentUrl":"https:\/\/secure.gravatar.com\/avatar\/4ab041ec7c7ad3b90293023e86528ec1a700ce2971ff61811b2df6b288dd1f38?s=96&d=identicon&r=g","caption":"Andr\u00e9ine Bel"},"url":"https:\/\/www.leti.lt\/wordpress\/author\/andreine\/"}]}},"_links":{"self":[{"href":"https:\/\/www.leti.lt\/wordpress\/wp-json\/wp\/v2\/posts\/125","targetHints":{"allow":["GET"]}}],"collection":[{"href":"https:\/\/www.leti.lt\/wordpress\/wp-json\/wp\/v2\/posts"}],"about":[{"href":"https:\/\/www.leti.lt\/wordpress\/wp-json\/wp\/v2\/types\/post"}],"author":[{"embeddable":true,"href":"https:\/\/www.leti.lt\/wordpress\/wp-json\/wp\/v2\/users\/2"}],"replies":[{"embeddable":true,"href":"https:\/\/www.leti.lt\/wordpress\/wp-json\/wp\/v2\/comments?post=125"}],"version-history":[{"count":0,"href":"https:\/\/www.leti.lt\/wordpress\/wp-json\/wp\/v2\/posts\/125\/revisions"}],"wp:attachment":[{"href":"https:\/\/www.leti.lt\/wordpress\/wp-json\/wp\/v2\/media?parent=125"}],"wp:term":[{"taxonomy":"category","embeddable":true,"href":"https:\/\/www.leti.lt\/wordpress\/wp-json\/wp\/v2\/categories?post=125"},{"taxonomy":"post_tag","embeddable":true,"href":"https:\/\/www.leti.lt\/wordpress\/wp-json\/wp\/v2\/tags?post=125"}],"curies":[{"name":"wp","href":"https:\/\/api.w.org\/{rel}","templated":true}]}}