{"id":124,"date":"2020-02-16T15:30:32","date_gmt":"2020-02-16T14:30:32","guid":{"rendered":"https:\/\/www.leti.lt\/wordpress\/?p=124"},"modified":"-0001-11-30T00:00:00","modified_gmt":"-0001-11-29T22:00:00","slug":"danseforum-linterface","status":"publish","type":"post","link":"https:\/\/www.leti.lt\/wordpress\/danseforum-linterface\/","title":{"rendered":"L\u2019interface"},"content":{"rendered":"<p><a href=\"https:\/\/www.leti.lt\/wordpress\/danseforum-danseforum\/\">Danse forum<\/a><br>\u2192 <a href=\"https:\/\/www.leti.lt\/wordpress\/danseforum-comptesrendusateliers\/\">Comptes-ren\u00addus des ate\u00adliers<\/a><br>\u2192 <a href=\"https:\/\/www.leti.lt\/wordpress\/danseforum-autreslieux\/\"> Autres lieux<\/a><br><br>!!L\u2019interface \u2013 aux Pas\u00adsa\u00addoires, C\u00e9vennes, 15 ao\u00fbt 2009 <br><br><br><br>Nous \u00e9tions huit au d\u00e9but de cette danse forum&nbsp;; deux per\u00adsonnes s\u2019en sont all\u00e9es au cour de la pre\u00admi\u00e8re par\u00adtie, car elles n\u2019accrochaient pas. Comme nous pro\u00adpo\u00adsions cette danse forum dans un lieu de vie pen\u00addant un chan\u00adtier col\u00adlec\u00adtif, les par\u00adti\u00adci\u00adpants \u00e9taient sur place&nbsp;; cette confi\u00adgu\u00adra\u00adtion faci\u00adlite la venue de gens qui autre\u00adment ne se seraient jamais d\u00e9pla\u00adc\u00e9es pour une danse forum, et incite aus\u00adsi \u00e0&nbsp;une cer\u00adtaine liber\u00adt\u00e9 dans la pr\u00e9\u00adsence \u00e0&nbsp;l\u2019atelier, celle de venir voir et de repar\u00adtir.<br><br>Nous avons bien pris le temps cette fois de choi\u00adsir un th\u00e8me qui fasse sens pour tout le monde. Ce temps l\u00e0 n\u2019est pas per\u00addu&nbsp;: l\u2019exp\u00e9rience nous montre que si nous ne le fai\u00adsons pas, le th\u00e8me n\u2019est pas inves\u00adti par tout un cha\u00adcun par la suite. Bien-s\u00fbr, par\u00adfois le th\u00e8me jaillit tr\u00e8s vite comme une \u00e9vi\u00addence&nbsp;; mais ce n\u2019est pas tou\u00adjours le cas.<br><br>Ce fut donc&nbsp;: \u00ab&nbsp;l\u2019interface&nbsp;\u00bb.<br><br>Inter\u00adface entre le mou\u00adve\u00adment que l\u2019on suit et le mou\u00adve\u00adment que l\u2019on pr\u00e9\u00adc\u00e8de&nbsp;; entre le dedans et le dehors&nbsp;; entre le plein et le vide&nbsp;; entre la sen\u00adsa\u00adtion de pl\u00e9\u00adni\u00adtude et l\u2019envie de bou\u00adger&nbsp;; entre le sen\u00adti\u00adment de \u00ab&nbsp;ne pas y&nbsp;\u00eatre&nbsp;\u00bb et l\u2019envie d\u2019y \u00eatre\u2026<br><br>Nous nous sommes bala\u00add\u00e9s \u00e0&nbsp;tra\u00advers ce th\u00e8me, comme chaus\u00adsant des lunettes, un point de vue par\u00adti\u00adcu\u00adlier, pour regar\u00adder nos danses, que nous soyons d\u2019un c\u00f4t\u00e9 ou de l\u2019autre de l\u2019espace sc\u00e9\u00adnique. Le th\u00e8me aus\u00adsi se bala\u00addait, dans nos corps en mou\u00adve\u00adments et en espace. Pas de pro\u00adbl\u00e9\u00adma\u00adtique pos\u00e9e, ni de pro\u00adbl\u00e9\u00adma\u00adti\u00adsa\u00adtion du th\u00e8me\u2026 \u00e0&nbsp;moins que cette balade elle-m\u00eame en soit une&nbsp;?<br><br>Nous \u00e9tions dehors, dans une belle prai\u00adrie, sous un ciel bleu et des nuages blancs en mou\u00adve\u00adment tr\u00e8s lent, l\u2019espace sc\u00e9\u00adnique construit aux abords d\u2019un four\u00adr\u00e9 boi\u00ads\u00e9e. Le th\u00e8me de l\u2019interface nous a&nbsp;ame\u00adn\u00e9 natu\u00adrel\u00adle\u00adment \u00e0&nbsp;\u00eatre en rela\u00adtion avec cet envi\u00adron\u00adne\u00adment\u2026 jusqu\u2019\u00e0 la pro\u00adpo\u00adsi\u00adtion d\u2019aller dan\u00adser dans la rivi\u00e8re, \u00e0&nbsp;une cen\u00adtaine de m\u00e8tres de l\u00e0\u2026! La sur\u00adface de l\u2019eau, inter\u00adface entre deux lieux, deux \u00e9l\u00e9\u00adments pos\u00adsibles pour nos corps dan\u00adsants&nbsp;; et plus encore, une super\u00adpo\u00adsi\u00adtion des deux, en miroir, jus\u00adte\u00adment \u00e0&nbsp;tra\u00advers cette inter\u00adface. Une grande \u00e9mo\u00adtion quand le \u00ab&nbsp;dehors&nbsp;\u00bb et le \u00ab&nbsp;dedans&nbsp;\u00bb se confondent, un spec\u00adtacle en soi&nbsp;!<br><br>Pen\u00addant toute la deuxi\u00e8me par\u00adtie, la cam\u00e9\u00adra a&nbsp;chan\u00adg\u00e9 de mains \u00e0&nbsp;chaque danse, et ce fut par\u00adfois la d\u00e9cou\u00adverte de ce plai\u00adsir \u00e0&nbsp;fil\u00admer la danse, action qui est en soi une autre danse.<br><br>Nous n\u2019avons pas pu voir le film en sui\u00advant, par manque de temps. Nous l\u2019avons vu cepen\u00addant le len\u00adde\u00admain, quelques uns d\u2019entre nous&nbsp;; puisque nous \u00e9tions sur place, c\u2019\u00e9tait pos\u00adsible. Mais on peut consta\u00adter encore une fois que quatre heures ne sont pas suf\u00adfi\u00adsantes pour d\u00e9rou\u00adler une danse forum dans son ensemble, vid\u00e9o com\u00adprise. Peut-\u00eatre l\u2019usage de la vid\u00e9o ne doit-elle pas \u00eatre sys\u00adt\u00e9\u00adma\u00adtique.<br><br>De plus, cela pose sou\u00advent pro\u00adbl\u00e8me aux nou\u00advelles per\u00adsonnes, qui ne peuvent en voir l\u2019int\u00e9r\u00eat a&nbsp;prio\u00adri, alors qu\u2019au bout de quelques danse forum, on se fami\u00adlia\u00adrise avec le regard por\u00adt\u00e9 sur soi et sur les autres. Nous-m\u00eames n\u2019avons pas int\u00e9\u00adgr\u00e9 la vid\u00e9o de suite, dans notre pro\u00adces\u00adsus de cr\u00e9a\u00adtion de la danse forum.<br><br>Nadine Gar\u00add\u00e8res et Johan\u00adna Bou\u00adchar\u00addeau<br><br>Je veux rajou\u00adter que nous avions fait un ate\u00adlier de danse-recherche ou de danse-impro la veille de la danse-forum sur la m\u00eame prai\u00adrie et que plu\u00adsieurs per\u00adsonnes du lieu y&nbsp;ont par\u00adti\u00adci\u00adp\u00e9. Elles \u00e9taient tr\u00e8s \u00e9ton\u00adn\u00e9es de d\u00e9cou\u00advrir ce petit coin de leur ferme o\u00f9 l\u2019herbe est plus douce qu\u2019ailleurs, o\u00f9 l\u2019ombre de l\u2019apr\u00e8s-midi per\u00admet d\u2019\u00eatre au frais m\u00eame en plein \u00e9t\u00e9. On a&nbsp;une tr\u00e8s belle vue sur l\u2019ensemble du corps du b\u00e2ti\u00adment dont on est s\u00e9pa\u00adr\u00e9 par des arbres frui\u00adtiers sous les\u00adquels p\u00e2turent des che\u00advaux d\u2019un ami et le jar\u00addin pota\u00adger. De l\u2019autre c\u00f4t\u00e9 se trouve la rivi\u00e8re. Un petit coin de para\u00addis, en somme. C\u2019\u00e9tait aus\u00adsi la pre\u00admi\u00e8re fois qu\u2019ils se sont pris du temps, \u00e0&nbsp;se poser, \u00e0&nbsp;l\u00e2cher durant ce chan\u00adtier. Apr\u00e8s l\u2019\u00e9chauffement deux d\u2019entre eux ont cher\u00adch\u00e9 leurs ins\u00adtru\u00adments et ont accom\u00adpa\u00adgn\u00e9 nos impros dan\u00ads\u00e9es avec des impros musi\u00adcales. Un tr\u00e8s beau moment de par\u00adtage&nbsp;! Un moment qui se suf\u00adfit \u00e0&nbsp;lui m\u00eame.<br><br>Johan\u00adna Bouchardeau<\/p><p style=\"color:green; text-align:right !important;\">Article cr\u00e9\u00e9 le 16\/02\/2020<\/p>","protected":false},"excerpt":{"rendered":"<p>Danse forum\u2192 Comptes-ren\u00ad\u00addus des ate\u00adliers\u2192 Autres lieux !!L\u2019interface \u2013 aux Pas\u00adsa\u00addoires, C\u00e9vennes, 15 ao\u00fbt&nbsp;2009&nbsp;Nous \u00e9tions huit au d\u00e9but de cette danse forum&nbsp;; deux per\u00adsonnes s\u2019en sont all\u00e9es au cour de la pre\u00admi\u00e8re par\u00adtie, car elles n\u2019accrochaient pas. Comme nous pro\u00adpo\u00adsions cette danse forum dans un lieu de vie pen\u00addant un chan\u00adtier col\u00adlec\u00adtif, les par\u00adti\u00adci\u00adpants \u00e9taient sur place&nbsp;; cette confi\u00adgu\u00adra\u00adtion faci\u00adlite la venue de gens qui autre\u00adment ne se seraient jamais d\u00e9pla\u00adc\u00e9es pour une danse forum, et incite aus\u00adsi \u00e0&nbsp;une&nbsp;[\u2026]<\/p>\n","protected":false},"author":2,"featured_media":0,"comment_status":"open","ping_status":"open","sticky":false,"template":"","format":"standard","meta":{"wp_typography_post_enhancements_disabled":false,"footnotes":""},"categories":[135],"tags":[219],"class_list":["post-124","post","type-post","status-publish","format-standard","hentry","category-ateliers_autres_lieux","tag-df_autres_lieux"],"yoast_head":"<!-- This site is optimized with the Yoast SEO plugin v27.5 - https:\/\/yoast.com\/product\/yoast-seo-wordpress\/ -->\n<title>L\u2019interface - Le TILT<\/title>\n<meta name=\"robots\" content=\"index, follow, max-snippet:-1, max-image-preview:large, max-video-preview:-1\" \/>\n<link rel=\"canonical\" href=\"https:\/\/www.leti.lt\/wordpress\/danseforum-linterface\/\" \/>\n<meta property=\"og:locale\" content=\"fr_FR\" \/>\n<meta property=\"og:type\" content=\"article\" \/>\n<meta property=\"og:title\" content=\"L\u2019interface - Le TILT\" \/>\n<meta property=\"og:description\" content=\"Danse forum\u2192 Comptes-ren\u00addus des ate\u00adliers\u2192 Autres lieux !!L\u2019interface \u2013 aux Pas\u00adsa\u00addoires, C\u00e9vennes, 15 ao\u00fbt&nbsp;2009&nbsp; Nous \u00e9tions huit au d\u00e9but de cette danse forum&nbsp;; deux per\u00adsonnes s\u2019en sont all\u00e9es au cour de la pre\u00admi\u00e8re par\u00adtie, car elles n\u2019accrochaient pas. Comme nous pro\u00adpo\u00adsions cette danse forum dans un lieu de vie pen\u00addant un chan\u00adtier col\u00adlec\u00adtif, les par\u00adti\u00adci\u00adpants \u00e9taient sur place&nbsp;; cette confi\u00adgu\u00adra\u00adtion faci\u00adlite la venue de gens qui autre\u00adment ne se seraient jamais d\u00e9pla\u00adc\u00e9es pour une danse forum, et incite aus\u00adsi \u00e0&nbsp;une [&hellip;]\" \/>\n<meta property=\"og:url\" content=\"https:\/\/www.leti.lt\/wordpress\/danseforum-linterface\/\" \/>\n<meta property=\"og:site_name\" content=\"Le TILT\" \/>\n<meta property=\"article:published_time\" content=\"2020-02-16T14:30:32+00:00\" \/>\n<meta name=\"author\" content=\"Andr\u00e9ine Bel\" \/>\n<meta name=\"twitter:card\" content=\"summary_large_image\" \/>\n<meta name=\"twitter:label1\" content=\"\u00c9crit par\" \/>\n\t<meta name=\"twitter:data1\" content=\"Andr\u00e9ine Bel\" \/>\n\t<meta name=\"twitter:label2\" content=\"Dur\u00e9e de lecture estim\u00e9e\" \/>\n\t<meta name=\"twitter:data2\" content=\"4 minutes\" \/>\n<script type=\"application\/ld+json\" class=\"yoast-schema-graph\">{\"@context\":\"https:\\\/\\\/schema.org\",\"@graph\":[{\"@type\":\"Article\",\"@id\":\"https:\\\/\\\/www.leti.lt\\\/wordpress\\\/danseforum-linterface\\\/#article\",\"isPartOf\":{\"@id\":\"https:\\\/\\\/www.leti.lt\\\/wordpress\\\/danseforum-linterface\\\/\"},\"author\":{\"name\":\"Andr\u00e9ine Bel\",\"@id\":\"https:\\\/\\\/www.leti.lt\\\/wordpress\\\/#\\\/schema\\\/person\\\/9bb307b2af8fbb575bb3603e57951f75\"},\"headline\":\"L\u2019interface\",\"datePublished\":\"2020-02-16T14:30:32+00:00\",\"mainEntityOfPage\":{\"@id\":\"https:\\\/\\\/www.leti.lt\\\/wordpress\\\/danseforum-linterface\\\/\"},\"wordCount\":791,\"commentCount\":0,\"keywords\":[\"DF_Autres_Lieux\"],\"articleSection\":[\"Ateliers autres lieux\"],\"inLanguage\":\"fr-FR\",\"potentialAction\":[{\"@type\":\"CommentAction\",\"name\":\"Comment\",\"target\":[\"https:\\\/\\\/www.leti.lt\\\/wordpress\\\/danseforum-linterface\\\/#respond\"]}]},{\"@type\":\"WebPage\",\"@id\":\"https:\\\/\\\/www.leti.lt\\\/wordpress\\\/danseforum-linterface\\\/\",\"url\":\"https:\\\/\\\/www.leti.lt\\\/wordpress\\\/danseforum-linterface\\\/\",\"name\":\"L\u2019interface - Le TILT\",\"isPartOf\":{\"@id\":\"https:\\\/\\\/www.leti.lt\\\/wordpress\\\/#website\"},\"datePublished\":\"2020-02-16T14:30:32+00:00\",\"author\":{\"@id\":\"https:\\\/\\\/www.leti.lt\\\/wordpress\\\/#\\\/schema\\\/person\\\/9bb307b2af8fbb575bb3603e57951f75\"},\"breadcrumb\":{\"@id\":\"https:\\\/\\\/www.leti.lt\\\/wordpress\\\/danseforum-linterface\\\/#breadcrumb\"},\"inLanguage\":\"fr-FR\",\"potentialAction\":[{\"@type\":\"ReadAction\",\"target\":[\"https:\\\/\\\/www.leti.lt\\\/wordpress\\\/danseforum-linterface\\\/\"]}]},{\"@type\":\"BreadcrumbList\",\"@id\":\"https:\\\/\\\/www.leti.lt\\\/wordpress\\\/danseforum-linterface\\\/#breadcrumb\",\"itemListElement\":[{\"@type\":\"ListItem\",\"position\":1,\"name\":\"Accueil\",\"item\":\"https:\\\/\\\/www.leti.lt\\\/wordpress\\\/\"},{\"@type\":\"ListItem\",\"position\":2,\"name\":\"L\u2019interface\"}]},{\"@type\":\"WebSite\",\"@id\":\"https:\\\/\\\/www.leti.lt\\\/wordpress\\\/#website\",\"url\":\"https:\\\/\\\/www.leti.lt\\\/wordpress\\\/\",\"name\":\"Le TILT\",\"description\":\"Recherche, publication, cr\u00e9ation artistique\",\"potentialAction\":[{\"@type\":\"SearchAction\",\"target\":{\"@type\":\"EntryPoint\",\"urlTemplate\":\"https:\\\/\\\/www.leti.lt\\\/wordpress\\\/?s={search_term_string}\"},\"query-input\":{\"@type\":\"PropertyValueSpecification\",\"valueRequired\":true,\"valueName\":\"search_term_string\"}}],\"inLanguage\":\"fr-FR\"},{\"@type\":\"Person\",\"@id\":\"https:\\\/\\\/www.leti.lt\\\/wordpress\\\/#\\\/schema\\\/person\\\/9bb307b2af8fbb575bb3603e57951f75\",\"name\":\"Andr\u00e9ine Bel\",\"image\":{\"@type\":\"ImageObject\",\"inLanguage\":\"fr-FR\",\"@id\":\"https:\\\/\\\/secure.gravatar.com\\\/avatar\\\/4ab041ec7c7ad3b90293023e86528ec1a700ce2971ff61811b2df6b288dd1f38?s=96&d=identicon&r=g\",\"url\":\"https:\\\/\\\/secure.gravatar.com\\\/avatar\\\/4ab041ec7c7ad3b90293023e86528ec1a700ce2971ff61811b2df6b288dd1f38?s=96&d=identicon&r=g\",\"contentUrl\":\"https:\\\/\\\/secure.gravatar.com\\\/avatar\\\/4ab041ec7c7ad3b90293023e86528ec1a700ce2971ff61811b2df6b288dd1f38?s=96&d=identicon&r=g\",\"caption\":\"Andr\u00e9ine Bel\"},\"url\":\"https:\\\/\\\/www.leti.lt\\\/wordpress\\\/author\\\/andreine\\\/\"}]}<\/script>\n<!-- \/ Yoast SEO plugin. -->","yoast_head_json":{"title":"L\u2019interface - Le TILT","robots":{"index":"index","follow":"follow","max-snippet":"max-snippet:-1","max-image-preview":"max-image-preview:large","max-video-preview":"max-video-preview:-1"},"canonical":"https:\/\/www.leti.lt\/wordpress\/danseforum-linterface\/","og_locale":"fr_FR","og_type":"article","og_title":"L\u2019interface - Le TILT","og_description":"Danse forum\u2192 Comptes-ren\u00addus des ate\u00adliers\u2192 Autres lieux !!L\u2019interface \u2013 aux Pas\u00adsa\u00addoires, C\u00e9vennes, 15 ao\u00fbt&nbsp;2009&nbsp; Nous \u00e9tions huit au d\u00e9but de cette danse forum&nbsp;; deux per\u00adsonnes s\u2019en sont all\u00e9es au cour de la pre\u00admi\u00e8re par\u00adtie, car elles n\u2019accrochaient pas. Comme nous pro\u00adpo\u00adsions cette danse forum dans un lieu de vie pen\u00addant un chan\u00adtier col\u00adlec\u00adtif, les par\u00adti\u00adci\u00adpants \u00e9taient sur place&nbsp;; cette confi\u00adgu\u00adra\u00adtion faci\u00adlite la venue de gens qui autre\u00adment ne se seraient jamais d\u00e9pla\u00adc\u00e9es pour une danse forum, et incite aus\u00adsi \u00e0&nbsp;une [&hellip;]","og_url":"https:\/\/www.leti.lt\/wordpress\/danseforum-linterface\/","og_site_name":"Le TILT","article_published_time":"2020-02-16T14:30:32+00:00","author":"Andr\u00e9ine Bel","twitter_card":"summary_large_image","twitter_misc":{"\u00c9crit par":"Andr\u00e9ine Bel","Dur\u00e9e de lecture estim\u00e9e":"4 minutes"},"schema":{"@context":"https:\/\/schema.org","@graph":[{"@type":"Article","@id":"https:\/\/www.leti.lt\/wordpress\/danseforum-linterface\/#article","isPartOf":{"@id":"https:\/\/www.leti.lt\/wordpress\/danseforum-linterface\/"},"author":{"name":"Andr\u00e9ine Bel","@id":"https:\/\/www.leti.lt\/wordpress\/#\/schema\/person\/9bb307b2af8fbb575bb3603e57951f75"},"headline":"L\u2019interface","datePublished":"2020-02-16T14:30:32+00:00","mainEntityOfPage":{"@id":"https:\/\/www.leti.lt\/wordpress\/danseforum-linterface\/"},"wordCount":791,"commentCount":0,"keywords":["DF_Autres_Lieux"],"articleSection":["Ateliers autres lieux"],"inLanguage":"fr-FR","potentialAction":[{"@type":"CommentAction","name":"Comment","target":["https:\/\/www.leti.lt\/wordpress\/danseforum-linterface\/#respond"]}]},{"@type":"WebPage","@id":"https:\/\/www.leti.lt\/wordpress\/danseforum-linterface\/","url":"https:\/\/www.leti.lt\/wordpress\/danseforum-linterface\/","name":"L\u2019interface - Le TILT","isPartOf":{"@id":"https:\/\/www.leti.lt\/wordpress\/#website"},"datePublished":"2020-02-16T14:30:32+00:00","author":{"@id":"https:\/\/www.leti.lt\/wordpress\/#\/schema\/person\/9bb307b2af8fbb575bb3603e57951f75"},"breadcrumb":{"@id":"https:\/\/www.leti.lt\/wordpress\/danseforum-linterface\/#breadcrumb"},"inLanguage":"fr-FR","potentialAction":[{"@type":"ReadAction","target":["https:\/\/www.leti.lt\/wordpress\/danseforum-linterface\/"]}]},{"@type":"BreadcrumbList","@id":"https:\/\/www.leti.lt\/wordpress\/danseforum-linterface\/#breadcrumb","itemListElement":[{"@type":"ListItem","position":1,"name":"Accueil","item":"https:\/\/www.leti.lt\/wordpress\/"},{"@type":"ListItem","position":2,"name":"L\u2019interface"}]},{"@type":"WebSite","@id":"https:\/\/www.leti.lt\/wordpress\/#website","url":"https:\/\/www.leti.lt\/wordpress\/","name":"Le TILT","description":"Recherche, publication, cr\u00e9ation artistique","potentialAction":[{"@type":"SearchAction","target":{"@type":"EntryPoint","urlTemplate":"https:\/\/www.leti.lt\/wordpress\/?s={search_term_string}"},"query-input":{"@type":"PropertyValueSpecification","valueRequired":true,"valueName":"search_term_string"}}],"inLanguage":"fr-FR"},{"@type":"Person","@id":"https:\/\/www.leti.lt\/wordpress\/#\/schema\/person\/9bb307b2af8fbb575bb3603e57951f75","name":"Andr\u00e9ine Bel","image":{"@type":"ImageObject","inLanguage":"fr-FR","@id":"https:\/\/secure.gravatar.com\/avatar\/4ab041ec7c7ad3b90293023e86528ec1a700ce2971ff61811b2df6b288dd1f38?s=96&d=identicon&r=g","url":"https:\/\/secure.gravatar.com\/avatar\/4ab041ec7c7ad3b90293023e86528ec1a700ce2971ff61811b2df6b288dd1f38?s=96&d=identicon&r=g","contentUrl":"https:\/\/secure.gravatar.com\/avatar\/4ab041ec7c7ad3b90293023e86528ec1a700ce2971ff61811b2df6b288dd1f38?s=96&d=identicon&r=g","caption":"Andr\u00e9ine Bel"},"url":"https:\/\/www.leti.lt\/wordpress\/author\/andreine\/"}]}},"_links":{"self":[{"href":"https:\/\/www.leti.lt\/wordpress\/wp-json\/wp\/v2\/posts\/124","targetHints":{"allow":["GET"]}}],"collection":[{"href":"https:\/\/www.leti.lt\/wordpress\/wp-json\/wp\/v2\/posts"}],"about":[{"href":"https:\/\/www.leti.lt\/wordpress\/wp-json\/wp\/v2\/types\/post"}],"author":[{"embeddable":true,"href":"https:\/\/www.leti.lt\/wordpress\/wp-json\/wp\/v2\/users\/2"}],"replies":[{"embeddable":true,"href":"https:\/\/www.leti.lt\/wordpress\/wp-json\/wp\/v2\/comments?post=124"}],"version-history":[{"count":0,"href":"https:\/\/www.leti.lt\/wordpress\/wp-json\/wp\/v2\/posts\/124\/revisions"}],"wp:attachment":[{"href":"https:\/\/www.leti.lt\/wordpress\/wp-json\/wp\/v2\/media?parent=124"}],"wp:term":[{"taxonomy":"category","embeddable":true,"href":"https:\/\/www.leti.lt\/wordpress\/wp-json\/wp\/v2\/categories?post=124"},{"taxonomy":"post_tag","embeddable":true,"href":"https:\/\/www.leti.lt\/wordpress\/wp-json\/wp\/v2\/tags?post=124"}],"curies":[{"name":"wp","href":"https:\/\/api.w.org\/{rel}","templated":true}]}}