{"id":119,"date":"2020-02-16T15:30:32","date_gmt":"2020-02-16T14:30:32","guid":{"rendered":"https:\/\/www.leti.lt\/wordpress\/?p=119"},"modified":"-0001-11-30T00:00:00","modified_gmt":"-0001-11-29T22:00:00","slug":"danseforum-lerrance","status":"publish","type":"post","link":"https:\/\/www.leti.lt\/wordpress\/danseforum-lerrance\/","title":{"rendered":"L\u2019errance"},"content":{"rendered":"<p><a href=\"https:\/\/www.leti.lt\/wordpress\/danseforum-danseforum\/\">Danse forum<\/a><br>\u2192 <a href=\"https:\/\/www.leti.lt\/wordpress\/danseforum-comptesrendusateliers\/\">Comptes-ren\u00addus des ate\u00adliers<\/a><br>\u2192 <a href=\"https:\/\/www.leti.lt\/wordpress\/danseforum-forcalquier\/\">For\u00adcal\u00adquier<\/a><br>\u2192 <a href=\"https:\/\/www.leti.lt\/wordpress\/danseforum-cyclesurlerrance\/\">Cycle sur le th\u00e8me de l\u2019errance<\/a><br><br>!! O\u00f9 aller ?, cycle sur le th\u00e8me de l\u2019errance23\/01\/11<br><br>L\u2019errance comme th\u00e8me \u00ab&nbsp;cha\u00adpeau&nbsp;\u00bb, le lien, le che\u00admin, d\u2019ou je viens vers o\u00f9 je vais\u2026, l\u2019ancrage et le flot\u00adte\u00adment, l\u2019assise, le por\u00adtage, connexion-d\u00e9con\u00adnexion \u2013 une mul\u00adti\u00adtude de th\u00e8mes au lieu d\u2019un seul ont \u00e9mer\u00adg\u00e9 dans l\u2019atelier m\u00eame.<br><br>On \u00e9tait huit (dont quatre nou\u00advelles per\u00adsonnes) et nous avions du mal \u00e0&nbsp;nous fixer sur un th\u00e8me bien d\u00e9fi\u00adni et cadr\u00e9. \u00c7a a&nbsp;com\u00admen\u00adc\u00e9 par des sen\u00adsa\u00adtions d\u2019un pied trop court, de bulles d\u2019air effer\u00adves\u00adcentes dans le corps \u2013 dans plu\u00adsieurs corps, des pul\u00adsa\u00adtions, des lour\u00addeurs s\u2019\u00e9talant sur le sol, du moel\u00adleux, du ten\u00addu, de l\u2019\u00e9tendu qui tend \u00e0&nbsp;s\u2019\u00e9tendre \u00e0&nbsp;l\u2019infini, en grande liber\u00adt\u00e9.\u2026 et nous voi\u00adl\u00e0 d\u00e9j\u00e0 dans le mou\u00adve\u00adment. Les sen\u00adsa\u00adtions se trans\u00adforment ou deviennent plus pr\u00e9\u00adcises. Ce n\u2019\u00e9tait pas \u00e9vident pour tous et toutes de nom\u00admer des sen\u00adsa\u00adtions pr\u00e9\u00adcises du moment. Tout un appren\u00adtis\u00adsage.<br><br>Les bulles d\u2019air m\u2019emm\u00e8nent vers le haut, me font flot\u00adter, le moel\u00adleux s\u2019\u00e9tend dans toutes les dimen\u00adsions, d\u2019autres se l\u00e8vent, quittent le sup\u00adport ras\u00adsu\u00adrant du sol en bois et du coup se trouvent dans un espace beau\u00adcoup moins s\u00fbr, d\u00e9sta\u00adbi\u00adli\u00adsant, \u2026 \u00eatre \u00e0&nbsp;sa place&nbsp;? Elle est o\u00f9 cette place&nbsp;?<br><br>L\u2019imaginaire, le sou\u00adve\u00adnir, l\u2019histoire du lieu et du v\u00e9cu dans ce lieu se m\u00ealent aux mou\u00adve\u00adments, le concert de Cologne de Keith Jar\u00adret rajoute une couche pour cer\u00adtains, pour d\u2019autres la musique les porte juste et encore d\u2019autres arrivent \u00e0&nbsp;l\u2019ignorer \u2026<br><br>Le th\u00e8me, donc n\u2019en \u00e9tait pas un mais plu\u00adsieurs, voir plus haut. On n\u2019arrivait pas \u00e0&nbsp;se retrou\u00adver tous dans un th\u00e8me pr\u00e9\u00adcis. Alors au lieu de s\u2019acharner on a&nbsp;lais\u00ads\u00e9 oeu\u00advrer toutes ces notions pen\u00addant les deux impro\u00advi\u00adsa\u00adtions. Deux impros avec \u00e0&nbsp;chaque fois un espace com\u00adpl\u00e8\u00adte\u00adment dif\u00adf\u00e9\u00adrent, d\u2019une den\u00adsi\u00adt\u00e9, d\u2019une cou\u00adleur dif\u00adf\u00e9\u00adrente.<br><br>A la pre\u00admi\u00e8re impro, un d\u00e9but avec chacun\u2011e encore dans sa bulle, en t\u00e2ton\u00adne\u00adment, en recherche, puis d\u2019un coup une ten\u00adsion s\u2019est cr\u00e9\u00e9e, une den\u00adsi\u00adt\u00e9, un flux qui a&nbsp;reli\u00e9 des corps. Dans ce bal\u00adbu\u00adtie\u00adment, ce \u00ab&nbsp;vers o\u00f9 je vais ?\u00bb, dans quelle direc\u00adtion, quel che\u00admin prendre, des points d\u2019accroche se pointent, une femme, un homme croisent mon che\u00admin, on fait un bout de che\u00admin ensemble, s\u2019accroche \u00e0&nbsp;des pas, des mots lus, puis se perd. Au loin on voit quelqu\u2019un, veut y&nbsp;aller pour le trou\u00adver, se joindre \u00e0&nbsp;lui, puis \u00e0&nbsp;l\u2019arriv\u00e9e, le vide, il n\u2019est plus l\u00e0, par\u00adti sans lais\u00adser d\u2019adresse, le mur blanc seule\u00adment, fis\u00adsu\u00adr\u00e9 en plus \u2026 On nage, on marche, on court, sans savoir o\u00f9 aller, et tout d\u2019un coup, une \u00eele qui nous accueille, un brin auquel se rac\u00adcro\u00adcher, une pierre sur laquelle se poser, des bras.<br><br>Des cloches dans la nuit, un sou\u00adve\u00adnir de soli\u00adtude et de peur, l\u2019enfant que je fus, ter\u00adr\u00e9e dans son lit, peur des fan\u00adt\u00f4mes, peur de mou\u00adrir, lib\u00e9\u00adr\u00e9e par une main mater\u00adnelle et un corps accueillant.<br><br>Deux \u00eatres se trouvent dans le m\u00eame espace, leurs tra\u00adjets se croisent, s\u2019entrecroisent, leur ren\u00adcontre est fra\u00adgile, jamais acquise, instable, recher\u00adch\u00e9e, reper\u00addue. Et d\u2019un coup ils se trouvent debout, ensemble, c\u00f4te \u00e0&nbsp;c\u00f4te, sur le point d\u2019entamer un che\u00admin, devant eux, comme tout tra\u00adc\u00e9 et incer\u00adtain \u00e0&nbsp;la fois. Le clap du fin les a&nbsp;emp\u00ea\u00adch\u00e9 d\u2019y aller, ou \u00e9tait-ce autre chose&nbsp;?<br><br>Paul Eluard&nbsp;:<br>De la douce et de l\u2019extr\u00eame<br>toutes \u00e9taient inutiles<br>et nous \u00e0&nbsp;quoi ser\u00advions-nous<br>Tous et toutes grains de sable<br>impal\u00adpables dans le vent<br>Tous et toutes \u00e9tin\u00adcelles<br>sous une ombrelle de feu<br>Sommes-nous hommes et femmes<br>de ces enfants que nous f\u00fbmes<br>Le vent s\u2019est d\u00e9so\u00adrien\u00adt\u00e9<br>la lumi\u00e8re s\u2019est brouill\u00e9e<br>Un rien nous tient immo\u00adbiles<br>R\u00e9fl\u00e9\u00adchis\u00adsant dans le noir<br><br>La deuxi\u00e8me impro a&nbsp;com\u00admen\u00adc\u00e9 direc\u00adte\u00adment par une grande ten\u00adsion, due gran\u00adde\u00adment \u2013 je pense au pre\u00admier retour ver\u00adbal sur la 1<sup class=\"ordinal\">\u00e8re<\/sup> impro.<br>Grand balayage de l\u2019espace sc\u00e9\u00adnique avec les pieds, qua\u00addrillant le tout, deux autres s\u2019avancent dans cet espace tra\u00adc\u00e9, immo\u00adbi\u00adli\u00adt\u00e9 trem\u00adblante pour l\u2019une, peur de ce qui va arri\u00adver, peut arri\u00adver, \u2026 \u00ab&nbsp;j\u2019ai tout net\u00adtoy\u00e9&nbsp;\u00bb, lui dit l\u2019une, et l\u2019autre l\u2019accueille dans ses bras, sur son buste, son ventre, nos mains se joignent, ber\u00adce\u00adment, repos, dou\u00adceur, cha\u00adleur. Sou\u00adla\u00adge\u00adment. On flotte ensemble ou on est arri\u00adv\u00e9es quelque part&nbsp;? Un autre est l\u00e0, tout d\u2019un coup, \u00e0&nbsp;tenir, sou\u00adte\u00adnir, pr\u00ea\u00adter son dos, sa main. Ca se d\u00e9lie, \u00e7a part en danse, des couples se forment, se perdent \u2026<br><br>Une barque d\u2019ambre \u00e0&nbsp;trois rames<br>creuse la mare du d\u00e9sert<br>Le vent s\u2019\u00e9tale sur la mousse<br>Un soir entier sou\u00adtient l\u2019aurore<br>Le mou\u00adve\u00adment a&nbsp;des racines<br>L\u2019immobile cro\u00eet et fleu\u00adrit.<br>encore Paul Eluard<br><br>Nous avons lu beau\u00adcoup de textes, trop peut \u00eatre \u2013 je ne vous en cite que trois. Lire des textes sur l\u2019espace sc\u00e9\u00adnique a&nbsp;g\u00ean\u00e9 cer\u00adtains, d\u2019autres pas. Nous avons num\u00e9\u00adro\u00adt\u00e9 les textes lus, par des marque-pages, et Val\u00e9\u00adrie a&nbsp;num\u00e9\u00adro\u00adt\u00e9 les des\u00adsins aus\u00adsi. Au cas o\u00f9 on vou\u00addrait construire quelque chose entre textes et images\u2026? Le coin de pein\u00adture de Val\u00e9\u00adrie a&nbsp;\u00e9t\u00e9 pas mal visi\u00adt\u00e9 par plu\u00adsieurs, des magni\u00adfiques pein\u00adtures en sont sor\u00adties, on a&nbsp;pris des pho\u00adtos.<br><br>D\u2019ailleurs, nous avions une pho\u00adto\u00adgraphe par\u00admi nous, elle a&nbsp;pris pas mal d\u2019images. Ca nous a&nbsp;per\u00admis aus\u00adsi d\u2019avoir des \u00e9changes sur sa pos\u00adture dehors-dedans, et on a&nbsp;bien sen\u00adti, que ce cli\u00advage est tout autre sauf simple. Marie s\u2019est sen\u00adtie par moments com\u00adpl\u00e8\u00adte\u00adment dans la sen\u00adsa\u00adtion et en phase avec les corps qu\u2019elle pre\u00adnait en pho\u00adto, avait m\u00eame envie de venir avec sa cam\u00e9\u00adra sur l\u2019espace sc\u00e9\u00adnique \u2026 \u00e0&nbsp;exp\u00e9\u00adri\u00admen\u00adter. Nous on la sen\u00adtait par moments effec\u00adti\u00adve\u00adment en dehors, puis par des moments avec nous, on ne se ren\u00addait plus compte qu\u2019elle \u00e9tait l\u00e0. Pas \u00e9vident la pho\u00adto, mais int\u00e9\u00adres\u00adsant et \u00e0&nbsp;pour\u00adsuivre.<br><br>Un ate\u00adlier dif\u00adfi\u00adcile mais tr\u00e8s riche&nbsp;!<br><br>En par\u00adlant avec Val\u00e9\u00adrie ce lun\u00addi apr\u00e8s-midi nous nous sommes dit qu\u2019un dia\u00adpo\u00adra\u00adma com\u00adpo\u00ads\u00e9 par des pho\u00adtos, des textes, des des\u00adsins autour du th\u00e8me de l\u2019errance pour\u00adrait \u00eatre pas mal, et moins co\u00fb\u00adteux et dif\u00adfi\u00adcile \u00e0&nbsp;r\u00e9a\u00adli\u00adser qu\u2019un livret, ou en tout cas quelque chose de fix\u00e9 sur un papier \u2026?<br><br>A creu\u00adser.<br><br>je veux sor\u00adtir, mou\u00adrir debout, dehors, au-dedans de moi, tenir ma canne comme un vieux mari.<br>Je veux encore saluer les gens du quar\u00adtier, qu\u2019ils me recon\u00adnaissent.\u2026 Je n\u2019irai pas loin, je serai rai\u00adson\u00adnable, si je fatigue, je m\u2019assi\u00e9rai, sur le muret, un banc, \u00e0&nbsp;un arr\u00eat de bus. Je veux sor\u00adtir. sen\u00adtir la terre sous le bitume. Tirer der\u00adri\u00e8re moi la lour\u00addeur du ciel.<br>Je serai rai\u00adson\u00adnable, je ferai des petits pas, je regar\u00adde\u00adrai bien o\u00f9 je mets les pieds, je mar\u00adche\u00adrai le long du mur, au cas o\u00f9 je per\u00addrai l\u2019\u00e9quilibre.<br>Oui, je vais sor\u00adtir.<br>D\u00e8s que la pluie aura ces\u00ads\u00e9. Entre deux averses. En atten\u00addant, je vais reprendre des forces. La pluie va ces\u00adser. Il faut que je sois pr\u00eate. Il est o\u00f9 mon man\u00adteau d\u00e9j\u00e0\u2026 Ah, oui&nbsp;! et la canne \u2026 s\u00fbre\u00adment dans l\u2019entr\u00e9e. Tout \u00e0&nbsp;l\u2019heure, je ver\u00adrai cela tout \u00e0&nbsp;l\u2019heure. Avant, je dois prendre des forces. Ne pas trop bou\u00adger. Voi\u00adl\u00e0, comme cela. Ne pen\u00adser \u00e0&nbsp;rien. Tout gar\u00adder pour apr\u00e8s la pluie, entre deux averses. Ca va \u00eatre bien.<br><br>Marc Le Piouff, Les silences \u00e0&nbsp;venir<br><br>Johan\u00adna Bouchardeau<\/p><p style=\"color:green; text-align:right !important;\">Article cr\u00e9\u00e9 le 16\/02\/2020<\/p>","protected":false},"excerpt":{"rendered":"<p>Danse forum\u2192 Comptes-ren\u00ad\u00addus des ate\u00adliers\u2192 For\u00adcal\u00adquier\u2192 Cycle sur le th\u00e8me de l\u2019errance !! O\u00f9 aller ?, cycle sur le th\u00e8me de l\u2019errance23\/01\/11&nbsp;L\u2019errance comme th\u00e8me \u00ab&nbsp;cha\u00adpeau&nbsp;\u00bb, le lien, le che\u00admin, d\u2019ou je viens vers o\u00f9 je vais\u2026, l\u2019ancrage et le flot\u00adte\u00adment, l\u2019assise, le por\u00adtage, connexion-d\u00e9con\u00ad\u00adnexion \u2013 une mul\u00adti\u00adtude de th\u00e8mes au lieu d\u2019un seul ont \u00e9mer\u00adg\u00e9 dans l\u2019atelier m\u00eame. On \u00e9tait huit (dont quatre nou\u00advelles per\u00adsonnes) et nous avions du mal \u00e0&nbsp;nous fixer sur un th\u00e8me bien d\u00e9fi\u00adni et&nbsp;cadr\u00e9.&nbsp;[\u2026]<\/p>\n","protected":false},"author":2,"featured_media":0,"comment_status":"open","ping_status":"open","sticky":false,"template":"","format":"standard","meta":{"wp_typography_post_enhancements_disabled":false,"footnotes":""},"categories":[137],"tags":[211],"class_list":["post-119","post","type-post","status-publish","format-standard","hentry","category-cycle_sur_l_errance","tag-df_cyclesurlerrance"],"yoast_head":"<!-- This site is optimized with the Yoast SEO plugin v27.5 - https:\/\/yoast.com\/product\/yoast-seo-wordpress\/ -->\n<title>L\u2019errance - Le TILT<\/title>\n<meta name=\"robots\" content=\"index, follow, max-snippet:-1, max-image-preview:large, max-video-preview:-1\" \/>\n<link rel=\"canonical\" href=\"https:\/\/www.leti.lt\/wordpress\/danseforum-lerrance\/\" \/>\n<meta property=\"og:locale\" content=\"fr_FR\" \/>\n<meta property=\"og:type\" content=\"article\" \/>\n<meta property=\"og:title\" content=\"L\u2019errance - Le TILT\" \/>\n<meta property=\"og:description\" content=\"Danse forum\u2192 Comptes-ren\u00addus des ate\u00adliers\u2192 For\u00adcal\u00adquier\u2192 Cycle sur le th\u00e8me de l\u2019errance !! O\u00f9 aller ?, cycle sur le th\u00e8me de l\u2019errance23\/01\/11 L\u2019errance comme th\u00e8me \u00ab&nbsp;cha\u00adpeau&nbsp;\u00bb, le lien, le che\u00admin, d\u2019ou je viens vers o\u00f9 je vais\u2026, l\u2019ancrage et le flot\u00adte\u00adment, l\u2019assise, le por\u00adtage, connexion-d\u00e9con\u00adnexion \u2013 une mul\u00adti\u00adtude de th\u00e8mes au lieu d\u2019un seul ont \u00e9mer\u00adg\u00e9 dans l\u2019atelier m\u00eame. On \u00e9tait huit (dont quatre nou\u00advelles per\u00adsonnes) et nous avions du mal \u00e0&nbsp;nous fixer sur un th\u00e8me bien d\u00e9fi\u00adni et cadr\u00e9. [&hellip;]\" \/>\n<meta property=\"og:url\" content=\"https:\/\/www.leti.lt\/wordpress\/danseforum-lerrance\/\" \/>\n<meta property=\"og:site_name\" content=\"Le TILT\" \/>\n<meta property=\"article:published_time\" content=\"2020-02-16T14:30:32+00:00\" \/>\n<meta name=\"author\" content=\"Andr\u00e9ine Bel\" \/>\n<meta name=\"twitter:card\" content=\"summary_large_image\" \/>\n<meta name=\"twitter:label1\" content=\"\u00c9crit par\" \/>\n\t<meta name=\"twitter:data1\" content=\"Andr\u00e9ine Bel\" \/>\n\t<meta name=\"twitter:label2\" content=\"Dur\u00e9e de lecture estim\u00e9e\" \/>\n\t<meta name=\"twitter:data2\" content=\"6 minutes\" \/>\n<script type=\"application\/ld+json\" class=\"yoast-schema-graph\">{\"@context\":\"https:\\\/\\\/schema.org\",\"@graph\":[{\"@type\":\"Article\",\"@id\":\"https:\\\/\\\/www.leti.lt\\\/wordpress\\\/danseforum-lerrance\\\/#article\",\"isPartOf\":{\"@id\":\"https:\\\/\\\/www.leti.lt\\\/wordpress\\\/danseforum-lerrance\\\/\"},\"author\":{\"name\":\"Andr\u00e9ine Bel\",\"@id\":\"https:\\\/\\\/www.leti.lt\\\/wordpress\\\/#\\\/schema\\\/person\\\/9bb307b2af8fbb575bb3603e57951f75\"},\"headline\":\"L\u2019errance\",\"datePublished\":\"2020-02-16T14:30:32+00:00\",\"mainEntityOfPage\":{\"@id\":\"https:\\\/\\\/www.leti.lt\\\/wordpress\\\/danseforum-lerrance\\\/\"},\"wordCount\":1295,\"commentCount\":0,\"keywords\":[\"DF_CycleSurLerrance\"],\"articleSection\":[\"Cycle sur l\u2019errance\"],\"inLanguage\":\"fr-FR\",\"potentialAction\":[{\"@type\":\"CommentAction\",\"name\":\"Comment\",\"target\":[\"https:\\\/\\\/www.leti.lt\\\/wordpress\\\/danseforum-lerrance\\\/#respond\"]}]},{\"@type\":\"WebPage\",\"@id\":\"https:\\\/\\\/www.leti.lt\\\/wordpress\\\/danseforum-lerrance\\\/\",\"url\":\"https:\\\/\\\/www.leti.lt\\\/wordpress\\\/danseforum-lerrance\\\/\",\"name\":\"L\u2019errance - Le TILT\",\"isPartOf\":{\"@id\":\"https:\\\/\\\/www.leti.lt\\\/wordpress\\\/#website\"},\"datePublished\":\"2020-02-16T14:30:32+00:00\",\"author\":{\"@id\":\"https:\\\/\\\/www.leti.lt\\\/wordpress\\\/#\\\/schema\\\/person\\\/9bb307b2af8fbb575bb3603e57951f75\"},\"breadcrumb\":{\"@id\":\"https:\\\/\\\/www.leti.lt\\\/wordpress\\\/danseforum-lerrance\\\/#breadcrumb\"},\"inLanguage\":\"fr-FR\",\"potentialAction\":[{\"@type\":\"ReadAction\",\"target\":[\"https:\\\/\\\/www.leti.lt\\\/wordpress\\\/danseforum-lerrance\\\/\"]}]},{\"@type\":\"BreadcrumbList\",\"@id\":\"https:\\\/\\\/www.leti.lt\\\/wordpress\\\/danseforum-lerrance\\\/#breadcrumb\",\"itemListElement\":[{\"@type\":\"ListItem\",\"position\":1,\"name\":\"Accueil\",\"item\":\"https:\\\/\\\/www.leti.lt\\\/wordpress\\\/\"},{\"@type\":\"ListItem\",\"position\":2,\"name\":\"L\u2019errance\"}]},{\"@type\":\"WebSite\",\"@id\":\"https:\\\/\\\/www.leti.lt\\\/wordpress\\\/#website\",\"url\":\"https:\\\/\\\/www.leti.lt\\\/wordpress\\\/\",\"name\":\"Le TILT\",\"description\":\"Recherche, publication, cr\u00e9ation artistique\",\"potentialAction\":[{\"@type\":\"SearchAction\",\"target\":{\"@type\":\"EntryPoint\",\"urlTemplate\":\"https:\\\/\\\/www.leti.lt\\\/wordpress\\\/?s={search_term_string}\"},\"query-input\":{\"@type\":\"PropertyValueSpecification\",\"valueRequired\":true,\"valueName\":\"search_term_string\"}}],\"inLanguage\":\"fr-FR\"},{\"@type\":\"Person\",\"@id\":\"https:\\\/\\\/www.leti.lt\\\/wordpress\\\/#\\\/schema\\\/person\\\/9bb307b2af8fbb575bb3603e57951f75\",\"name\":\"Andr\u00e9ine Bel\",\"image\":{\"@type\":\"ImageObject\",\"inLanguage\":\"fr-FR\",\"@id\":\"https:\\\/\\\/secure.gravatar.com\\\/avatar\\\/4ab041ec7c7ad3b90293023e86528ec1a700ce2971ff61811b2df6b288dd1f38?s=96&d=identicon&r=g\",\"url\":\"https:\\\/\\\/secure.gravatar.com\\\/avatar\\\/4ab041ec7c7ad3b90293023e86528ec1a700ce2971ff61811b2df6b288dd1f38?s=96&d=identicon&r=g\",\"contentUrl\":\"https:\\\/\\\/secure.gravatar.com\\\/avatar\\\/4ab041ec7c7ad3b90293023e86528ec1a700ce2971ff61811b2df6b288dd1f38?s=96&d=identicon&r=g\",\"caption\":\"Andr\u00e9ine Bel\"},\"url\":\"https:\\\/\\\/www.leti.lt\\\/wordpress\\\/author\\\/andreine\\\/\"}]}<\/script>\n<!-- \/ Yoast SEO plugin. -->","yoast_head_json":{"title":"L\u2019errance - Le TILT","robots":{"index":"index","follow":"follow","max-snippet":"max-snippet:-1","max-image-preview":"max-image-preview:large","max-video-preview":"max-video-preview:-1"},"canonical":"https:\/\/www.leti.lt\/wordpress\/danseforum-lerrance\/","og_locale":"fr_FR","og_type":"article","og_title":"L\u2019errance - Le TILT","og_description":"Danse forum\u2192 Comptes-ren\u00addus des ate\u00adliers\u2192 For\u00adcal\u00adquier\u2192 Cycle sur le th\u00e8me de l\u2019errance !! O\u00f9 aller ?, cycle sur le th\u00e8me de l\u2019errance23\/01\/11 L\u2019errance comme th\u00e8me \u00ab&nbsp;cha\u00adpeau&nbsp;\u00bb, le lien, le che\u00admin, d\u2019ou je viens vers o\u00f9 je vais\u2026, l\u2019ancrage et le flot\u00adte\u00adment, l\u2019assise, le por\u00adtage, connexion-d\u00e9con\u00adnexion \u2013 une mul\u00adti\u00adtude de th\u00e8mes au lieu d\u2019un seul ont \u00e9mer\u00adg\u00e9 dans l\u2019atelier m\u00eame. On \u00e9tait huit (dont quatre nou\u00advelles per\u00adsonnes) et nous avions du mal \u00e0&nbsp;nous fixer sur un th\u00e8me bien d\u00e9fi\u00adni et cadr\u00e9. [&hellip;]","og_url":"https:\/\/www.leti.lt\/wordpress\/danseforum-lerrance\/","og_site_name":"Le TILT","article_published_time":"2020-02-16T14:30:32+00:00","author":"Andr\u00e9ine Bel","twitter_card":"summary_large_image","twitter_misc":{"\u00c9crit par":"Andr\u00e9ine Bel","Dur\u00e9e de lecture estim\u00e9e":"6 minutes"},"schema":{"@context":"https:\/\/schema.org","@graph":[{"@type":"Article","@id":"https:\/\/www.leti.lt\/wordpress\/danseforum-lerrance\/#article","isPartOf":{"@id":"https:\/\/www.leti.lt\/wordpress\/danseforum-lerrance\/"},"author":{"name":"Andr\u00e9ine Bel","@id":"https:\/\/www.leti.lt\/wordpress\/#\/schema\/person\/9bb307b2af8fbb575bb3603e57951f75"},"headline":"L\u2019errance","datePublished":"2020-02-16T14:30:32+00:00","mainEntityOfPage":{"@id":"https:\/\/www.leti.lt\/wordpress\/danseforum-lerrance\/"},"wordCount":1295,"commentCount":0,"keywords":["DF_CycleSurLerrance"],"articleSection":["Cycle sur l\u2019errance"],"inLanguage":"fr-FR","potentialAction":[{"@type":"CommentAction","name":"Comment","target":["https:\/\/www.leti.lt\/wordpress\/danseforum-lerrance\/#respond"]}]},{"@type":"WebPage","@id":"https:\/\/www.leti.lt\/wordpress\/danseforum-lerrance\/","url":"https:\/\/www.leti.lt\/wordpress\/danseforum-lerrance\/","name":"L\u2019errance - Le TILT","isPartOf":{"@id":"https:\/\/www.leti.lt\/wordpress\/#website"},"datePublished":"2020-02-16T14:30:32+00:00","author":{"@id":"https:\/\/www.leti.lt\/wordpress\/#\/schema\/person\/9bb307b2af8fbb575bb3603e57951f75"},"breadcrumb":{"@id":"https:\/\/www.leti.lt\/wordpress\/danseforum-lerrance\/#breadcrumb"},"inLanguage":"fr-FR","potentialAction":[{"@type":"ReadAction","target":["https:\/\/www.leti.lt\/wordpress\/danseforum-lerrance\/"]}]},{"@type":"BreadcrumbList","@id":"https:\/\/www.leti.lt\/wordpress\/danseforum-lerrance\/#breadcrumb","itemListElement":[{"@type":"ListItem","position":1,"name":"Accueil","item":"https:\/\/www.leti.lt\/wordpress\/"},{"@type":"ListItem","position":2,"name":"L\u2019errance"}]},{"@type":"WebSite","@id":"https:\/\/www.leti.lt\/wordpress\/#website","url":"https:\/\/www.leti.lt\/wordpress\/","name":"Le TILT","description":"Recherche, publication, cr\u00e9ation artistique","potentialAction":[{"@type":"SearchAction","target":{"@type":"EntryPoint","urlTemplate":"https:\/\/www.leti.lt\/wordpress\/?s={search_term_string}"},"query-input":{"@type":"PropertyValueSpecification","valueRequired":true,"valueName":"search_term_string"}}],"inLanguage":"fr-FR"},{"@type":"Person","@id":"https:\/\/www.leti.lt\/wordpress\/#\/schema\/person\/9bb307b2af8fbb575bb3603e57951f75","name":"Andr\u00e9ine Bel","image":{"@type":"ImageObject","inLanguage":"fr-FR","@id":"https:\/\/secure.gravatar.com\/avatar\/4ab041ec7c7ad3b90293023e86528ec1a700ce2971ff61811b2df6b288dd1f38?s=96&d=identicon&r=g","url":"https:\/\/secure.gravatar.com\/avatar\/4ab041ec7c7ad3b90293023e86528ec1a700ce2971ff61811b2df6b288dd1f38?s=96&d=identicon&r=g","contentUrl":"https:\/\/secure.gravatar.com\/avatar\/4ab041ec7c7ad3b90293023e86528ec1a700ce2971ff61811b2df6b288dd1f38?s=96&d=identicon&r=g","caption":"Andr\u00e9ine Bel"},"url":"https:\/\/www.leti.lt\/wordpress\/author\/andreine\/"}]}},"_links":{"self":[{"href":"https:\/\/www.leti.lt\/wordpress\/wp-json\/wp\/v2\/posts\/119","targetHints":{"allow":["GET"]}}],"collection":[{"href":"https:\/\/www.leti.lt\/wordpress\/wp-json\/wp\/v2\/posts"}],"about":[{"href":"https:\/\/www.leti.lt\/wordpress\/wp-json\/wp\/v2\/types\/post"}],"author":[{"embeddable":true,"href":"https:\/\/www.leti.lt\/wordpress\/wp-json\/wp\/v2\/users\/2"}],"replies":[{"embeddable":true,"href":"https:\/\/www.leti.lt\/wordpress\/wp-json\/wp\/v2\/comments?post=119"}],"version-history":[{"count":0,"href":"https:\/\/www.leti.lt\/wordpress\/wp-json\/wp\/v2\/posts\/119\/revisions"}],"wp:attachment":[{"href":"https:\/\/www.leti.lt\/wordpress\/wp-json\/wp\/v2\/media?parent=119"}],"wp:term":[{"taxonomy":"category","embeddable":true,"href":"https:\/\/www.leti.lt\/wordpress\/wp-json\/wp\/v2\/categories?post=119"},{"taxonomy":"post_tag","embeddable":true,"href":"https:\/\/www.leti.lt\/wordpress\/wp-json\/wp\/v2\/tags?post=119"}],"curies":[{"name":"wp","href":"https:\/\/api.w.org\/{rel}","templated":true}]}}