{"id":117,"date":"2020-02-16T15:30:32","date_gmt":"2020-02-16T14:30:32","guid":{"rendered":"https:\/\/www.leti.lt\/wordpress\/?p=117"},"modified":"-0001-11-30T00:00:00","modified_gmt":"-0001-11-29T22:00:00","slug":"danseforum-lenveloppement","status":"publish","type":"post","link":"https:\/\/www.leti.lt\/wordpress\/danseforum-lenveloppement\/","title":{"rendered":"L\u2019enveloppement"},"content":{"rendered":"<p><a href=\"https:\/\/www.leti.lt\/wordpress\/danseforum-danseforum\/\">Danse forum<\/a><br>\u2192 <a href=\"https:\/\/www.leti.lt\/wordpress\/danseforum-comptesrendusateliers\/\">Comptes-ren\u00addus des ate\u00adliers<\/a><br>\u2192 <a href=\"https:\/\/www.leti.lt\/wordpress\/danseforum-lambesc\/\">Lam\u00adbesc<\/a><br><br>!!L\u2019enveloppement \u2013 20 octobre 2007<br><br>Il fai\u00adsait froid ce soir-l\u00e0, et pour une fois le petit nombre trois que nous \u00e9tions nous a&nbsp;pes\u00e9, mais il y&nbsp;avait deux cou\u00adver\u00adtures et une che\u00adve\u00adlure, aus\u00adsi nous avons choi\u00adsi \u00ab&nbsp;l\u2019enveloppement&nbsp;\u00bb. Nous sommes deve\u00adnus escar\u00adgot, grotte, cocon (bien obli\u00adg\u00e9s) et le temps de nous r\u00e9chauf\u00adfer, nous avons d\u00fb par\u00adtir \u00e0&nbsp;moi\u00adti\u00e9 che\u00admin pour aller \u00e0&nbsp;Mey\u00adreuil.<br><br>La bonne nou\u00advelle c\u2019est que le chauf\u00adfage va \u00eatre pro\u00adba\u00adble\u00adment rem\u00adpla\u00adc\u00e9\u2026<br><br>Andr\u00e9ine Bel,<br><br>d\u2019apr\u00e8s les retours de&nbsp;: Andr\u00e9ine B, Johan\u00adna B, Leo\u00adnar\u00addo&nbsp;C.<\/p><p style=\"color:green; text-align:right !important;\">Article cr\u00e9\u00e9 le 16\/02\/2020<\/p>","protected":false},"excerpt":{"rendered":"<p>Danse forum\u2192 Comptes-ren\u00ad\u00addus des ate\u00adliers\u2192 Lam\u00adbesc !!L\u2019enveloppement \u2013 20 octobre 2007 Il fai\u00adsait froid ce soir-l\u00e0, et pour une fois le petit nombre trois que nous \u00e9tions nous a&nbsp;pes\u00e9, mais il y&nbsp;avait deux cou\u00adver\u00adtures et une che\u00adve\u00adlure, aus\u00adsi nous avons choi\u00adsi \u00ab&nbsp;l\u2019enveloppement&nbsp;\u00bb. Nous sommes deve\u00adnus escar\u00adgot, grotte, cocon (bien obli\u00adg\u00e9s) et le temps de nous r\u00e9chauf\u00adfer, nous avons d\u00fb par\u00adtir \u00e0&nbsp;moi\u00adti\u00e9 che\u00admin pour aller \u00e0&nbsp;Mey\u00adreuil. La bonne nou\u00advelle c\u2019est que le chauf\u00adfage va \u00eatre pro\u00adba\u00adble\u00adment rem\u00adpla\u00adc\u00e9\u2026 Andr\u00e9ine Bel, d\u2019apr\u00e8s les&nbsp;[\u2026]<\/p>\n","protected":false},"author":2,"featured_media":0,"comment_status":"open","ping_status":"open","sticky":false,"template":"","format":"standard","meta":{"wp_typography_post_enhancements_disabled":false,"footnotes":""},"categories":[184],"tags":[208],"class_list":["post-117","post","type-post","status-publish","format-standard","hentry","category-ateliers_lambesc","tag-df_lambesc"],"yoast_head":"<!-- This site is optimized with the Yoast SEO plugin v27.5 - https:\/\/yoast.com\/product\/yoast-seo-wordpress\/ -->\n<title>L\u2019enveloppement - Le TILT<\/title>\n<meta name=\"robots\" content=\"index, follow, max-snippet:-1, max-image-preview:large, max-video-preview:-1\" \/>\n<link rel=\"canonical\" href=\"https:\/\/www.leti.lt\/wordpress\/danseforum-lenveloppement\/\" \/>\n<meta property=\"og:locale\" content=\"fr_FR\" \/>\n<meta property=\"og:type\" content=\"article\" \/>\n<meta property=\"og:title\" content=\"L\u2019enveloppement - Le TILT\" \/>\n<meta property=\"og:description\" content=\"Danse forum\u2192 Comptes-ren\u00addus des ate\u00adliers\u2192 Lam\u00adbesc !!L\u2019enveloppement \u2013 20 octobre 2007 Il fai\u00adsait froid ce soir-l\u00e0, et pour une fois le petit nombre trois que nous \u00e9tions nous a&nbsp;pes\u00e9, mais il y&nbsp;avait deux cou\u00adver\u00adtures et une che\u00adve\u00adlure, aus\u00adsi nous avons choi\u00adsi \u00ab&nbsp;l\u2019enveloppement&nbsp;\u00bb. Nous sommes deve\u00adnus escar\u00adgot, grotte, cocon (bien obli\u00adg\u00e9s) et le temps de nous r\u00e9chauf\u00adfer, nous avons d\u00fb par\u00adtir \u00e0&nbsp;moi\u00adti\u00e9 che\u00admin pour aller \u00e0&nbsp;Meyreuil. La bonne nou\u00advelle c\u2019est que le chauf\u00adfage va \u00eatre pro\u00adba\u00adble\u00adment remplac\u00e9\u2026 Andr\u00e9ine Bel, d\u2019apr\u00e8s les [&hellip;]\" \/>\n<meta property=\"og:url\" content=\"https:\/\/www.leti.lt\/wordpress\/danseforum-lenveloppement\/\" \/>\n<meta property=\"og:site_name\" content=\"Le TILT\" \/>\n<meta property=\"article:published_time\" content=\"2020-02-16T14:30:32+00:00\" \/>\n<meta name=\"author\" content=\"Andr\u00e9ine Bel\" \/>\n<meta name=\"twitter:card\" content=\"summary_large_image\" \/>\n<meta name=\"twitter:label1\" content=\"\u00c9crit par\" \/>\n\t<meta name=\"twitter:data1\" content=\"Andr\u00e9ine Bel\" \/>\n<script type=\"application\/ld+json\" class=\"yoast-schema-graph\">{\"@context\":\"https:\\\/\\\/schema.org\",\"@graph\":[{\"@type\":\"Article\",\"@id\":\"https:\\\/\\\/www.leti.lt\\\/wordpress\\\/danseforum-lenveloppement\\\/#article\",\"isPartOf\":{\"@id\":\"https:\\\/\\\/www.leti.lt\\\/wordpress\\\/danseforum-lenveloppement\\\/\"},\"author\":{\"name\":\"Andr\u00e9ine Bel\",\"@id\":\"https:\\\/\\\/www.leti.lt\\\/wordpress\\\/#\\\/schema\\\/person\\\/9bb307b2af8fbb575bb3603e57951f75\"},\"headline\":\"L\u2019enveloppement\",\"datePublished\":\"2020-02-16T14:30:32+00:00\",\"mainEntityOfPage\":{\"@id\":\"https:\\\/\\\/www.leti.lt\\\/wordpress\\\/danseforum-lenveloppement\\\/\"},\"wordCount\":99,\"commentCount\":0,\"keywords\":[\"DF_Lambesc\"],\"articleSection\":[\"Ateliers Lambesc\"],\"inLanguage\":\"fr-FR\",\"potentialAction\":[{\"@type\":\"CommentAction\",\"name\":\"Comment\",\"target\":[\"https:\\\/\\\/www.leti.lt\\\/wordpress\\\/danseforum-lenveloppement\\\/#respond\"]}]},{\"@type\":\"WebPage\",\"@id\":\"https:\\\/\\\/www.leti.lt\\\/wordpress\\\/danseforum-lenveloppement\\\/\",\"url\":\"https:\\\/\\\/www.leti.lt\\\/wordpress\\\/danseforum-lenveloppement\\\/\",\"name\":\"L\u2019enveloppement - Le TILT\",\"isPartOf\":{\"@id\":\"https:\\\/\\\/www.leti.lt\\\/wordpress\\\/#website\"},\"datePublished\":\"2020-02-16T14:30:32+00:00\",\"author\":{\"@id\":\"https:\\\/\\\/www.leti.lt\\\/wordpress\\\/#\\\/schema\\\/person\\\/9bb307b2af8fbb575bb3603e57951f75\"},\"breadcrumb\":{\"@id\":\"https:\\\/\\\/www.leti.lt\\\/wordpress\\\/danseforum-lenveloppement\\\/#breadcrumb\"},\"inLanguage\":\"fr-FR\",\"potentialAction\":[{\"@type\":\"ReadAction\",\"target\":[\"https:\\\/\\\/www.leti.lt\\\/wordpress\\\/danseforum-lenveloppement\\\/\"]}]},{\"@type\":\"BreadcrumbList\",\"@id\":\"https:\\\/\\\/www.leti.lt\\\/wordpress\\\/danseforum-lenveloppement\\\/#breadcrumb\",\"itemListElement\":[{\"@type\":\"ListItem\",\"position\":1,\"name\":\"Accueil\",\"item\":\"https:\\\/\\\/www.leti.lt\\\/wordpress\\\/\"},{\"@type\":\"ListItem\",\"position\":2,\"name\":\"L\u2019enveloppement\"}]},{\"@type\":\"WebSite\",\"@id\":\"https:\\\/\\\/www.leti.lt\\\/wordpress\\\/#website\",\"url\":\"https:\\\/\\\/www.leti.lt\\\/wordpress\\\/\",\"name\":\"Le TILT\",\"description\":\"Recherche, publication, cr\u00e9ation artistique\",\"potentialAction\":[{\"@type\":\"SearchAction\",\"target\":{\"@type\":\"EntryPoint\",\"urlTemplate\":\"https:\\\/\\\/www.leti.lt\\\/wordpress\\\/?s={search_term_string}\"},\"query-input\":{\"@type\":\"PropertyValueSpecification\",\"valueRequired\":true,\"valueName\":\"search_term_string\"}}],\"inLanguage\":\"fr-FR\"},{\"@type\":\"Person\",\"@id\":\"https:\\\/\\\/www.leti.lt\\\/wordpress\\\/#\\\/schema\\\/person\\\/9bb307b2af8fbb575bb3603e57951f75\",\"name\":\"Andr\u00e9ine Bel\",\"image\":{\"@type\":\"ImageObject\",\"inLanguage\":\"fr-FR\",\"@id\":\"https:\\\/\\\/secure.gravatar.com\\\/avatar\\\/4ab041ec7c7ad3b90293023e86528ec1a700ce2971ff61811b2df6b288dd1f38?s=96&d=identicon&r=g\",\"url\":\"https:\\\/\\\/secure.gravatar.com\\\/avatar\\\/4ab041ec7c7ad3b90293023e86528ec1a700ce2971ff61811b2df6b288dd1f38?s=96&d=identicon&r=g\",\"contentUrl\":\"https:\\\/\\\/secure.gravatar.com\\\/avatar\\\/4ab041ec7c7ad3b90293023e86528ec1a700ce2971ff61811b2df6b288dd1f38?s=96&d=identicon&r=g\",\"caption\":\"Andr\u00e9ine Bel\"},\"url\":\"https:\\\/\\\/www.leti.lt\\\/wordpress\\\/author\\\/andreine\\\/\"}]}<\/script>\n<!-- \/ Yoast SEO plugin. -->","yoast_head_json":{"title":"L\u2019enveloppement - Le TILT","robots":{"index":"index","follow":"follow","max-snippet":"max-snippet:-1","max-image-preview":"max-image-preview:large","max-video-preview":"max-video-preview:-1"},"canonical":"https:\/\/www.leti.lt\/wordpress\/danseforum-lenveloppement\/","og_locale":"fr_FR","og_type":"article","og_title":"L\u2019enveloppement - Le TILT","og_description":"Danse forum\u2192 Comptes-ren\u00addus des ate\u00adliers\u2192 Lam\u00adbesc !!L\u2019enveloppement \u2013 20 octobre 2007 Il fai\u00adsait froid ce soir-l\u00e0, et pour une fois le petit nombre trois que nous \u00e9tions nous a&nbsp;pes\u00e9, mais il y&nbsp;avait deux cou\u00adver\u00adtures et une che\u00adve\u00adlure, aus\u00adsi nous avons choi\u00adsi \u00ab&nbsp;l\u2019enveloppement&nbsp;\u00bb. Nous sommes deve\u00adnus escar\u00adgot, grotte, cocon (bien obli\u00adg\u00e9s) et le temps de nous r\u00e9chauf\u00adfer, nous avons d\u00fb par\u00adtir \u00e0&nbsp;moi\u00adti\u00e9 che\u00admin pour aller \u00e0&nbsp;Meyreuil. La bonne nou\u00advelle c\u2019est que le chauf\u00adfage va \u00eatre pro\u00adba\u00adble\u00adment remplac\u00e9\u2026 Andr\u00e9ine Bel, d\u2019apr\u00e8s les [&hellip;]","og_url":"https:\/\/www.leti.lt\/wordpress\/danseforum-lenveloppement\/","og_site_name":"Le TILT","article_published_time":"2020-02-16T14:30:32+00:00","author":"Andr\u00e9ine Bel","twitter_card":"summary_large_image","twitter_misc":{"\u00c9crit par":"Andr\u00e9ine Bel"},"schema":{"@context":"https:\/\/schema.org","@graph":[{"@type":"Article","@id":"https:\/\/www.leti.lt\/wordpress\/danseforum-lenveloppement\/#article","isPartOf":{"@id":"https:\/\/www.leti.lt\/wordpress\/danseforum-lenveloppement\/"},"author":{"name":"Andr\u00e9ine Bel","@id":"https:\/\/www.leti.lt\/wordpress\/#\/schema\/person\/9bb307b2af8fbb575bb3603e57951f75"},"headline":"L\u2019enveloppement","datePublished":"2020-02-16T14:30:32+00:00","mainEntityOfPage":{"@id":"https:\/\/www.leti.lt\/wordpress\/danseforum-lenveloppement\/"},"wordCount":99,"commentCount":0,"keywords":["DF_Lambesc"],"articleSection":["Ateliers Lambesc"],"inLanguage":"fr-FR","potentialAction":[{"@type":"CommentAction","name":"Comment","target":["https:\/\/www.leti.lt\/wordpress\/danseforum-lenveloppement\/#respond"]}]},{"@type":"WebPage","@id":"https:\/\/www.leti.lt\/wordpress\/danseforum-lenveloppement\/","url":"https:\/\/www.leti.lt\/wordpress\/danseforum-lenveloppement\/","name":"L\u2019enveloppement - Le TILT","isPartOf":{"@id":"https:\/\/www.leti.lt\/wordpress\/#website"},"datePublished":"2020-02-16T14:30:32+00:00","author":{"@id":"https:\/\/www.leti.lt\/wordpress\/#\/schema\/person\/9bb307b2af8fbb575bb3603e57951f75"},"breadcrumb":{"@id":"https:\/\/www.leti.lt\/wordpress\/danseforum-lenveloppement\/#breadcrumb"},"inLanguage":"fr-FR","potentialAction":[{"@type":"ReadAction","target":["https:\/\/www.leti.lt\/wordpress\/danseforum-lenveloppement\/"]}]},{"@type":"BreadcrumbList","@id":"https:\/\/www.leti.lt\/wordpress\/danseforum-lenveloppement\/#breadcrumb","itemListElement":[{"@type":"ListItem","position":1,"name":"Accueil","item":"https:\/\/www.leti.lt\/wordpress\/"},{"@type":"ListItem","position":2,"name":"L\u2019enveloppement"}]},{"@type":"WebSite","@id":"https:\/\/www.leti.lt\/wordpress\/#website","url":"https:\/\/www.leti.lt\/wordpress\/","name":"Le TILT","description":"Recherche, publication, cr\u00e9ation artistique","potentialAction":[{"@type":"SearchAction","target":{"@type":"EntryPoint","urlTemplate":"https:\/\/www.leti.lt\/wordpress\/?s={search_term_string}"},"query-input":{"@type":"PropertyValueSpecification","valueRequired":true,"valueName":"search_term_string"}}],"inLanguage":"fr-FR"},{"@type":"Person","@id":"https:\/\/www.leti.lt\/wordpress\/#\/schema\/person\/9bb307b2af8fbb575bb3603e57951f75","name":"Andr\u00e9ine Bel","image":{"@type":"ImageObject","inLanguage":"fr-FR","@id":"https:\/\/secure.gravatar.com\/avatar\/4ab041ec7c7ad3b90293023e86528ec1a700ce2971ff61811b2df6b288dd1f38?s=96&d=identicon&r=g","url":"https:\/\/secure.gravatar.com\/avatar\/4ab041ec7c7ad3b90293023e86528ec1a700ce2971ff61811b2df6b288dd1f38?s=96&d=identicon&r=g","contentUrl":"https:\/\/secure.gravatar.com\/avatar\/4ab041ec7c7ad3b90293023e86528ec1a700ce2971ff61811b2df6b288dd1f38?s=96&d=identicon&r=g","caption":"Andr\u00e9ine Bel"},"url":"https:\/\/www.leti.lt\/wordpress\/author\/andreine\/"}]}},"_links":{"self":[{"href":"https:\/\/www.leti.lt\/wordpress\/wp-json\/wp\/v2\/posts\/117","targetHints":{"allow":["GET"]}}],"collection":[{"href":"https:\/\/www.leti.lt\/wordpress\/wp-json\/wp\/v2\/posts"}],"about":[{"href":"https:\/\/www.leti.lt\/wordpress\/wp-json\/wp\/v2\/types\/post"}],"author":[{"embeddable":true,"href":"https:\/\/www.leti.lt\/wordpress\/wp-json\/wp\/v2\/users\/2"}],"replies":[{"embeddable":true,"href":"https:\/\/www.leti.lt\/wordpress\/wp-json\/wp\/v2\/comments?post=117"}],"version-history":[{"count":0,"href":"https:\/\/www.leti.lt\/wordpress\/wp-json\/wp\/v2\/posts\/117\/revisions"}],"wp:attachment":[{"href":"https:\/\/www.leti.lt\/wordpress\/wp-json\/wp\/v2\/media?parent=117"}],"wp:term":[{"taxonomy":"category","embeddable":true,"href":"https:\/\/www.leti.lt\/wordpress\/wp-json\/wp\/v2\/categories?post=117"},{"taxonomy":"post_tag","embeddable":true,"href":"https:\/\/www.leti.lt\/wordpress\/wp-json\/wp\/v2\/tags?post=117"}],"curies":[{"name":"wp","href":"https:\/\/api.w.org\/{rel}","templated":true}]}}