{"id":115,"date":"2020-02-16T15:30:32","date_gmt":"2020-02-16T14:30:32","guid":{"rendered":"https:\/\/www.leti.lt\/wordpress\/?p=115"},"modified":"-0001-11-30T00:00:00","modified_gmt":"-0001-11-29T22:00:00","slug":"danseforum-lentredeux","status":"publish","type":"post","link":"https:\/\/www.leti.lt\/wordpress\/danseforum-lentredeux\/","title":{"rendered":"L\u2019entre-deux"},"content":{"rendered":"<p><a href=\"https:\/\/www.leti.lt\/wordpress\/danseforum-danseforum\/\">Danse forum<\/a><br>\u2192 <a href=\"https:\/\/www.leti.lt\/wordpress\/danseforum-comptesrendusateliers\/\">Comptes-ren\u00addus des ate\u00adliers<\/a><br>\u2192 <a href=\"https:\/\/www.leti.lt\/wordpress\/danseforum-autreslieux\/\">Autres\u00adLieux<\/a><br><br>!!L\u2019entre-deux \u2013 24 avril 2009, Bruxelles<br><br>Pour cette danse forum \u00e0&nbsp;Bruxelles, nous \u00e9tions une quin\u00adzaine de par\u00adti\u00adci\u00adpants.<br><br>La jok\u00e9\u00adri\u00adsa\u00adtion fut men\u00e9e \u00e0&nbsp;trois, d\u2019une fa\u00e7on fluide et com\u00adpl\u00e9\u00admen\u00adtaire. Pour ma part, j\u2019ai vrai\u00adment res\u00adsen\u00adti de fa\u00e7on nette ce que je lais\u00adsais dans les mains de mes deux co-jokers, et que j\u2019aurais assu\u00adm\u00e9 si elles n\u2019avaient pas \u00e9t\u00e9 l\u00e0. Cela m\u2019a peu \u00e0&nbsp;peu don\u00adn\u00e9 un sen\u00adti\u00adment per\u00adson\u00adnel d\u2019incomp\u00e9tence, qui \u00e9tait en r\u00e9a\u00adli\u00adt\u00e9 l\u2019exp\u00e9rience d\u2019une com\u00adp\u00e9\u00adtence par\u00adta\u00adg\u00e9e. L\u2019apprentissage de la coop\u00e9\u00adra\u00adtion, en somme\u2026<br><br>La ques\u00adtion fut pos\u00e9e de savoir si la pr\u00e9\u00adsence des enfants \u00e9tait pos\u00adsible ou pas. Spon\u00adta\u00adn\u00e9\u00adment, j\u2019ai r\u00e9pon\u00addu que cela ne posait pas de pro\u00adbl\u00e8me. Mais en r\u00e9a\u00adli\u00adt\u00e9, cela a&nbsp;pos\u00e9 pro\u00adbl\u00e8me\u2026 C\u2019est tout un art \u00e0 (re?)construire, celui d\u2019\u00eatre ensemble autour d\u2019un objet \u2013 ici une danse forum- tout en incluant les enfants. Nous n\u2019avons pas tous, tout le temps, la patience d\u2019y por\u00adter atten\u00adtion. Et si nous n\u2019y por\u00adtons pas atten\u00adtion, il y&nbsp;a le risque que l\u2019enfant se mette au centre pour nous y&nbsp;for\u00adcer\u2026<br><br>Le th\u00e8me de l\u2019entre-deux a&nbsp;\u00e9t\u00e9 recon\u00adnu comme f\u00e9d\u00e9\u00adra\u00adteur aus\u00adsi\u00adt\u00f4t que pro\u00adnon\u00adc\u00e9, comme une syn\u00adth\u00e8se invo\u00adlon\u00adtaire por\u00adt\u00e9e par l\u2019un de nous de tout ce qui avait \u00e9t\u00e9 dit lors de nos pre\u00admiers retours. Cette chose est tou\u00adjours \u00e9ton\u00adnante lorsqu\u2019elle se pro\u00adduit&nbsp;!<br><br>Entre deux p\u00f4les, entre deux \u00e9tats, entre deux mondes, entre le monde consi\u00add\u00e9\u00adr\u00e9 nor\u00admal et ses marges, entre l\u2019espace sc\u00e9\u00adnique et l\u2019espace du devant&nbsp;: sur la mem\u00adbrane sc\u00e9\u00adnique (1), entre deux par excel\u00adlence\u2026<br><br>Cette fameuse mem\u00adbrane sc\u00e9\u00adnique fut bien tri\u00adtu\u00adr\u00e9e dans tous les sens dans les pre\u00admi\u00e8res danses&nbsp;: sou\u00addain recou\u00adverte de jour\u00adnaux cr\u00e9ant la r\u00e9p\u00e9\u00adti\u00adtion dans toute son \u00e9ten\u00addue de la phrase&nbsp;: \u00ab&nbsp;Hors les murs&nbsp;\u00bb&nbsp;; sou\u00adle\u00adv\u00e9e telle une vague, pour lais\u00adser le pas\u00adsage d\u2019une entr\u00e9e sur l\u2019espace sc\u00e9\u00adnique non plus par au-des\u00adsus mais par en-des\u00adsous \u2013 fa\u00e7on tr\u00e8s ori\u00adgi\u00adnale de contour\u00adner l\u2019incontournable- ; corps \u00e9ta\u00adl\u00e9 cou\u00advrant les 3&nbsp;espaces&nbsp;; pieds en \u00e9qui\u00adlibre sur sa fron\u00adti\u00e8re\u2026<br><br>La n\u00e9ces\u00adsi\u00adt\u00e9 fut res\u00adsen\u00adtie \u00e0&nbsp;un moment de res\u00adser\u00adrer le th\u00e8me sur une pro\u00adbl\u00e9\u00adma\u00adtique par\u00adti\u00adcu\u00adli\u00e8re. L\u2019alchimie de chaque danse forum est unique, mais aus\u00adsi, les th\u00e8mes en eux-m\u00eames portent leurs sp\u00e9\u00adci\u00adfi\u00adci\u00adt\u00e9s&nbsp;: l\u00e0 o\u00f9 un th\u00e8me comme \u00ab&nbsp;com\u00adpact&nbsp;\u00bb, lors d\u2019une pr\u00e9\u00adc\u00e9\u00addente danse forum, n\u2019a pas eu besoin d\u2019\u00eatre pr\u00e9\u00adci\u00ads\u00e9 dans une pro\u00adbl\u00e9\u00adma\u00adtique, l\u2019 \u00ab&nbsp;entre-deux&nbsp;\u00bb ne pou\u00advait pas nous por\u00adter en lui-m\u00eame. Le grand art serait d\u2019arriver peu \u00e0&nbsp;peu \u00e0&nbsp;pro\u00adbl\u00e9\u00adma\u00adti\u00adser de telle ou telle fa\u00e7on selon les cir\u00adcons\u00adtances, le th\u00e8me choi\u00adsi, l\u2019ambiance de l\u2019atelier, l\u2019humeur du joker\u2026 Par\u00adfois le th\u00e8me se pro\u00adbl\u00e9\u00adma\u00adtise \u00ab&nbsp;tout seul&nbsp;\u00bb, sui\u00advant le fil tenace d\u2019une logique incons\u00adciente, par\u00adfois il a&nbsp;besoin d\u2019\u00eatre conte\u00adnu dans une pro\u00adbl\u00e9\u00adma\u00adtique expli\u00adci\u00adte\u00adment pos\u00e9e.<br><br>Notre pro\u00adbl\u00e9\u00adma\u00adtique fut donc&nbsp;: \u00eatre dans l\u2019entre deux g\u00e9n\u00e8re sou\u00advent un malaise&nbsp;; que faire de ce malaise&nbsp;?<br>Avec une hypo\u00adth\u00e8se sous-jacente&nbsp;: si on le lais\u00adsait \u00eatre, ce malaise, ne nous am\u00e8\u00adne\u00adrait-il pas dans une troi\u00adsi\u00e8me voie&nbsp;?<br><br>\u00c9qui\u00adlibres instables, ha\u00ef\u00adkus impromp\u00adtus, objet inso\u00adlite mis sur l\u2019espace sc\u00e9\u00adnique lui-m\u00eame, illus\u00adtra\u00adtion hila\u00adrante, musiques en poin\u00adtill\u00e9s, tout fut fait pour \u00e0&nbsp;la fois explo\u00adrer et s\u2019extirper du malaise de l\u2019entre-deux, pour des\u00adsi\u00adner des lignes, des rythmes, des formes, du sens, qui nous fassent nous sen\u00adtir situ\u00e9s. Besoin phy\u00adsique de ne pas \u00eatre en constant flot\u00adte\u00adment&nbsp;! Nous avons r\u00e9agi \u00e0&nbsp;la pro\u00adbl\u00e9\u00adma\u00adtique avec toute la force de notre vita\u00adli\u00adt\u00e9 et de notre ima\u00adgi\u00adna\u00adtion&nbsp;! Mais une ques\u00adtion res\u00adtait pos\u00e9e \u00e0&nbsp;la fin&nbsp;: que devien\u00addrait le malaise si on le lais\u00adsait faire..? Ah oui, au fait\u2026<br><br>Comme nous vivions pour quelques jours ensemble, j\u2019ai pu voir ce th\u00e8me res\u00adsur\u00adgir par-ci par-l\u00e0, lors d\u2019un autre ate\u00adlier, lors de la vie quo\u00adti\u00addienne\u2026 Il res\u00adtait pr\u00e9\u00adsent dans le fil de nos pen\u00ads\u00e9es, nous nous en ser\u00advions pour conti\u00adnuer \u00e0&nbsp;che\u00admi\u00adner.<br><br>Le th\u00e8me d\u2019une danse forum est un fil ten\u00addu dans le temps et dans l\u2019espace, reliant cha\u00adcun d\u2019entre nous et l\u2019ensemble du groupe \u00e0&nbsp;ce qui se tri\u00adcote au quo\u00adti\u00addien.<br><br>Nadine Gar\u00add\u00e8res<br><br>(1) : Bord de sc\u00e8ne&nbsp;: large d\u2019un m\u00e8tre envi\u00adron, cet espace \u2013 option\u00adnel \u2013 entoure la sc\u00e8ne sur trois c\u00f4t\u00e9s, lais\u00adsant libre l\u2019arri\u00e8re-sc\u00e8ne. Sorte de \u00ab&nbsp;mem\u00adbrane sc\u00e9\u00adnique&nbsp;\u00bb assu\u00adrant les \u00e9changes entre l\u2019int\u00e9rieur et l\u2019ext\u00e9rieur de la sc\u00e8ne, elle est le lieu o\u00f9 inter\u00adviennent les autres arts, en dia\u00adlogue avec la danse (po\u00e9\u00adsie, musique vivante, des\u00adsin, pein\u00adture, sculp\u00adture, ins\u00adtal\u00adla\u00adtion etc.). Ce dia\u00adlogue des arts per\u00admet une pro\u00adbl\u00e9\u00adma\u00adti\u00adsa\u00adtion non-ver\u00adbale du&nbsp;th\u00e8me.<\/p><p style=\"color:green; text-align:right !important;\">Article cr\u00e9\u00e9 le 16\/02\/2020<\/p>","protected":false},"excerpt":{"rendered":"<p>Danse forum\u2192 Comptes-ren\u00ad\u00addus des ate\u00adliers\u2192 Autres\u00adLieux !!L\u2019entre-deux \u2013 24 avril 2009, Bruxelles Pour cette danse forum \u00e0&nbsp;Bruxelles, nous \u00e9tions une quin\u00adzaine de par\u00adti\u00adci\u00adpants. La jok\u00e9\u00adri\u00adsa\u00adtion fut men\u00e9e \u00e0&nbsp;trois, d\u2019une fa\u00e7on fluide et com\u00adpl\u00e9\u00admen\u00adtaire. Pour ma part, j\u2019ai vrai\u00adment res\u00adsen\u00adti de fa\u00e7on nette ce que je lais\u00adsais dans les mains de mes deux co-jokers, et que j\u2019aurais assu\u00adm\u00e9 si elles n\u2019avaient pas \u00e9t\u00e9 l\u00e0. Cela m\u2019a peu \u00e0&nbsp;peu don\u00adn\u00e9 un sen\u00adti\u00adment per\u00adson\u00adnel d\u2019incomp\u00e9tence, qui \u00e9tait en r\u00e9a\u00adli\u00adt\u00e9 l\u2019exp\u00e9rience d\u2019une com\u00adp\u00e9\u00adtence partag\u00e9e.&nbsp;[\u2026]<\/p>\n","protected":false},"author":2,"featured_media":0,"comment_status":"open","ping_status":"open","sticky":false,"template":"","format":"standard","meta":{"wp_typography_post_enhancements_disabled":false,"footnotes":""},"categories":[135],"tags":[219],"class_list":["post-115","post","type-post","status-publish","format-standard","hentry","category-ateliers_autres_lieux","tag-df_autres_lieux"],"yoast_head":"<!-- This site is optimized with the Yoast SEO plugin v27.5 - https:\/\/yoast.com\/product\/yoast-seo-wordpress\/ -->\n<title>L\u2019entre-deux - Le TILT<\/title>\n<meta name=\"robots\" content=\"index, follow, max-snippet:-1, max-image-preview:large, max-video-preview:-1\" \/>\n<link rel=\"canonical\" href=\"https:\/\/www.leti.lt\/wordpress\/danseforum-lentredeux\/\" \/>\n<meta property=\"og:locale\" content=\"fr_FR\" \/>\n<meta property=\"og:type\" content=\"article\" \/>\n<meta property=\"og:title\" content=\"L\u2019entre-deux - Le TILT\" \/>\n<meta property=\"og:description\" content=\"Danse forum\u2192 Comptes-ren\u00addus des ate\u00adliers\u2192 Autres\u00adLieux !!L\u2019entre-deux \u2013 24 avril 2009, Bruxelles Pour cette danse forum \u00e0&nbsp;Bruxelles, nous \u00e9tions une quin\u00adzaine de participants. La jok\u00e9\u00adri\u00adsa\u00adtion fut men\u00e9e \u00e0&nbsp;trois, d\u2019une fa\u00e7on fluide et com\u00adpl\u00e9\u00admen\u00adtaire. Pour ma part, j\u2019ai vrai\u00adment res\u00adsen\u00adti de fa\u00e7on nette ce que je lais\u00adsais dans les mains de mes deux co-jokers, et que j\u2019aurais assu\u00adm\u00e9 si elles n\u2019avaient pas \u00e9t\u00e9 l\u00e0. Cela m\u2019a peu \u00e0&nbsp;peu don\u00adn\u00e9 un sen\u00adti\u00adment per\u00adson\u00adnel d\u2019incomp\u00e9tence, qui \u00e9tait en r\u00e9a\u00adli\u00adt\u00e9 l\u2019exp\u00e9rience d\u2019une com\u00adp\u00e9\u00adtence par\u00adta\u00adg\u00e9e. [&hellip;]\" \/>\n<meta property=\"og:url\" content=\"https:\/\/www.leti.lt\/wordpress\/danseforum-lentredeux\/\" \/>\n<meta property=\"og:site_name\" content=\"Le TILT\" \/>\n<meta property=\"article:published_time\" content=\"2020-02-16T14:30:32+00:00\" \/>\n<meta name=\"author\" content=\"Andr\u00e9ine Bel\" \/>\n<meta name=\"twitter:card\" content=\"summary_large_image\" \/>\n<meta name=\"twitter:label1\" content=\"\u00c9crit par\" \/>\n\t<meta name=\"twitter:data1\" content=\"Andr\u00e9ine Bel\" \/>\n\t<meta name=\"twitter:label2\" content=\"Dur\u00e9e de lecture estim\u00e9e\" \/>\n\t<meta name=\"twitter:data2\" content=\"4 minutes\" \/>\n<script type=\"application\/ld+json\" class=\"yoast-schema-graph\">{\"@context\":\"https:\\\/\\\/schema.org\",\"@graph\":[{\"@type\":\"Article\",\"@id\":\"https:\\\/\\\/www.leti.lt\\\/wordpress\\\/danseforum-lentredeux\\\/#article\",\"isPartOf\":{\"@id\":\"https:\\\/\\\/www.leti.lt\\\/wordpress\\\/danseforum-lentredeux\\\/\"},\"author\":{\"name\":\"Andr\u00e9ine Bel\",\"@id\":\"https:\\\/\\\/www.leti.lt\\\/wordpress\\\/#\\\/schema\\\/person\\\/9bb307b2af8fbb575bb3603e57951f75\"},\"headline\":\"L\u2019entre-deux\",\"datePublished\":\"2020-02-16T14:30:32+00:00\",\"mainEntityOfPage\":{\"@id\":\"https:\\\/\\\/www.leti.lt\\\/wordpress\\\/danseforum-lentredeux\\\/\"},\"wordCount\":833,\"commentCount\":0,\"keywords\":[\"DF_Autres_Lieux\"],\"articleSection\":[\"Ateliers autres lieux\"],\"inLanguage\":\"fr-FR\",\"potentialAction\":[{\"@type\":\"CommentAction\",\"name\":\"Comment\",\"target\":[\"https:\\\/\\\/www.leti.lt\\\/wordpress\\\/danseforum-lentredeux\\\/#respond\"]}]},{\"@type\":\"WebPage\",\"@id\":\"https:\\\/\\\/www.leti.lt\\\/wordpress\\\/danseforum-lentredeux\\\/\",\"url\":\"https:\\\/\\\/www.leti.lt\\\/wordpress\\\/danseforum-lentredeux\\\/\",\"name\":\"L\u2019entre-deux - Le TILT\",\"isPartOf\":{\"@id\":\"https:\\\/\\\/www.leti.lt\\\/wordpress\\\/#website\"},\"datePublished\":\"2020-02-16T14:30:32+00:00\",\"author\":{\"@id\":\"https:\\\/\\\/www.leti.lt\\\/wordpress\\\/#\\\/schema\\\/person\\\/9bb307b2af8fbb575bb3603e57951f75\"},\"breadcrumb\":{\"@id\":\"https:\\\/\\\/www.leti.lt\\\/wordpress\\\/danseforum-lentredeux\\\/#breadcrumb\"},\"inLanguage\":\"fr-FR\",\"potentialAction\":[{\"@type\":\"ReadAction\",\"target\":[\"https:\\\/\\\/www.leti.lt\\\/wordpress\\\/danseforum-lentredeux\\\/\"]}]},{\"@type\":\"BreadcrumbList\",\"@id\":\"https:\\\/\\\/www.leti.lt\\\/wordpress\\\/danseforum-lentredeux\\\/#breadcrumb\",\"itemListElement\":[{\"@type\":\"ListItem\",\"position\":1,\"name\":\"Accueil\",\"item\":\"https:\\\/\\\/www.leti.lt\\\/wordpress\\\/\"},{\"@type\":\"ListItem\",\"position\":2,\"name\":\"L\u2019entre-deux\"}]},{\"@type\":\"WebSite\",\"@id\":\"https:\\\/\\\/www.leti.lt\\\/wordpress\\\/#website\",\"url\":\"https:\\\/\\\/www.leti.lt\\\/wordpress\\\/\",\"name\":\"Le TILT\",\"description\":\"Recherche, publication, cr\u00e9ation artistique\",\"potentialAction\":[{\"@type\":\"SearchAction\",\"target\":{\"@type\":\"EntryPoint\",\"urlTemplate\":\"https:\\\/\\\/www.leti.lt\\\/wordpress\\\/?s={search_term_string}\"},\"query-input\":{\"@type\":\"PropertyValueSpecification\",\"valueRequired\":true,\"valueName\":\"search_term_string\"}}],\"inLanguage\":\"fr-FR\"},{\"@type\":\"Person\",\"@id\":\"https:\\\/\\\/www.leti.lt\\\/wordpress\\\/#\\\/schema\\\/person\\\/9bb307b2af8fbb575bb3603e57951f75\",\"name\":\"Andr\u00e9ine Bel\",\"image\":{\"@type\":\"ImageObject\",\"inLanguage\":\"fr-FR\",\"@id\":\"https:\\\/\\\/secure.gravatar.com\\\/avatar\\\/4ab041ec7c7ad3b90293023e86528ec1a700ce2971ff61811b2df6b288dd1f38?s=96&d=identicon&r=g\",\"url\":\"https:\\\/\\\/secure.gravatar.com\\\/avatar\\\/4ab041ec7c7ad3b90293023e86528ec1a700ce2971ff61811b2df6b288dd1f38?s=96&d=identicon&r=g\",\"contentUrl\":\"https:\\\/\\\/secure.gravatar.com\\\/avatar\\\/4ab041ec7c7ad3b90293023e86528ec1a700ce2971ff61811b2df6b288dd1f38?s=96&d=identicon&r=g\",\"caption\":\"Andr\u00e9ine Bel\"},\"url\":\"https:\\\/\\\/www.leti.lt\\\/wordpress\\\/author\\\/andreine\\\/\"}]}<\/script>\n<!-- \/ Yoast SEO plugin. -->","yoast_head_json":{"title":"L\u2019entre-deux - Le TILT","robots":{"index":"index","follow":"follow","max-snippet":"max-snippet:-1","max-image-preview":"max-image-preview:large","max-video-preview":"max-video-preview:-1"},"canonical":"https:\/\/www.leti.lt\/wordpress\/danseforum-lentredeux\/","og_locale":"fr_FR","og_type":"article","og_title":"L\u2019entre-deux - Le TILT","og_description":"Danse forum\u2192 Comptes-ren\u00addus des ate\u00adliers\u2192 Autres\u00adLieux !!L\u2019entre-deux \u2013 24 avril 2009, Bruxelles Pour cette danse forum \u00e0&nbsp;Bruxelles, nous \u00e9tions une quin\u00adzaine de participants. La jok\u00e9\u00adri\u00adsa\u00adtion fut men\u00e9e \u00e0&nbsp;trois, d\u2019une fa\u00e7on fluide et com\u00adpl\u00e9\u00admen\u00adtaire. Pour ma part, j\u2019ai vrai\u00adment res\u00adsen\u00adti de fa\u00e7on nette ce que je lais\u00adsais dans les mains de mes deux co-jokers, et que j\u2019aurais assu\u00adm\u00e9 si elles n\u2019avaient pas \u00e9t\u00e9 l\u00e0. Cela m\u2019a peu \u00e0&nbsp;peu don\u00adn\u00e9 un sen\u00adti\u00adment per\u00adson\u00adnel d\u2019incomp\u00e9tence, qui \u00e9tait en r\u00e9a\u00adli\u00adt\u00e9 l\u2019exp\u00e9rience d\u2019une com\u00adp\u00e9\u00adtence par\u00adta\u00adg\u00e9e. [&hellip;]","og_url":"https:\/\/www.leti.lt\/wordpress\/danseforum-lentredeux\/","og_site_name":"Le TILT","article_published_time":"2020-02-16T14:30:32+00:00","author":"Andr\u00e9ine Bel","twitter_card":"summary_large_image","twitter_misc":{"\u00c9crit par":"Andr\u00e9ine Bel","Dur\u00e9e de lecture estim\u00e9e":"4 minutes"},"schema":{"@context":"https:\/\/schema.org","@graph":[{"@type":"Article","@id":"https:\/\/www.leti.lt\/wordpress\/danseforum-lentredeux\/#article","isPartOf":{"@id":"https:\/\/www.leti.lt\/wordpress\/danseforum-lentredeux\/"},"author":{"name":"Andr\u00e9ine Bel","@id":"https:\/\/www.leti.lt\/wordpress\/#\/schema\/person\/9bb307b2af8fbb575bb3603e57951f75"},"headline":"L\u2019entre-deux","datePublished":"2020-02-16T14:30:32+00:00","mainEntityOfPage":{"@id":"https:\/\/www.leti.lt\/wordpress\/danseforum-lentredeux\/"},"wordCount":833,"commentCount":0,"keywords":["DF_Autres_Lieux"],"articleSection":["Ateliers autres lieux"],"inLanguage":"fr-FR","potentialAction":[{"@type":"CommentAction","name":"Comment","target":["https:\/\/www.leti.lt\/wordpress\/danseforum-lentredeux\/#respond"]}]},{"@type":"WebPage","@id":"https:\/\/www.leti.lt\/wordpress\/danseforum-lentredeux\/","url":"https:\/\/www.leti.lt\/wordpress\/danseforum-lentredeux\/","name":"L\u2019entre-deux - Le TILT","isPartOf":{"@id":"https:\/\/www.leti.lt\/wordpress\/#website"},"datePublished":"2020-02-16T14:30:32+00:00","author":{"@id":"https:\/\/www.leti.lt\/wordpress\/#\/schema\/person\/9bb307b2af8fbb575bb3603e57951f75"},"breadcrumb":{"@id":"https:\/\/www.leti.lt\/wordpress\/danseforum-lentredeux\/#breadcrumb"},"inLanguage":"fr-FR","potentialAction":[{"@type":"ReadAction","target":["https:\/\/www.leti.lt\/wordpress\/danseforum-lentredeux\/"]}]},{"@type":"BreadcrumbList","@id":"https:\/\/www.leti.lt\/wordpress\/danseforum-lentredeux\/#breadcrumb","itemListElement":[{"@type":"ListItem","position":1,"name":"Accueil","item":"https:\/\/www.leti.lt\/wordpress\/"},{"@type":"ListItem","position":2,"name":"L\u2019entre-deux"}]},{"@type":"WebSite","@id":"https:\/\/www.leti.lt\/wordpress\/#website","url":"https:\/\/www.leti.lt\/wordpress\/","name":"Le TILT","description":"Recherche, publication, cr\u00e9ation artistique","potentialAction":[{"@type":"SearchAction","target":{"@type":"EntryPoint","urlTemplate":"https:\/\/www.leti.lt\/wordpress\/?s={search_term_string}"},"query-input":{"@type":"PropertyValueSpecification","valueRequired":true,"valueName":"search_term_string"}}],"inLanguage":"fr-FR"},{"@type":"Person","@id":"https:\/\/www.leti.lt\/wordpress\/#\/schema\/person\/9bb307b2af8fbb575bb3603e57951f75","name":"Andr\u00e9ine Bel","image":{"@type":"ImageObject","inLanguage":"fr-FR","@id":"https:\/\/secure.gravatar.com\/avatar\/4ab041ec7c7ad3b90293023e86528ec1a700ce2971ff61811b2df6b288dd1f38?s=96&d=identicon&r=g","url":"https:\/\/secure.gravatar.com\/avatar\/4ab041ec7c7ad3b90293023e86528ec1a700ce2971ff61811b2df6b288dd1f38?s=96&d=identicon&r=g","contentUrl":"https:\/\/secure.gravatar.com\/avatar\/4ab041ec7c7ad3b90293023e86528ec1a700ce2971ff61811b2df6b288dd1f38?s=96&d=identicon&r=g","caption":"Andr\u00e9ine Bel"},"url":"https:\/\/www.leti.lt\/wordpress\/author\/andreine\/"}]}},"_links":{"self":[{"href":"https:\/\/www.leti.lt\/wordpress\/wp-json\/wp\/v2\/posts\/115","targetHints":{"allow":["GET"]}}],"collection":[{"href":"https:\/\/www.leti.lt\/wordpress\/wp-json\/wp\/v2\/posts"}],"about":[{"href":"https:\/\/www.leti.lt\/wordpress\/wp-json\/wp\/v2\/types\/post"}],"author":[{"embeddable":true,"href":"https:\/\/www.leti.lt\/wordpress\/wp-json\/wp\/v2\/users\/2"}],"replies":[{"embeddable":true,"href":"https:\/\/www.leti.lt\/wordpress\/wp-json\/wp\/v2\/comments?post=115"}],"version-history":[{"count":0,"href":"https:\/\/www.leti.lt\/wordpress\/wp-json\/wp\/v2\/posts\/115\/revisions"}],"wp:attachment":[{"href":"https:\/\/www.leti.lt\/wordpress\/wp-json\/wp\/v2\/media?parent=115"}],"wp:term":[{"taxonomy":"category","embeddable":true,"href":"https:\/\/www.leti.lt\/wordpress\/wp-json\/wp\/v2\/categories?post=115"},{"taxonomy":"post_tag","embeddable":true,"href":"https:\/\/www.leti.lt\/wordpress\/wp-json\/wp\/v2\/tags?post=115"}],"curies":[{"name":"wp","href":"https:\/\/api.w.org\/{rel}","templated":true}]}}