{"id":113,"date":"2020-02-16T15:30:32","date_gmt":"2020-02-16T14:30:32","guid":{"rendered":"https:\/\/www.leti.lt\/wordpress\/?p=113"},"modified":"-0001-11-30T00:00:00","modified_gmt":"-0001-11-29T22:00:00","slug":"danseforum-lassymetrie","status":"publish","type":"post","link":"https:\/\/www.leti.lt\/wordpress\/danseforum-lassymetrie\/","title":{"rendered":"L\u2019assym\u00e9trie"},"content":{"rendered":"<p><a href=\"https:\/\/www.leti.lt\/wordpress\/danseforum-danseforum\/\">Danse forum<\/a><br>\u2192 <a href=\"https:\/\/www.leti.lt\/wordpress\/danseforum-comptesrendusateliers\/\">Comptes-ren\u00addus des ate\u00adliers<\/a><br>\u2192 <a href=\"https:\/\/www.leti.lt\/wordpress\/danseforum-lambesc\/\">Lam\u00adbesc<\/a><br><br>!!L\u2019asym\u00e9trie \u2013 19 mai 2007<br><br>Mon compte-ren\u00addu reprend quelques ques\u00adtions de Nadine, sur la liste ladan\u00adse\u00adfo\u00adrum.<br><br>Apr\u00e8s une pre\u00admi\u00e8re impro\u00advi\u00adsa\u00adtion \u00e0&nbsp;par\u00adtir de nos sen\u00adsa\u00adtions du<br>moment, ont \u00e9mer\u00adg\u00e9&nbsp;: \u00e9ti\u00adre\u00adment, asy\u00adm\u00e9\u00adtrie, dou\u00adceur, invo\u00adlon\u00adtaire.<br><br>Nous avons opt\u00e9 pour l\u2019assym\u00e9trie comme th\u00e8me de la jour\u00adn\u00e9e. Les<br>autres th\u00e8mes sont reve\u00adnus en fili\u00adgrane au th\u00e8me prin\u00adci\u00adpal.<br><br>Dans asy\u00adm\u00e9\u00adtrie, nous avons d\u00e9ga\u00adg\u00e9 ora\u00adle\u00adment la notion d\u2019espace<br>(d\u00e9pla\u00adce\u00adments, posi\u00adtions, seg\u00adments du corps concer\u00adn\u00e9s), de temps<br>(vitesse, rythmes) et de poids (dyna\u00admiques, forces, ten\u00addu ici,<br>rel\u00e2\u00adch\u00e9 l\u00e0).<br><br>La sym\u00e9\u00adtrie nous a&nbsp;sem\u00adbl\u00e9 plus reli\u00e9e \u00e0&nbsp;ce qui est sta\u00adtique,<br>\u00e9qui\u00adli\u00adbr\u00e9&nbsp;: elle s\u2019exerce autour d\u2019un point, d\u2019un axe, \u00e0&nbsp;force \u00e9gale,<br>en miroir ou en croi\u00ads\u00e9. La r\u00e9p\u00e9\u00adti\u00adtion peut mettre de la sym\u00e9\u00adtrie.<br><br>Puis nous avons affi\u00adn\u00e9 l\u2019analyse.<br><br>L\u2019\u00e9quilibre nous a&nbsp;paru pos\u00adsible dans l\u2019asym\u00e9trie, il est instable,<br>il suit un fil comme le funam\u00adbule, par un sys\u00adt\u00e8me de com\u00adpen\u00adsa\u00adtion.<br><br>La notion de point cen\u00adtral autour duquel s\u2019exerce la sym\u00e9\u00adtrie a&nbsp;\u00e9t\u00e9<br>abor\u00add\u00e9e d\u00e8s la deuxi\u00e8me impro\u00advi\u00adsa\u00adtion. Les sen\u00adsa\u00adtions de dis\u00adtance et<br>de sym\u00e9\u00adtrie par rap\u00adport \u00e0&nbsp;ce point ont fait \u00e9cho \u00e0&nbsp;l\u2019\u00e9motionnel.<br><br>La ques\u00adtion nous est venue de com\u00adment \u00eatre fid\u00e8le \u00e0&nbsp;soi, dans sa<br>sen\u00adsa\u00adtion, tout en \u00e9tant \u00ab&nbsp;avec&nbsp;\u00bb l\u2019autre. La ren\u00adcontre est \u00e0&nbsp;ce prix.<br><br>Le pro\u00adbl\u00e8me s\u2019est aus\u00adsi pos\u00e9 de com\u00adment suivre une consigne et en<br>m\u00eame temps sa sen\u00adsa\u00adtion int\u00e9\u00adrieure. Les deux ne nous ont pas paru<br>incom\u00adpa\u00adtibles et nous l\u2019avons d\u2019ailleurs sou\u00advent exp\u00e9\u00adri\u00admen\u00adt\u00e9 dans<br>d\u2019autres danse forum.<br><br>Deux sym\u00e9\u00adtries peuvent se rejoindre sur un che\u00admi\u00adne\u00adment, besoin de<br>connec\u00adtion, trans\u00adfert. C\u2019est comme cela que nous est venue l\u2019id\u00e9e du<br>sym\u00adbole en g\u00e9n\u00e9\u00adral et du totem en par\u00adti\u00adcu\u00adlier&nbsp;: incar\u00adner la sym\u00e9\u00adtrie<br>sym\u00adbo\u00adli\u00adque\u00adment et ses dif\u00adf\u00e9\u00adrents points de gra\u00advi\u00adt\u00e9.<br><br>Nous avons concr\u00e9\u00adti\u00ads\u00e9 le centre de la pi\u00e8ce par un jum\u00adb\u00e9 silen\u00adcieux.<br>La sen\u00adsa\u00adtion ambig\u00fce est venue simul\u00adta\u00adn\u00e9\u00adment \u00e0&nbsp;la tot\u00e9\u00admi\u00adsa\u00adtion du<br>centre&nbsp;: s\u00e9cu\u00adri\u00adt\u00e9, confort, sen\u00adti\u00adment d\u2019appartenance, v\u00e9n\u00e9\u00adra\u00adtion et<br>esprit gr\u00e9\u00adgaire ont vite ren\u00addu l\u2019atmosph\u00e8re irres\u00adpi\u00adrable. Pour le<br>coup, les c\u00f4t\u00e9s n\u00e9ga\u00adtifs du totem l\u2019ont lar\u00adge\u00adment empor\u00adt\u00e9 sur les<br>posi\u00adtifs.<br><br>Nous avons donc rem\u00adpla\u00adc\u00e9 le totem par une per\u00adsonne phy\u00adsique, entou\u00adr\u00e9e<br>d\u2019autres per\u00adsonnes du sexe oppo\u00ads\u00e9. Comme nous ne vou\u00adlions pas tom\u00adber<br>dans la v\u00e9n\u00e9\u00adra\u00adtion au chef, il a&nbsp;\u00e9t\u00e9 d\u00e9ci\u00add\u00e9 ensemble que la per\u00adsonne<br>au centre devait res\u00adter la plus neutre pos\u00adsible. Et l\u00e0,<br>l\u2019extraordinaire com\u00adplexi\u00adt\u00e9 des rap\u00adports humains a&nbsp;repris sa place&nbsp;:<br>l\u2019esprit gr\u00e9\u00adgaire s\u2019est dis\u00adsout comme neige au soleil pour faire<br>\u00e9clore les per\u00adson\u00adna\u00adli\u00adt\u00e9s indi\u00advi\u00adduelles, les egos ont repris leur<br>place. (Entre deux maux, je choi\u00adsis sans h\u00e9si\u00adta\u00adtion le second&nbsp;!)<br><br>Cela a&nbsp;don\u00adn\u00e9 lieu a&nbsp;de beaux mor\u00adceaux de bra\u00advoure, o\u00f9 selon moi<br>pudeur et malice se sont c\u00f4toy\u00e9es avec bon\u00adheur, por\u00adtant en fin de<br>danse la sen\u00adsua\u00adli\u00adt\u00e9 comme une cou\u00adronne.<br><br>Notre joker nous a&nbsp;alors remis sur les rails de la pro\u00adbl\u00e9\u00adma\u00adti\u00adsa\u00adtion,<br>n\u00e9ces\u00adsaire au forum.<br><br>Nous l\u2019avions toute pr\u00eate, \u00ab&nbsp;notre&nbsp;\u00bb pro\u00adbl\u00e9\u00adma\u00adti\u00adsa\u00adtion, par rap\u00adport \u00e0<br>notre exp\u00e9\u00adrience d\u00e9sa\u00adgr\u00e9able de la tot\u00e9\u00admi\u00adsa\u00adtion&nbsp;: \u00ab&nbsp;com\u00adment rendre<br>res\u00adpi\u00adrable l\u2019irrespirable&nbsp;?&nbsp;\u00bb<br><br>Pour l\u2019avoir v\u00e9cu, c\u2019est loin d\u2019\u00eatre \u00e9vident. D\u00e9pla\u00adcer le totem&nbsp;? Il<br>est imm\u00e9\u00addia\u00adte\u00adment repla\u00adc\u00e9, ou rem\u00adpla\u00adc\u00e9. Faire diver\u00adsion&nbsp;? L\u2019attention<br>se pola\u00adrise un peu plus. Faire intru\u00adsion&nbsp;? Les liens se res\u00adserrent et<br>se ren\u00adforcent. D\u00e9po\u00adla\u00adri\u00adser&nbsp;? C\u2019est ce que j\u2019ai fait en don\u00adnant<br>phy\u00adsi\u00adque\u00adment du souffle et en lais\u00adsant sor\u00adtir un cri per\u00ad\u00e7ant, qui a<br>cal\u00adm\u00e9 les uns et per\u00adtur\u00adb\u00e9 les autres. Le \u00ab&nbsp;rem\u00e8de&nbsp;\u00bb \u00e9tait effi\u00adcace<br>mais nous n\u2019avons pas pour\u00adsui\u00advi pour \u00e9va\u00adluer les r\u00e9sul\u00adtats en temps<br>r\u00e9el.<br><br>Ceci pour dire que nous avons \u00e9t\u00e9 gu\u00e9\u00adris encore un peu plus, si cela<br>\u00e9tait n\u00e9ces\u00adsaire, de la ten\u00adta\u00adtion de r\u00e9v\u00e9\u00adrence au \u00ab&nbsp;centre&nbsp;\u00bb, \u00e0&nbsp;la<br>confiance aveugle, \u00e0&nbsp;l\u2019autoritarisme et au sec\u00adta\u00adrisme. Acte de<br>salu\u00adbri\u00adt\u00e9 publique, donc.<br><br>Sur le fond&nbsp;:<br><br>- \u00ab&nbsp;Cher\u00adcher le mot qui dit la sen\u00adsa\u00adtion&nbsp;\u00bb&nbsp;: je pense que Nadine met ici<br>le doigt sur une dif\u00adfi\u00adcul\u00adt\u00e9 qu\u2019ont beau\u00adcoup de par\u00adti\u00adci\u00adpants. C\u2019est en<br>effet un peu comme cher\u00adcher une aiguille dans une botte de foin. Il<br>faut lais\u00adser le mot \u00e9mer\u00adger, s\u2019imposer, faire sens en nous (m\u00eame s\u2019il<br>n\u2019a pas de sens pr\u00e9\u00adcis) et nous tra\u00advailler. Ain\u00adsi il a&nbsp;une chance de<br>deve\u00adnir cr\u00e9a\u00adtif.<br><br>- Pen\u00addant la mise en route pour lais\u00adser \u00e9mer\u00adger le th\u00e8me, mettre<br>phy\u00adsi\u00adque\u00adment en pra\u00adtique les concepts autour de l\u2019asym\u00e9trie nous<br>aurait \u00e9vi\u00adt\u00e9 d\u2019aller trop vite vers la \u00ab&nbsp;psy\u00adcho\u00adlo\u00adgi\u00adsa\u00adtion&nbsp;\u00bb du centre,<br>telle qu\u2019elle est sur\u00adve\u00adnue tr\u00e8s t\u00f4t dans notre approche. La<br>psy\u00adcho\u00adlo\u00adgi\u00adsa\u00adtion n\u2019est pas un pro\u00adbl\u00e8me en soi, sauf si elle devient<br>omni\u00adpr\u00e9\u00adsente. La danse s\u2019en accom\u00admode moins que le th\u00e9\u00e2tre, je l\u2019ai<br>vrai\u00adment com\u00adpris lors de cette jour\u00adn\u00e9e&nbsp;!<br><br>- J\u2019ai eu l\u2019imm\u00e9diate sen\u00adsa\u00adtion que nous exer\u00adcions un cer\u00adtain<br>maso\u00adchisme \u00e0&nbsp;cher\u00adcher d\u2019embl\u00e9e la pro\u00adbl\u00e9\u00adma\u00adti\u00adsa\u00adtion dans la souf\u00adfrance<br>que nous venions d\u2019\u00e9prouver. Cette souf\u00adfrance \u00e9tait saine, et ne<br>posait pas pro\u00adbl\u00e8me en elle-m\u00eame. C\u2019est ne pas souf\u00adfrir et trou\u00adver<br>l\u2019atmosph\u00e8re par\u00adfai\u00adte\u00adment res\u00adpi\u00adrable qui aurait pu \u00e9ven\u00adtuel\u00adle\u00adment<br>poser pro\u00adbl\u00e8me&nbsp;!<br><br>En fait, nous avons mis en sc\u00e8ne un pro\u00adbl\u00e8me que nous savons<br>r\u00e9cur\u00adrent dans la soci\u00e9\u00adt\u00e9 au fil des \u00e2ges, mais pour lequel,<br>indi\u00advi\u00adduel\u00adle\u00adment, nous avions d\u00e9j\u00e0, dans nos vies, pris posi\u00adtion<br>assez clai\u00adre\u00adment. On peut se dire que ce pro\u00adbl\u00e8me peut tou\u00adjours \u00eatre<br>remis sur le m\u00e9tier, que per\u00adsonne n\u2019est \u00e0&nbsp;l\u2019abri de l\u2019esprit sec\u00adtaire<br>et ser\u00advile, rien n\u2019est jamais acquis dans ce domaine, et l\u2019Histoire<br>le prouve chaque jour. Il n\u2019emp\u00eache que ce th\u00e8me est venu d\u2019une<br>r\u00e9flexion autour de l\u2019anthroplogie, r\u00e9flexion qui avait sa per\u00adti\u00adnence<br>en tant que retour sur la danse forum en g\u00e9n\u00e9\u00adral, mais pas comme<br>source du th\u00e8me choi\u00adsi en par\u00adti\u00adcu\u00adlier. En autres mots, ce th\u00e8me s\u2019est<br>impo\u00ads\u00e9 \u00e0&nbsp;nous par le biais de la r\u00e9flexion intel\u00adlec\u00adtuelle, mais pas<br>par le v\u00e9cu de nos sen\u00adsa\u00adtions.<br><br>Augus\u00adto Boal met sou\u00advent en garde contre le fait de choi\u00adsir une<br>pro\u00adbl\u00e9\u00adma\u00adti\u00adsa\u00adtion dans l\u2019Histoire, c\u2019est \u00e0&nbsp;dire dans l\u2019historique<br>glo\u00adbal et pas\u00ads\u00e9 des peuples, plu\u00adt\u00f4t que dans l\u2019histoire pr\u00e9\u00adsente et<br>v\u00e9cue des par\u00adti\u00adci\u00adpants, m\u00eame si les deux sont for\u00adcem\u00adment li\u00e9s d\u2019une<br>mani\u00e8re ou d\u2019une autre. Il nous faut \u00eatre plus vigi\u00adlants face \u00e0&nbsp;cela.<br><br>Guillaume a&nbsp;pro\u00adpo\u00ads\u00e9 une solu\u00adtion pour \u00e9vi\u00adter ce pi\u00e8ge&nbsp;: pla\u00adcer les<br>retours et d\u00e9bats th\u00e9o\u00adriques apr\u00e8s la danse forum, en bilan, apr\u00e8s<br>avoir exp\u00e9\u00adri\u00admen\u00adt\u00e9. Je pense que c\u2019est une pro\u00adpo\u00adsi\u00adtion que nous<br>pour\u00adrions adop\u00adter, et qui est com\u00admune avec le th\u00e9\u00e2tre forum.<br>Exp\u00e9\u00adri\u00admen\u00adta\u00adtion et r\u00e9flexion de fond sont toutes deux utiles, il faut<br>juste qu\u2019elles viennent en temps pro\u00adpice. A&nbsp;voir ensemble.<br><br>- La requ\u00eate de Nadine de revoir plu\u00adsieurs fois une video me rap\u00adpelle<br>cet exer\u00adcice d\u2019un prof d\u2019universit\u00e9 qui fai\u00adsait d\u00e9cou\u00advrir \u00e0&nbsp;ses<br>\u00e9tu\u00addiants le lan\u00adgage ges\u00adtuel. Il leur a&nbsp;mon\u00adtr\u00e9 une sc\u00e8ne ano\u00addine<br>d\u2019une dizaine de minutes o\u00f9 l\u2019on voit une \u00e9tale avec les gens autour<br>qui font leur mar\u00adch\u00e9. Je n\u2019ai plus les d\u00e9tails de cette<br>exp\u00e9\u00adri\u00admen\u00adta\u00adtion, j\u2019\u00e9cris ce que j\u2019en ai rete\u00adnu. Apr\u00e8s chaque<br>pro\u00adjec\u00adtion, le prof deman\u00addait \u00e0&nbsp;ses \u00e9l\u00e8ves ce qui se pas\u00adsait. Les<br>pre\u00admi\u00e8res fois, per\u00adsonne ne voyait rien de sp\u00e9\u00adcial&nbsp;: un homme en train<br>d\u2019acheter des l\u00e9gumes, et d\u2019autres per\u00adsonnes autour qui atten\u00addaient<br>leur tour. Mais \u00e0&nbsp;force de revoir ces moments insi\u00adgni\u00adfiants, les<br>d\u00e9tails sont apa\u00adrus. D\u2019abord de fa\u00e7on s\u00e9pa\u00adr\u00e9e, puis deve\u00adnant<br>per\u00adti\u00adnents ensemble, puis don\u00adnant un sens. Les rap\u00adports entre les<br>gens, leurs centres d\u2019int\u00e9r\u00eat, leur condi\u00adtions sociales,<br>psy\u00adcho\u00adlo\u00adgiques sont deve\u00adnues lisibles, inter\u00adpr\u00e9\u00adtables. Des his\u00adtoires<br>se for\u00admaient. Les \u00e9tu\u00addiants pou\u00advaient en reti\u00adrer une connais\u00adsance<br>des rap\u00adports humains d\u2019une richesse inima\u00adgi\u00adnable au d\u00e9part.<br><br>Bien s\u00fbr, pour que l\u2019exp\u00e9rience fusse com\u00adpl\u00e8te, il aurait fal\u00adlu que<br>les acteurs invo\u00adlon\u00adtaires de ce film fussent pr\u00e9\u00adsents et r\u00e9agissent \u00e0<br>la lec\u00adture qui s\u2019\u00e9laborait de leurs atti\u00adtudes et com\u00adpor\u00adte\u00adments.<br>Mais cela a&nbsp;au moins le m\u00e9rite de d\u00e9mon\u00adtrer que la re-vision mul\u00adtiple<br>d\u2019une m\u00eame sc\u00e8ne nous fait per\u00adce\u00advoir chaque fois d\u2019autres \u00e9l\u00e9\u00adments,<br>d\u2019autres points de vue, et que ce qui para\u00eet insi\u00adgni\u00adfiant \u00e0&nbsp;pre\u00admi\u00e8re<br>vue peut deve\u00adnir d\u2019une richesse infi\u00adnie pour l\u2019observateur.<br><br>Je suis donc par\u00adtante pour iso\u00adler un court extrait et le revoir<br>autant de fois que n\u00e9ces\u00adsaire&nbsp;! Ou de plus larges extraits, ou le tout<br>deux ou trois fois. A&nbsp;voir ensemble, et \u00e0&nbsp;doser\u2026<br><br>- Je reviens \u00e0&nbsp;la ques\u00adtion de Nadine&nbsp;: \u00ab&nbsp;Se don\u00adner une contrainte<br>avant l\u2019improvisation, ne serait-ce pas la sp\u00e9\u00adci\u00adfi\u00adci\u00adt\u00e9 de la<br>danse-forum par rap\u00adport \u00e0&nbsp;la \u00ab&nbsp;danse du moment d\u00e9ci\u00adsif&nbsp;\u00bb&nbsp;?<br><br>La notion de \u00ab&nbsp;moment d\u00e9ci\u00adsif&nbsp;\u00bb inclut toutes les contraintes&nbsp;: celles<br>que l\u2019on a&nbsp;de fa\u00e7on in\u00e9vi\u00adtable (carac\u00adt\u00e9\u00adris\u00adtiques cor\u00adpo\u00adrelles,<br>struc\u00adture du lieu de danse par exemple), et celles que l\u2019on s\u2019impose<br>ou pas. Le geste du moment d\u00e9ci\u00adsif est en quelque sorte la r\u00e9sul\u00adtante<br>cr\u00e9a\u00adtive de toutes les don\u00adn\u00e9es, per\u00adson\u00adnelles et envi\u00adron\u00adne\u00admen\u00adtales.<br>Dans l\u2019infini des pos\u00adsibles \u2013 puisqu\u2019on se donne cette ouver\u00adture en<br>ne pen\u00adsant pas le geste avant de l\u2019accomplir \u2013 un seul geste va<br>s\u2019actualiser \u00e0&nbsp;chaque ins\u00adtant. La liber\u00adt\u00e9 et la cr\u00e9a\u00adti\u00advi\u00adt\u00e9 ont cette<br>sp\u00e9\u00adci\u00adfi\u00adci\u00adt\u00e9 de trans\u00adfor\u00admer les contraintes, et d\u2019en faire quelque<br>chose.<br><br>Pro\u00adbl\u00e9\u00adma\u00adti\u00adser en amont de l\u2019exp\u00e9rience, c\u2019est \u00e0&nbsp;dire en amont du<br>d\u00e9ve\u00adlop\u00adpe\u00adment du th\u00e8me choi\u00adsi avec ses contraintes, cela revient en<br>fait \u00e0&nbsp;cr\u00e9er un pro\u00adbl\u00e8me o\u00f9 il n\u2019y en a&nbsp;pas, puisqu\u2019il n\u2019a pas \u00e9t\u00e9<br>exp\u00e9\u00adri\u00admen\u00adt\u00e9. Nous avons eu tr\u00e8s sou\u00advent cette sen\u00adsa\u00adtion et c\u2019est<br>deve\u00adnu peu \u00e0&nbsp;peu un vrai casse-t\u00eate. Il faut dire que nous avons la<br>t\u00eate dure\u2026 C\u2019est peut-\u00eatre tant mieux&nbsp;!<br><br>Andr\u00e9ine Bel<br><br>d\u2019apr\u00e8s les retours de&nbsp;: Alexandre D, Andr\u00e9ine B, Aurore C, Johann G, Laurent B, Leo\u00adnar\u00addo C, Marie-France M, Nadine G, Nico\u00adlas&nbsp;R.<\/p><p style=\"color:green; text-align:right !important;\">Article cr\u00e9\u00e9 le 16\/02\/2020<\/p>","protected":false},"excerpt":{"rendered":"<p>Danse forum\u2192 Comptes-ren\u00ad\u00addus des ate\u00adliers\u2192 Lam\u00adbesc !!L\u2019asym\u00e9trie \u2013 19 mai&nbsp;2007 Mon compte-ren\u00ad\u00addu reprend quelques ques\u00adtions de Nadine, sur la liste ladan\u00adse\u00adfo\u00adrum. Apr\u00e8s une pre\u00admi\u00e8re impro\u00advi\u00adsa\u00adtion \u00e0&nbsp;par\u00adtir de nos sen\u00adsa\u00adtions dumo\u00adment, ont \u00e9mer\u00adg\u00e9&nbsp;: \u00e9ti\u00adre\u00adment, asy\u00adm\u00e9\u00adtrie, dou\u00adceur, invo\u00adlon\u00adtaire. Nous avons opt\u00e9 pour l\u2019assym\u00e9trie comme th\u00e8me de la jour\u00adn\u00e9e. Lesautres th\u00e8mes sont reve\u00adnus en fili\u00adgrane au th\u00e8me prin\u00adci\u00adpal. Dans asy\u00adm\u00e9\u00adtrie, nous avons d\u00e9ga\u00adg\u00e9 ora\u00adle\u00adment la notion d\u2019espace(d\u00e9pla\u00adce\u00adments, posi\u00adtions, seg\u00adments du corps concer\u00adn\u00e9s), de temps(vitesse, rythmes) et de poids (dyna\u00admiques, forces, ten\u00addu ici,rel\u00e2\u00adch\u00e9&nbsp;l\u00e0). La&nbsp;[\u2026]<\/p>\n","protected":false},"author":2,"featured_media":0,"comment_status":"open","ping_status":"open","sticky":false,"template":"","format":"standard","meta":{"wp_typography_post_enhancements_disabled":false,"footnotes":""},"categories":[184],"tags":[208],"class_list":["post-113","post","type-post","status-publish","format-standard","hentry","category-ateliers_lambesc","tag-df_lambesc"],"yoast_head":"<!-- This site is optimized with the Yoast SEO plugin v27.5 - https:\/\/yoast.com\/product\/yoast-seo-wordpress\/ -->\n<title>L\u2019assym\u00e9trie - Le TILT<\/title>\n<meta name=\"robots\" content=\"index, follow, max-snippet:-1, max-image-preview:large, max-video-preview:-1\" \/>\n<link rel=\"canonical\" href=\"https:\/\/www.leti.lt\/wordpress\/danseforum-lassymetrie\/\" \/>\n<meta property=\"og:locale\" content=\"fr_FR\" \/>\n<meta property=\"og:type\" content=\"article\" \/>\n<meta property=\"og:title\" content=\"L\u2019assym\u00e9trie - Le TILT\" \/>\n<meta property=\"og:description\" content=\"Danse forum\u2192 Comptes-ren\u00addus des ate\u00adliers\u2192 Lam\u00adbesc !!L\u2019asym\u00e9trie \u2013 19 mai&nbsp;2007 Mon compte-ren\u00addu reprend quelques ques\u00adtions de Nadine, sur la liste ladanseforum. Apr\u00e8s une pre\u00admi\u00e8re impro\u00advi\u00adsa\u00adtion \u00e0&nbsp;par\u00adtir de nos sen\u00adsa\u00adtions dumoment, ont \u00e9mer\u00adg\u00e9&nbsp;: \u00e9ti\u00adre\u00adment, asy\u00adm\u00e9\u00adtrie, dou\u00adceur, involontaire. Nous avons opt\u00e9 pour l\u2019assym\u00e9trie comme th\u00e8me de la jour\u00adn\u00e9e. Lesautres th\u00e8mes sont reve\u00adnus en fili\u00adgrane au th\u00e8me principal. Dans asy\u00adm\u00e9\u00adtrie, nous avons d\u00e9ga\u00adg\u00e9 ora\u00adle\u00adment la notion d\u2019espace(d\u00e9pla\u00adce\u00adments, posi\u00adtions, seg\u00adments du corps concer\u00adn\u00e9s), de temps(vitesse, rythmes) et de poids (dyna\u00admiques, forces, ten\u00addu ici,rel\u00e2\u00adch\u00e9&nbsp;l\u00e0). La [&hellip;]\" \/>\n<meta property=\"og:url\" content=\"https:\/\/www.leti.lt\/wordpress\/danseforum-lassymetrie\/\" \/>\n<meta property=\"og:site_name\" content=\"Le TILT\" \/>\n<meta property=\"article:published_time\" content=\"2020-02-16T14:30:32+00:00\" \/>\n<meta name=\"author\" content=\"Andr\u00e9ine Bel\" \/>\n<meta name=\"twitter:card\" content=\"summary_large_image\" \/>\n<meta name=\"twitter:label1\" content=\"\u00c9crit par\" \/>\n\t<meta name=\"twitter:data1\" content=\"Andr\u00e9ine Bel\" \/>\n\t<meta name=\"twitter:label2\" content=\"Dur\u00e9e de lecture estim\u00e9e\" \/>\n\t<meta name=\"twitter:data2\" content=\"8 minutes\" \/>\n<script type=\"application\/ld+json\" class=\"yoast-schema-graph\">{\"@context\":\"https:\\\/\\\/schema.org\",\"@graph\":[{\"@type\":\"Article\",\"@id\":\"https:\\\/\\\/www.leti.lt\\\/wordpress\\\/danseforum-lassymetrie\\\/#article\",\"isPartOf\":{\"@id\":\"https:\\\/\\\/www.leti.lt\\\/wordpress\\\/danseforum-lassymetrie\\\/\"},\"author\":{\"name\":\"Andr\u00e9ine Bel\",\"@id\":\"https:\\\/\\\/www.leti.lt\\\/wordpress\\\/#\\\/schema\\\/person\\\/9bb307b2af8fbb575bb3603e57951f75\"},\"headline\":\"L\u2019assym\u00e9trie\",\"datePublished\":\"2020-02-16T14:30:32+00:00\",\"mainEntityOfPage\":{\"@id\":\"https:\\\/\\\/www.leti.lt\\\/wordpress\\\/danseforum-lassymetrie\\\/\"},\"wordCount\":1685,\"commentCount\":0,\"keywords\":[\"DF_Lambesc\"],\"articleSection\":[\"Ateliers Lambesc\"],\"inLanguage\":\"fr-FR\",\"potentialAction\":[{\"@type\":\"CommentAction\",\"name\":\"Comment\",\"target\":[\"https:\\\/\\\/www.leti.lt\\\/wordpress\\\/danseforum-lassymetrie\\\/#respond\"]}]},{\"@type\":\"WebPage\",\"@id\":\"https:\\\/\\\/www.leti.lt\\\/wordpress\\\/danseforum-lassymetrie\\\/\",\"url\":\"https:\\\/\\\/www.leti.lt\\\/wordpress\\\/danseforum-lassymetrie\\\/\",\"name\":\"L\u2019assym\u00e9trie - Le TILT\",\"isPartOf\":{\"@id\":\"https:\\\/\\\/www.leti.lt\\\/wordpress\\\/#website\"},\"datePublished\":\"2020-02-16T14:30:32+00:00\",\"author\":{\"@id\":\"https:\\\/\\\/www.leti.lt\\\/wordpress\\\/#\\\/schema\\\/person\\\/9bb307b2af8fbb575bb3603e57951f75\"},\"breadcrumb\":{\"@id\":\"https:\\\/\\\/www.leti.lt\\\/wordpress\\\/danseforum-lassymetrie\\\/#breadcrumb\"},\"inLanguage\":\"fr-FR\",\"potentialAction\":[{\"@type\":\"ReadAction\",\"target\":[\"https:\\\/\\\/www.leti.lt\\\/wordpress\\\/danseforum-lassymetrie\\\/\"]}]},{\"@type\":\"BreadcrumbList\",\"@id\":\"https:\\\/\\\/www.leti.lt\\\/wordpress\\\/danseforum-lassymetrie\\\/#breadcrumb\",\"itemListElement\":[{\"@type\":\"ListItem\",\"position\":1,\"name\":\"Accueil\",\"item\":\"https:\\\/\\\/www.leti.lt\\\/wordpress\\\/\"},{\"@type\":\"ListItem\",\"position\":2,\"name\":\"L\u2019assym\u00e9trie\"}]},{\"@type\":\"WebSite\",\"@id\":\"https:\\\/\\\/www.leti.lt\\\/wordpress\\\/#website\",\"url\":\"https:\\\/\\\/www.leti.lt\\\/wordpress\\\/\",\"name\":\"Le TILT\",\"description\":\"Recherche, publication, cr\u00e9ation artistique\",\"potentialAction\":[{\"@type\":\"SearchAction\",\"target\":{\"@type\":\"EntryPoint\",\"urlTemplate\":\"https:\\\/\\\/www.leti.lt\\\/wordpress\\\/?s={search_term_string}\"},\"query-input\":{\"@type\":\"PropertyValueSpecification\",\"valueRequired\":true,\"valueName\":\"search_term_string\"}}],\"inLanguage\":\"fr-FR\"},{\"@type\":\"Person\",\"@id\":\"https:\\\/\\\/www.leti.lt\\\/wordpress\\\/#\\\/schema\\\/person\\\/9bb307b2af8fbb575bb3603e57951f75\",\"name\":\"Andr\u00e9ine Bel\",\"image\":{\"@type\":\"ImageObject\",\"inLanguage\":\"fr-FR\",\"@id\":\"https:\\\/\\\/secure.gravatar.com\\\/avatar\\\/4ab041ec7c7ad3b90293023e86528ec1a700ce2971ff61811b2df6b288dd1f38?s=96&d=identicon&r=g\",\"url\":\"https:\\\/\\\/secure.gravatar.com\\\/avatar\\\/4ab041ec7c7ad3b90293023e86528ec1a700ce2971ff61811b2df6b288dd1f38?s=96&d=identicon&r=g\",\"contentUrl\":\"https:\\\/\\\/secure.gravatar.com\\\/avatar\\\/4ab041ec7c7ad3b90293023e86528ec1a700ce2971ff61811b2df6b288dd1f38?s=96&d=identicon&r=g\",\"caption\":\"Andr\u00e9ine Bel\"},\"url\":\"https:\\\/\\\/www.leti.lt\\\/wordpress\\\/author\\\/andreine\\\/\"}]}<\/script>\n<!-- \/ Yoast SEO plugin. -->","yoast_head_json":{"title":"L\u2019assym\u00e9trie - Le TILT","robots":{"index":"index","follow":"follow","max-snippet":"max-snippet:-1","max-image-preview":"max-image-preview:large","max-video-preview":"max-video-preview:-1"},"canonical":"https:\/\/www.leti.lt\/wordpress\/danseforum-lassymetrie\/","og_locale":"fr_FR","og_type":"article","og_title":"L\u2019assym\u00e9trie - Le TILT","og_description":"Danse forum\u2192 Comptes-ren\u00addus des ate\u00adliers\u2192 Lam\u00adbesc !!L\u2019asym\u00e9trie \u2013 19 mai&nbsp;2007 Mon compte-ren\u00addu reprend quelques ques\u00adtions de Nadine, sur la liste ladanseforum. Apr\u00e8s une pre\u00admi\u00e8re impro\u00advi\u00adsa\u00adtion \u00e0&nbsp;par\u00adtir de nos sen\u00adsa\u00adtions dumoment, ont \u00e9mer\u00adg\u00e9&nbsp;: \u00e9ti\u00adre\u00adment, asy\u00adm\u00e9\u00adtrie, dou\u00adceur, involontaire. Nous avons opt\u00e9 pour l\u2019assym\u00e9trie comme th\u00e8me de la jour\u00adn\u00e9e. Lesautres th\u00e8mes sont reve\u00adnus en fili\u00adgrane au th\u00e8me principal. Dans asy\u00adm\u00e9\u00adtrie, nous avons d\u00e9ga\u00adg\u00e9 ora\u00adle\u00adment la notion d\u2019espace(d\u00e9pla\u00adce\u00adments, posi\u00adtions, seg\u00adments du corps concer\u00adn\u00e9s), de temps(vitesse, rythmes) et de poids (dyna\u00admiques, forces, ten\u00addu ici,rel\u00e2\u00adch\u00e9&nbsp;l\u00e0). La [&hellip;]","og_url":"https:\/\/www.leti.lt\/wordpress\/danseforum-lassymetrie\/","og_site_name":"Le TILT","article_published_time":"2020-02-16T14:30:32+00:00","author":"Andr\u00e9ine Bel","twitter_card":"summary_large_image","twitter_misc":{"\u00c9crit par":"Andr\u00e9ine Bel","Dur\u00e9e de lecture estim\u00e9e":"8 minutes"},"schema":{"@context":"https:\/\/schema.org","@graph":[{"@type":"Article","@id":"https:\/\/www.leti.lt\/wordpress\/danseforum-lassymetrie\/#article","isPartOf":{"@id":"https:\/\/www.leti.lt\/wordpress\/danseforum-lassymetrie\/"},"author":{"name":"Andr\u00e9ine Bel","@id":"https:\/\/www.leti.lt\/wordpress\/#\/schema\/person\/9bb307b2af8fbb575bb3603e57951f75"},"headline":"L\u2019assym\u00e9trie","datePublished":"2020-02-16T14:30:32+00:00","mainEntityOfPage":{"@id":"https:\/\/www.leti.lt\/wordpress\/danseforum-lassymetrie\/"},"wordCount":1685,"commentCount":0,"keywords":["DF_Lambesc"],"articleSection":["Ateliers Lambesc"],"inLanguage":"fr-FR","potentialAction":[{"@type":"CommentAction","name":"Comment","target":["https:\/\/www.leti.lt\/wordpress\/danseforum-lassymetrie\/#respond"]}]},{"@type":"WebPage","@id":"https:\/\/www.leti.lt\/wordpress\/danseforum-lassymetrie\/","url":"https:\/\/www.leti.lt\/wordpress\/danseforum-lassymetrie\/","name":"L\u2019assym\u00e9trie - Le TILT","isPartOf":{"@id":"https:\/\/www.leti.lt\/wordpress\/#website"},"datePublished":"2020-02-16T14:30:32+00:00","author":{"@id":"https:\/\/www.leti.lt\/wordpress\/#\/schema\/person\/9bb307b2af8fbb575bb3603e57951f75"},"breadcrumb":{"@id":"https:\/\/www.leti.lt\/wordpress\/danseforum-lassymetrie\/#breadcrumb"},"inLanguage":"fr-FR","potentialAction":[{"@type":"ReadAction","target":["https:\/\/www.leti.lt\/wordpress\/danseforum-lassymetrie\/"]}]},{"@type":"BreadcrumbList","@id":"https:\/\/www.leti.lt\/wordpress\/danseforum-lassymetrie\/#breadcrumb","itemListElement":[{"@type":"ListItem","position":1,"name":"Accueil","item":"https:\/\/www.leti.lt\/wordpress\/"},{"@type":"ListItem","position":2,"name":"L\u2019assym\u00e9trie"}]},{"@type":"WebSite","@id":"https:\/\/www.leti.lt\/wordpress\/#website","url":"https:\/\/www.leti.lt\/wordpress\/","name":"Le TILT","description":"Recherche, publication, cr\u00e9ation artistique","potentialAction":[{"@type":"SearchAction","target":{"@type":"EntryPoint","urlTemplate":"https:\/\/www.leti.lt\/wordpress\/?s={search_term_string}"},"query-input":{"@type":"PropertyValueSpecification","valueRequired":true,"valueName":"search_term_string"}}],"inLanguage":"fr-FR"},{"@type":"Person","@id":"https:\/\/www.leti.lt\/wordpress\/#\/schema\/person\/9bb307b2af8fbb575bb3603e57951f75","name":"Andr\u00e9ine Bel","image":{"@type":"ImageObject","inLanguage":"fr-FR","@id":"https:\/\/secure.gravatar.com\/avatar\/4ab041ec7c7ad3b90293023e86528ec1a700ce2971ff61811b2df6b288dd1f38?s=96&d=identicon&r=g","url":"https:\/\/secure.gravatar.com\/avatar\/4ab041ec7c7ad3b90293023e86528ec1a700ce2971ff61811b2df6b288dd1f38?s=96&d=identicon&r=g","contentUrl":"https:\/\/secure.gravatar.com\/avatar\/4ab041ec7c7ad3b90293023e86528ec1a700ce2971ff61811b2df6b288dd1f38?s=96&d=identicon&r=g","caption":"Andr\u00e9ine Bel"},"url":"https:\/\/www.leti.lt\/wordpress\/author\/andreine\/"}]}},"_links":{"self":[{"href":"https:\/\/www.leti.lt\/wordpress\/wp-json\/wp\/v2\/posts\/113","targetHints":{"allow":["GET"]}}],"collection":[{"href":"https:\/\/www.leti.lt\/wordpress\/wp-json\/wp\/v2\/posts"}],"about":[{"href":"https:\/\/www.leti.lt\/wordpress\/wp-json\/wp\/v2\/types\/post"}],"author":[{"embeddable":true,"href":"https:\/\/www.leti.lt\/wordpress\/wp-json\/wp\/v2\/users\/2"}],"replies":[{"embeddable":true,"href":"https:\/\/www.leti.lt\/wordpress\/wp-json\/wp\/v2\/comments?post=113"}],"version-history":[{"count":0,"href":"https:\/\/www.leti.lt\/wordpress\/wp-json\/wp\/v2\/posts\/113\/revisions"}],"wp:attachment":[{"href":"https:\/\/www.leti.lt\/wordpress\/wp-json\/wp\/v2\/media?parent=113"}],"wp:term":[{"taxonomy":"category","embeddable":true,"href":"https:\/\/www.leti.lt\/wordpress\/wp-json\/wp\/v2\/categories?post=113"},{"taxonomy":"post_tag","embeddable":true,"href":"https:\/\/www.leti.lt\/wordpress\/wp-json\/wp\/v2\/tags?post=113"}],"curies":[{"name":"wp","href":"https:\/\/api.w.org\/{rel}","templated":true}]}}