{"id":112,"date":"2020-02-16T15:30:32","date_gmt":"2020-02-16T14:30:32","guid":{"rendered":"https:\/\/www.leti.lt\/wordpress\/?p=112"},"modified":"-0001-11-30T00:00:00","modified_gmt":"-0001-11-29T22:00:00","slug":"danseforum-larticulation","status":"publish","type":"post","link":"https:\/\/www.leti.lt\/wordpress\/danseforum-larticulation\/","title":{"rendered":"L\u2019articulation"},"content":{"rendered":"<p><a href=\"https:\/\/www.leti.lt\/wordpress\/danseforum-danseforum\/\">Danse forum<\/a><br>\u2192 <a href=\"https:\/\/www.leti.lt\/wordpress\/danseforum-comptesrendusateliers\/\">Comptes-ren\u00addus des ate\u00adliers<\/a><br>\u2192 <a href=\"https:\/\/www.leti.lt\/wordpress\/danseforum-aixenprovence\/\">Aix-en-Pro\u00advence<\/a><br><br>!!L\u2019articulation \u2013 27 juin 2010, stu\u00addio For\u00adbin, en pr\u00e9\u00adpa\u00adra\u00adtion du fes\u00adti\u00adval de For\u00adcal\u00adquier<br><br><br><br>\u00ab&nbsp;L\u2019articulation&nbsp;\u00bb a&nbsp;\u00e9t\u00e9 le th\u00e8me de cette danse forum au stu\u00addio For\u00adbin.<br><br>Cela avait com\u00admen\u00adc\u00e9 avec l\u2019articulation des membres&nbsp;: com\u00adment les cha\u00eenes ner\u00adveuses et les arti\u00adcu\u00adla\u00adtions per\u00admettent \u00e0&nbsp;l\u2019\u00e9veil des muscles de che\u00admi\u00adner dans le corps, selon une logique qui lui est propre. Les mou\u00adve\u00adments semblent d\u2019abord bien \u00ab&nbsp;hui\u00adl\u00e9s&nbsp;\u00bb. <br><br>Puis il y&nbsp;eut les ten\u00adsions des m\u00e2choires et le d\u00e9fer\u00adle\u00adment des sou\u00adve\u00adnirs d\u2019enfance&nbsp;: grin\u00adce\u00adments de dents, impos\u00adsi\u00adbi\u00adli\u00adt\u00e9 d\u2019\u00e9locution, d\u2019articulation des mots et de la pen\u00ads\u00e9e. Le th\u00e8me de l\u2019articulation est venu, selon cha\u00adcun, comme une inca\u00adpa\u00adci\u00adt\u00e9, un v\u0153u ou une recherche.<br><br>Nous avons cher\u00adch\u00e9 en pre\u00admier ce qu\u2019\u00e9tait la \u00ab&nbsp;non-arti\u00adcu\u00adla\u00adtion&nbsp;\u00bb, mais d\u00e8s qu\u2019un geste s\u2019inscrit dans l\u2019espace et le temps, il nous a&nbsp;sem\u00adbl\u00e9 arti\u00adcu\u00adl\u00e9, de tra\u00advers ou de fa\u00e7on presque inau\u00addible par\u00adfois, mais arti\u00adcu\u00adl\u00e9 quand-m\u00eame, avec un com\u00admen\u00adce\u00adment, un d\u00e9rou\u00adle\u00adment et une fin.<br><br>Ensuite, nous avons essay\u00e9 de voir ce qui don\u00adnait l\u2019impression d\u2019une arti\u00adcu\u00adla\u00adtion entre deux mou\u00adve\u00adments, entre deux corps, deux espaces, deux id\u00e9es, etc. Le sens induit&nbsp;? L\u2019harmonie qui se d\u00e9gage&nbsp;? La m\u00e9ca\u00adnique bien rod\u00e9e du pas\u00adsage d\u2019un \u00e9l\u00e9\u00adment \u00e0&nbsp;l\u2019autre&nbsp;?<br><br>D\u00e9sar\u00adti\u00adcu\u00adler&nbsp;: fa\u00e7on de sen\u00adtir ce qui dis\u00adtingue les frag\u00adments, le degr\u00e9 de liber\u00adt\u00e9 des uns par rap\u00adport aux autres. Ce degr\u00e9 de liber\u00adt\u00e9 varie selon les cultures, l\u2019esth\u00e9tique propre \u00e0&nbsp;cha\u00adcun. En intro\u00addui\u00adsant la notion de poids et de force de retour venant du sol dans ce qui ne se vou\u00adlait que l\u00e9g\u00e8\u00adre\u00adt\u00e9 et tenue de la figure impo\u00ads\u00e9e, la danse contem\u00adpo\u00adraine a&nbsp;don\u00adn\u00e9 une nou\u00advelle arti\u00adcu\u00adla\u00adtion \u00e0&nbsp;la danse.<br><br>L\u2019articulation des phrases est faite de conjonc\u00adtions et coor\u00addi\u00adna\u00adtions&nbsp;: certes, n\u00e9an\u00admoins, mais, en outre\u2026<br><br>Elle nous a&nbsp;paru se limi\u00adter \u00e0&nbsp;une jus\u00adtesse contex\u00adtuelle au ser\u00advice du sens, de l\u2019intelligibilit\u00e9 du texte (ges\u00adtuel ou oral), inca\u00adpable de la d\u00e9pas\u00adser sans deve\u00adnir fas\u00adti\u00addieuse ou encom\u00adbrante. Elle semble faite de r\u00e8gles selon des valeurs, des normes et codes cultu\u00adrels que les arts bous\u00adculent \u00e0&nbsp;loi\u00adsir. Les ponc\u00adtua\u00adtions ont val\u00ads\u00e9 avec la po\u00e9\u00adsie contem\u00adpo\u00adraine.<br><br>Il y&nbsp;a pour\u00adtant aus\u00adsi quelque chose d\u2019organique en elle, d\u2019universel, une per\u00adti\u00adnence et une jus\u00adtesse, comme quelque chose qui s\u2019organise ou cen\u00adsure&nbsp;: les m\u00e2choires se serrent au point que la voix ne puisse plus \u00eatre \u00e9mise ni enten\u00addue, le corps est rai\u00addi ou amorphe au point de ne plus pou\u00advoir bou\u00adger, expri\u00admer.<br><br>\u00ab Il faut m\u00e2-cher les mots pour les ar-ti-cu-ler&nbsp;\u00bb dirait Yvonne Beaud, grande dame du th\u00e9\u00e2tre et amie de tou\u00adjours.<br><br>Dans l\u2019articulation, nous avons vu la lisi\u00e8re entre le spon\u00adta\u00adn\u00e9 et le n\u2019importe quoi, entre les dif\u00adf\u00e9\u00adrents niveaux de jus\u00adtesse ou absence de jus\u00adtesse, toute rela\u00adtive.<br><br>Arti\u00adcu\u00adler les rythmes, les \u00e9ner\u00adgies, les espaces entre les corps, les entr\u00e9es, les sor\u00adties&nbsp;: l\u2019articulation se situe \u00e0&nbsp;tous les niveaux o\u00f9 se porte l\u2019attention.<br><br>Fina\u00adle\u00adment, assu\u00admer cette rela\u00adti\u00advi\u00adt\u00e9 de l\u2019articulation nous a&nbsp;paru une bonne fa\u00e7on de la rendre plus souple, plus ad\u00e9\u00adquate \u00e0&nbsp;la v\u00e9ri\u00adt\u00e9 de cha\u00adcun.<br><br><i>Le bilan<\/i><br><br>Arti\u00adcu\u00adler ora\u00adle\u00adment le bilan de cette ann\u00e9e, fond et forme, est reve\u00adnu \u00e0&nbsp;grat\u00adter un peu la sur\u00adface et voir des\u00adsous ce qui se trame, si cela cor\u00adres\u00adpond \u00e0&nbsp;ce que nous sou\u00adhai\u00adtons.<br><br>L\u2019outil danse forum semble \u00eatre main\u00adte\u00adnant un outil abou\u00adti, donc \u00e0&nbsp;double tran\u00adchant&nbsp;: soit il devient conven\u00adtion\u00adnel et l\u2019on ne donne pas cher de sa peau, soit il reste cr\u00e9a\u00adtif et r\u00e9vo\u00adlu\u00adtion\u00adnaire en cela qu\u2019il arrive \u00e0&nbsp;op\u00e8\u00adrer en soi et en nous un retour\u00adne\u00adment constant et salu\u00adtaire, inat\u00adten\u00addu et struc\u00adtu\u00adrant \u00e0&nbsp;la fois. Mais pour cela, il faut qu\u2019il reste un outil de recherche qui se cherche lui-m\u00eame. Foru\u00admi\u00adser la danse forum est un exer\u00adcice qui lui est salu\u00adtaire.<br><br>La danse forum touche le corps, donc l\u2019attitude, donc le com\u00adpor\u00adte\u00adment, donc l\u2019outil, donc la danse forum et ain\u00adsi de suite.<br><br>Il a&nbsp;\u00e9t\u00e9 ques\u00adtion quelque part de \u00ab&nbsp;fra\u00ee\u00adcheur de la nou\u00adveau\u00adt\u00e9&nbsp;\u00bb\u2026 La fra\u00ee\u00adcheur, ce n\u2019est ni chaud, ni froid et ce n\u2019est pas ti\u00e8de. C\u2019est autre chose, qui cir\u00adcule et vivi\u00adfie.<br><br>Cette sen\u00adsa\u00adtion en danse forum de ne pas \u00eatre cana\u00adli\u00ads\u00e9 de trop, un espace de liber\u00adt\u00e9, une res\u00adpi\u00adra\u00adtion au quo\u00adti\u00addien, tout cela demande de la vigi\u00adlance, . Il s\u2019agit \u00ab&nbsp;d\u2019ouverture d\u2019une petite porte&nbsp;\u00bb.<br><br>Arti\u00adcu\u00adler le th\u00e8me fait par\u00adtie de notre pro\u00adbl\u00e9\u00adma\u00adtique, avec cette fa\u00e7on que nous avons de le lais\u00adser en arri\u00e8re plan, venir nous ins\u00adpi\u00adrer, nous tra\u00advailler, plus ou moins \u00e0&nbsp;notre insu. Cela demande une \u00e9coute de ce qui veut bien venir, ce qui n\u2019est nul\u00adle\u00adment garan\u00adti&nbsp;: ni l\u2019\u00e9coute ni ce qui vient\u2026 Ajou\u00adt\u00e9 \u00e0&nbsp;cela l\u2019impression par\u00adfois de faire tou\u00adjours les m\u00eames mou\u00adve\u00adments, quelque soit le th\u00e8me\u2026<br><br>Alors arti\u00adcu\u00adler deux th\u00e8mes et les faire se fric\u00adtion\u00adner&nbsp;: un r\u00e9flexif d\u00e9ci\u00add\u00e9 en amont (qui \u00e9mane de notre quo\u00adti\u00addien et des ses pro\u00adbl\u00e9\u00adma\u00adtiques) et un sen\u00adsi\u00adtif (d\u00e9ci\u00add\u00e9 sur le moment, qui \u00e9merge de nos sen\u00adsa\u00adtions lors de l\u2019\u00e9chauffement), cela est lourd ou enchan\u00adteur, cela d\u00e9pend.<br><br>Quant \u00e0&nbsp;arti\u00adcu\u00adler la pro\u00adbl\u00e9\u00adma\u00adti\u00adsa\u00adtion, la pres\u00adsion semble moins forte qu\u2019il y&nbsp;a un temps, mais reste pr\u00e9\u00adsente&nbsp;: com\u00adment dire sans \u00ab&nbsp;devoir dire&nbsp;\u00bb, sans inten\u00adtion para\u00adsite. Mais quand la sauce prend \u2013 tou\u00adjours cette his\u00adtoire de mayon\u00adnaise dont il faut doser puis m\u00e9lan\u00adger les ingr\u00e9\u00addients \u00e0&nbsp;la bonne tem\u00adp\u00e9\u00adra\u00adture \u2013 la pro\u00adbl\u00e9\u00adma\u00adti\u00adsa\u00adtion devient une richesse.<br><br>J\u2019ai ter\u00admi\u00adn\u00e9 mes notes sur ces mots arti\u00adcu\u00adl\u00e9s&nbsp;: \u00ab&nbsp;cr\u00e9er une inten\u00adsi\u00adt\u00e9&nbsp;\u00bb.<br><br>Andr\u00e9ine Bel,<br><br>d\u2019apr\u00e8s les retours de&nbsp;: Andr\u00e9ine B, Ber\u00adnard B, Laurent B, Marit\u00adza S, Minh N\u2011G.<\/p><p style=\"color:green; text-align:right !important;\">Article cr\u00e9\u00e9 le 16\/02\/2020<\/p>","protected":false},"excerpt":{"rendered":"<p>Danse forum\u2192 Comptes-ren\u00ad\u00addus des ate\u00adliers\u2192 Aix-en-Pro\u00ad\u00advence !!L\u2019articulation \u2013 27 juin 2010, stu\u00addio For\u00adbin, en pr\u00e9\u00adpa\u00adra\u00adtion du fes\u00adti\u00adval de For\u00adcal\u00adquier \u00ab&nbsp;L\u2019articulation&nbsp;\u00bb a&nbsp;\u00e9t\u00e9 le th\u00e8me de cette danse forum au stu\u00addio For\u00adbin. Cela avait com\u00admen\u00adc\u00e9 avec l\u2019articulation des membres&nbsp;: com\u00adment les cha\u00eenes ner\u00adveuses et les arti\u00adcu\u00adla\u00adtions per\u00admettent \u00e0&nbsp;l\u2019\u00e9veil des muscles de che\u00admi\u00adner dans le corps, selon une logique qui lui est propre. Les mou\u00adve\u00adments semblent d\u2019abord bien \u00ab&nbsp;hui\u00adl\u00e9s&nbsp;\u00bb.&nbsp;Puis il y&nbsp;eut les ten\u00adsions des m\u00e2choires et le d\u00e9fer\u00adle\u00adment des sou\u00adve\u00adnirs d\u2019enfance&nbsp;: grincements&nbsp;[\u2026]<\/p>\n","protected":false},"author":2,"featured_media":0,"comment_status":"open","ping_status":"open","sticky":false,"template":"","format":"standard","meta":{"wp_typography_post_enhancements_disabled":false,"footnotes":""},"categories":[133],"tags":[210],"class_list":["post-112","post","type-post","status-publish","format-standard","hentry","category-ateliers_aix","tag-df_aixenprovence"],"yoast_head":"<!-- This site is optimized with the Yoast SEO plugin v27.5 - https:\/\/yoast.com\/product\/yoast-seo-wordpress\/ -->\n<title>L\u2019articulation - Le TILT<\/title>\n<meta name=\"robots\" content=\"index, follow, max-snippet:-1, max-image-preview:large, max-video-preview:-1\" \/>\n<link rel=\"canonical\" href=\"https:\/\/www.leti.lt\/wordpress\/danseforum-larticulation\/\" \/>\n<meta property=\"og:locale\" content=\"fr_FR\" \/>\n<meta property=\"og:type\" content=\"article\" \/>\n<meta property=\"og:title\" content=\"L\u2019articulation - Le TILT\" \/>\n<meta property=\"og:description\" content=\"Danse forum\u2192 Comptes-ren\u00addus des ate\u00adliers\u2192 Aix-en-Pro\u00advence !!L\u2019articulation \u2013 27 juin 2010, stu\u00addio For\u00adbin, en pr\u00e9\u00adpa\u00adra\u00adtion du fes\u00adti\u00adval de Forcalquier \u00ab&nbsp;L\u2019articulation&nbsp;\u00bb a&nbsp;\u00e9t\u00e9 le th\u00e8me de cette danse forum au stu\u00addio Forbin. Cela avait com\u00admen\u00adc\u00e9 avec l\u2019articulation des membres&nbsp;: com\u00adment les cha\u00eenes ner\u00adveuses et les arti\u00adcu\u00adla\u00adtions per\u00admettent \u00e0&nbsp;l\u2019\u00e9veil des muscles de che\u00admi\u00adner dans le corps, selon une logique qui lui est propre. Les mou\u00adve\u00adments semblent d\u2019abord bien \u00ab&nbsp;huil\u00e9s&nbsp;\u00bb.&nbsp; Puis il y&nbsp;eut les ten\u00adsions des m\u00e2choires et le d\u00e9fer\u00adle\u00adment des sou\u00adve\u00adnirs d\u2019enfance&nbsp;: grin\u00adce\u00adments [&hellip;]\" \/>\n<meta property=\"og:url\" content=\"https:\/\/www.leti.lt\/wordpress\/danseforum-larticulation\/\" \/>\n<meta property=\"og:site_name\" content=\"Le TILT\" \/>\n<meta property=\"article:published_time\" content=\"2020-02-16T14:30:32+00:00\" \/>\n<meta name=\"author\" content=\"Andr\u00e9ine Bel\" \/>\n<meta name=\"twitter:card\" content=\"summary_large_image\" \/>\n<meta name=\"twitter:label1\" content=\"\u00c9crit par\" \/>\n\t<meta name=\"twitter:data1\" content=\"Andr\u00e9ine Bel\" \/>\n\t<meta name=\"twitter:label2\" content=\"Dur\u00e9e de lecture estim\u00e9e\" \/>\n\t<meta name=\"twitter:data2\" content=\"5 minutes\" \/>\n<script type=\"application\/ld+json\" class=\"yoast-schema-graph\">{\"@context\":\"https:\\\/\\\/schema.org\",\"@graph\":[{\"@type\":\"Article\",\"@id\":\"https:\\\/\\\/www.leti.lt\\\/wordpress\\\/danseforum-larticulation\\\/#article\",\"isPartOf\":{\"@id\":\"https:\\\/\\\/www.leti.lt\\\/wordpress\\\/danseforum-larticulation\\\/\"},\"author\":{\"name\":\"Andr\u00e9ine Bel\",\"@id\":\"https:\\\/\\\/www.leti.lt\\\/wordpress\\\/#\\\/schema\\\/person\\\/9bb307b2af8fbb575bb3603e57951f75\"},\"headline\":\"L\u2019articulation\",\"datePublished\":\"2020-02-16T14:30:32+00:00\",\"mainEntityOfPage\":{\"@id\":\"https:\\\/\\\/www.leti.lt\\\/wordpress\\\/danseforum-larticulation\\\/\"},\"wordCount\":973,\"commentCount\":0,\"keywords\":[\"DF_AixEnProvence\"],\"articleSection\":[\"Ateliers Aix\"],\"inLanguage\":\"fr-FR\",\"potentialAction\":[{\"@type\":\"CommentAction\",\"name\":\"Comment\",\"target\":[\"https:\\\/\\\/www.leti.lt\\\/wordpress\\\/danseforum-larticulation\\\/#respond\"]}]},{\"@type\":\"WebPage\",\"@id\":\"https:\\\/\\\/www.leti.lt\\\/wordpress\\\/danseforum-larticulation\\\/\",\"url\":\"https:\\\/\\\/www.leti.lt\\\/wordpress\\\/danseforum-larticulation\\\/\",\"name\":\"L\u2019articulation - Le TILT\",\"isPartOf\":{\"@id\":\"https:\\\/\\\/www.leti.lt\\\/wordpress\\\/#website\"},\"datePublished\":\"2020-02-16T14:30:32+00:00\",\"author\":{\"@id\":\"https:\\\/\\\/www.leti.lt\\\/wordpress\\\/#\\\/schema\\\/person\\\/9bb307b2af8fbb575bb3603e57951f75\"},\"breadcrumb\":{\"@id\":\"https:\\\/\\\/www.leti.lt\\\/wordpress\\\/danseforum-larticulation\\\/#breadcrumb\"},\"inLanguage\":\"fr-FR\",\"potentialAction\":[{\"@type\":\"ReadAction\",\"target\":[\"https:\\\/\\\/www.leti.lt\\\/wordpress\\\/danseforum-larticulation\\\/\"]}]},{\"@type\":\"BreadcrumbList\",\"@id\":\"https:\\\/\\\/www.leti.lt\\\/wordpress\\\/danseforum-larticulation\\\/#breadcrumb\",\"itemListElement\":[{\"@type\":\"ListItem\",\"position\":1,\"name\":\"Accueil\",\"item\":\"https:\\\/\\\/www.leti.lt\\\/wordpress\\\/\"},{\"@type\":\"ListItem\",\"position\":2,\"name\":\"L\u2019articulation\"}]},{\"@type\":\"WebSite\",\"@id\":\"https:\\\/\\\/www.leti.lt\\\/wordpress\\\/#website\",\"url\":\"https:\\\/\\\/www.leti.lt\\\/wordpress\\\/\",\"name\":\"Le TILT\",\"description\":\"Recherche, publication, cr\u00e9ation artistique\",\"potentialAction\":[{\"@type\":\"SearchAction\",\"target\":{\"@type\":\"EntryPoint\",\"urlTemplate\":\"https:\\\/\\\/www.leti.lt\\\/wordpress\\\/?s={search_term_string}\"},\"query-input\":{\"@type\":\"PropertyValueSpecification\",\"valueRequired\":true,\"valueName\":\"search_term_string\"}}],\"inLanguage\":\"fr-FR\"},{\"@type\":\"Person\",\"@id\":\"https:\\\/\\\/www.leti.lt\\\/wordpress\\\/#\\\/schema\\\/person\\\/9bb307b2af8fbb575bb3603e57951f75\",\"name\":\"Andr\u00e9ine Bel\",\"image\":{\"@type\":\"ImageObject\",\"inLanguage\":\"fr-FR\",\"@id\":\"https:\\\/\\\/secure.gravatar.com\\\/avatar\\\/4ab041ec7c7ad3b90293023e86528ec1a700ce2971ff61811b2df6b288dd1f38?s=96&d=identicon&r=g\",\"url\":\"https:\\\/\\\/secure.gravatar.com\\\/avatar\\\/4ab041ec7c7ad3b90293023e86528ec1a700ce2971ff61811b2df6b288dd1f38?s=96&d=identicon&r=g\",\"contentUrl\":\"https:\\\/\\\/secure.gravatar.com\\\/avatar\\\/4ab041ec7c7ad3b90293023e86528ec1a700ce2971ff61811b2df6b288dd1f38?s=96&d=identicon&r=g\",\"caption\":\"Andr\u00e9ine Bel\"},\"url\":\"https:\\\/\\\/www.leti.lt\\\/wordpress\\\/author\\\/andreine\\\/\"}]}<\/script>\n<!-- \/ Yoast SEO plugin. -->","yoast_head_json":{"title":"L\u2019articulation - Le TILT","robots":{"index":"index","follow":"follow","max-snippet":"max-snippet:-1","max-image-preview":"max-image-preview:large","max-video-preview":"max-video-preview:-1"},"canonical":"https:\/\/www.leti.lt\/wordpress\/danseforum-larticulation\/","og_locale":"fr_FR","og_type":"article","og_title":"L\u2019articulation - Le TILT","og_description":"Danse forum\u2192 Comptes-ren\u00addus des ate\u00adliers\u2192 Aix-en-Pro\u00advence !!L\u2019articulation \u2013 27 juin 2010, stu\u00addio For\u00adbin, en pr\u00e9\u00adpa\u00adra\u00adtion du fes\u00adti\u00adval de Forcalquier \u00ab&nbsp;L\u2019articulation&nbsp;\u00bb a&nbsp;\u00e9t\u00e9 le th\u00e8me de cette danse forum au stu\u00addio Forbin. Cela avait com\u00admen\u00adc\u00e9 avec l\u2019articulation des membres&nbsp;: com\u00adment les cha\u00eenes ner\u00adveuses et les arti\u00adcu\u00adla\u00adtions per\u00admettent \u00e0&nbsp;l\u2019\u00e9veil des muscles de che\u00admi\u00adner dans le corps, selon une logique qui lui est propre. Les mou\u00adve\u00adments semblent d\u2019abord bien \u00ab&nbsp;huil\u00e9s&nbsp;\u00bb.&nbsp; Puis il y&nbsp;eut les ten\u00adsions des m\u00e2choires et le d\u00e9fer\u00adle\u00adment des sou\u00adve\u00adnirs d\u2019enfance&nbsp;: grin\u00adce\u00adments [&hellip;]","og_url":"https:\/\/www.leti.lt\/wordpress\/danseforum-larticulation\/","og_site_name":"Le TILT","article_published_time":"2020-02-16T14:30:32+00:00","author":"Andr\u00e9ine Bel","twitter_card":"summary_large_image","twitter_misc":{"\u00c9crit par":"Andr\u00e9ine Bel","Dur\u00e9e de lecture estim\u00e9e":"5 minutes"},"schema":{"@context":"https:\/\/schema.org","@graph":[{"@type":"Article","@id":"https:\/\/www.leti.lt\/wordpress\/danseforum-larticulation\/#article","isPartOf":{"@id":"https:\/\/www.leti.lt\/wordpress\/danseforum-larticulation\/"},"author":{"name":"Andr\u00e9ine Bel","@id":"https:\/\/www.leti.lt\/wordpress\/#\/schema\/person\/9bb307b2af8fbb575bb3603e57951f75"},"headline":"L\u2019articulation","datePublished":"2020-02-16T14:30:32+00:00","mainEntityOfPage":{"@id":"https:\/\/www.leti.lt\/wordpress\/danseforum-larticulation\/"},"wordCount":973,"commentCount":0,"keywords":["DF_AixEnProvence"],"articleSection":["Ateliers Aix"],"inLanguage":"fr-FR","potentialAction":[{"@type":"CommentAction","name":"Comment","target":["https:\/\/www.leti.lt\/wordpress\/danseforum-larticulation\/#respond"]}]},{"@type":"WebPage","@id":"https:\/\/www.leti.lt\/wordpress\/danseforum-larticulation\/","url":"https:\/\/www.leti.lt\/wordpress\/danseforum-larticulation\/","name":"L\u2019articulation - Le TILT","isPartOf":{"@id":"https:\/\/www.leti.lt\/wordpress\/#website"},"datePublished":"2020-02-16T14:30:32+00:00","author":{"@id":"https:\/\/www.leti.lt\/wordpress\/#\/schema\/person\/9bb307b2af8fbb575bb3603e57951f75"},"breadcrumb":{"@id":"https:\/\/www.leti.lt\/wordpress\/danseforum-larticulation\/#breadcrumb"},"inLanguage":"fr-FR","potentialAction":[{"@type":"ReadAction","target":["https:\/\/www.leti.lt\/wordpress\/danseforum-larticulation\/"]}]},{"@type":"BreadcrumbList","@id":"https:\/\/www.leti.lt\/wordpress\/danseforum-larticulation\/#breadcrumb","itemListElement":[{"@type":"ListItem","position":1,"name":"Accueil","item":"https:\/\/www.leti.lt\/wordpress\/"},{"@type":"ListItem","position":2,"name":"L\u2019articulation"}]},{"@type":"WebSite","@id":"https:\/\/www.leti.lt\/wordpress\/#website","url":"https:\/\/www.leti.lt\/wordpress\/","name":"Le TILT","description":"Recherche, publication, cr\u00e9ation artistique","potentialAction":[{"@type":"SearchAction","target":{"@type":"EntryPoint","urlTemplate":"https:\/\/www.leti.lt\/wordpress\/?s={search_term_string}"},"query-input":{"@type":"PropertyValueSpecification","valueRequired":true,"valueName":"search_term_string"}}],"inLanguage":"fr-FR"},{"@type":"Person","@id":"https:\/\/www.leti.lt\/wordpress\/#\/schema\/person\/9bb307b2af8fbb575bb3603e57951f75","name":"Andr\u00e9ine Bel","image":{"@type":"ImageObject","inLanguage":"fr-FR","@id":"https:\/\/secure.gravatar.com\/avatar\/4ab041ec7c7ad3b90293023e86528ec1a700ce2971ff61811b2df6b288dd1f38?s=96&d=identicon&r=g","url":"https:\/\/secure.gravatar.com\/avatar\/4ab041ec7c7ad3b90293023e86528ec1a700ce2971ff61811b2df6b288dd1f38?s=96&d=identicon&r=g","contentUrl":"https:\/\/secure.gravatar.com\/avatar\/4ab041ec7c7ad3b90293023e86528ec1a700ce2971ff61811b2df6b288dd1f38?s=96&d=identicon&r=g","caption":"Andr\u00e9ine Bel"},"url":"https:\/\/www.leti.lt\/wordpress\/author\/andreine\/"}]}},"_links":{"self":[{"href":"https:\/\/www.leti.lt\/wordpress\/wp-json\/wp\/v2\/posts\/112","targetHints":{"allow":["GET"]}}],"collection":[{"href":"https:\/\/www.leti.lt\/wordpress\/wp-json\/wp\/v2\/posts"}],"about":[{"href":"https:\/\/www.leti.lt\/wordpress\/wp-json\/wp\/v2\/types\/post"}],"author":[{"embeddable":true,"href":"https:\/\/www.leti.lt\/wordpress\/wp-json\/wp\/v2\/users\/2"}],"replies":[{"embeddable":true,"href":"https:\/\/www.leti.lt\/wordpress\/wp-json\/wp\/v2\/comments?post=112"}],"version-history":[{"count":0,"href":"https:\/\/www.leti.lt\/wordpress\/wp-json\/wp\/v2\/posts\/112\/revisions"}],"wp:attachment":[{"href":"https:\/\/www.leti.lt\/wordpress\/wp-json\/wp\/v2\/media?parent=112"}],"wp:term":[{"taxonomy":"category","embeddable":true,"href":"https:\/\/www.leti.lt\/wordpress\/wp-json\/wp\/v2\/categories?post=112"},{"taxonomy":"post_tag","embeddable":true,"href":"https:\/\/www.leti.lt\/wordpress\/wp-json\/wp\/v2\/tags?post=112"}],"curies":[{"name":"wp","href":"https:\/\/api.w.org\/{rel}","templated":true}]}}