{"id":109,"date":"2020-02-16T15:30:32","date_gmt":"2020-02-16T14:30:32","guid":{"rendered":"https:\/\/www.leti.lt\/wordpress\/?p=109"},"modified":"-0001-11-30T00:00:00","modified_gmt":"-0001-11-29T22:00:00","slug":"danseforum-interfaceecrituresducorpsetlacher","status":"publish","type":"post","link":"https:\/\/www.leti.lt\/wordpress\/danseforum-interfaceecrituresducorpsetlacher\/","title":{"rendered":"Interface \u00e9critures du corps et l\u00e2cher"},"content":{"rendered":"<p><a href=\"https:\/\/www.leti.lt\/wordpress\/danseforum-danseforum\/\">Danse forum<\/a><br>\u2192 <a href=\"https:\/\/www.leti.lt\/wordpress\/danseforum-comptesrendusateliers\/\">Comptes-ren\u00addus des ate\u00adliers<\/a><br>\u2192 <a href=\"https:\/\/www.leti.lt\/wordpress\/danseforum-aixenprovence\/\">Aix-en-Pro\u00advence<\/a><br><br>!!Inter\u00adface, \u00e9cri\u00adtures du corps et l\u00e2cher \u2013 2&nbsp;mai 2010, Garage Dah\u00addah et Stu\u00addio For\u00adbin, en pr\u00e9\u00adpa\u00adra\u00adtion du fes\u00adti\u00adval de For\u00adcal\u00adquier<br><br><br><br>Cela a&nbsp;com\u00admen\u00adc\u00e9 same\u00addi <i>1\u00b0 mai 2010<\/i>, nous \u00e9tions onze au <i>garage Dah\u00addah<\/i> \u00e0&nbsp;Mar\u00adseille pour la <i>danse recherche<\/i>, \u00e0&nbsp;explo\u00adrer \u00ab&nbsp;l\u2019interface entre volon\u00adtaire et invo\u00adlon\u00adtaire&nbsp;\u00bb. Nadine menait l\u2019atelier. Voi\u00adci ce que ce th\u00e8me m\u2019a ins\u00adpi\u00adr\u00e9 \u00e0&nbsp;tra\u00advers les dif\u00adf\u00e9\u00adrentes impro\u00advi\u00adsa\u00adtions r\u00e9a\u00adli\u00ads\u00e9es ce jour-l\u00e0.<br><br>La ges\u00adtuelle dan\u00ads\u00e9e volon\u00adtaire ne l\u2019est pas tant que \u00e7a. Vite assi\u00admi\u00adl\u00e9e elle est dig\u00e9\u00adr\u00e9e pour pas\u00adser dans le monde des habi\u00adtudes ou r\u00e9flexes, vers un \u00ab&nbsp;pilo\u00adtage auto\u00adma\u00adtique&nbsp;\u00bb selon nos apti\u00adtudes, m\u00e9moire, d\u00e9si\u00adrs incons\u00adcients et besoins inno\u00adcents\u2026<br><br>La ges\u00adtuelle dan\u00ads\u00e9e invo\u00adlon\u00adtaire ne l\u2019est pas tant que \u00e7a non plus. Besoins et d\u00e9si\u00adrs la modi\u00adfient \u00e0&nbsp;volon\u00adt\u00e9.<br><br>On dirait une inter\u00adface en forme de fron\u00adti\u00e8re poreuse et glis\u00adsante avec de nom\u00adbreux \u00e9changes pos\u00adsibles&nbsp;: on peut se retrou\u00adver dans le volon\u00adtaire invo\u00adlon\u00adtai\u00adre\u00adment et dans l\u2019involontaire volon\u00adtai\u00adre\u00adment. L\u2019exercice est assez d\u00e9sta\u00adbi\u00adli\u00adsant mais a&nbsp;le m\u00e9rite de rendre sa com\u00adplexi\u00adt\u00e9 au geste.<br><br>Un l\u00e2cher-prise dyna\u00admique et intense, la liber\u00adt\u00e9 d\u2019un flux et reflux, de l\u2019entre-deux&nbsp;: ne pas l\u00e2cher ni tendre, mais un che\u00admi\u00adne\u00adment conti\u00adnu entre les p\u00f4les.<br><br>Un glis\u00adse\u00adment int\u00e9\u00adrieur, petits mou\u00adve\u00adments internes, r\u00e9sis\u00adtances, effa\u00adce\u00adments, une trans\u00adpa\u00adrence qui per\u00admet\u00adtrait une \u00e9cri\u00adture du <b>Corps sans organes<\/b>\u2026 Des points d\u2019attache par le regard, qui deviennent autant de points d\u2019appui, des \u00ab&nbsp;pivots&nbsp;\u00bb per\u00admet\u00adtant le jeu de la d\u00e9tente et de la mobi\u00adli\u00adt\u00e9 dans le reste du corps.<br><br>Il y&nbsp;avait quelque chose de l\u2019algue dans nos mou\u00adve\u00adments, comme un flot\u00adte\u00adment aqueux autour d\u2019une racine lui ser\u00advant de pivot. Nous avons navi\u00adgu\u00e9 entre abs\u00adtrac\u00adtion et nar\u00adra\u00adtion, sen\u00adsa\u00adtions et \u00e9mo\u00adtions, dans une sorte de balan\u00adce\u00adment \u00e0&nbsp;plu\u00adsieurs dimen\u00adsions.<br><br>La faille salu\u00adtaire a&nbsp;man\u00adqu\u00e9 par\u00adfois, due \u00e0&nbsp;une seule lec\u00adture pos\u00adsible du geste. Une faille qui aurait lais\u00ads\u00e9 de l\u2019espace \u00e0&nbsp;l\u2019inachev\u00e9 et \u00e0&nbsp;l\u2019impromptu. Ou bien, l\u2019attachement au geste a&nbsp;par\u00adfois emp\u00ea\u00adch\u00e9 de se relier aux sen\u00adsa\u00adtions. L\u2019essentiel res\u00adtant de situer la ges\u00adtuelle et de la cueillir, voir com\u00adment elle che\u00admine le long d\u2019une impro\u00advi\u00adsa\u00adtion.<br><br>Un \u00ab&nbsp;aban\u00addon\u00adn\u00e9 sou\u00adte\u00adnu&nbsp;\u00bb&nbsp;: le l\u00e2cher trouve des sup\u00adports phy\u00adsiques et \u00e9mo\u00adtion\u00adnels per\u00admet\u00adtant l\u2019\u00e9laboration de formes fluides, et la ren\u00adcontre entre deux \u00eatres, avec toutes ses nuances, les res\u00adsen\u00adtis propres \u00e0&nbsp;cha\u00adcun. Ren\u00adcon\u00adtrer, c\u2019est ne plus avoir peur.<br><br>La beau\u00adt\u00e9 est venue sou\u00advent, par jets ful\u00adgu\u00adrants, \u00e0&nbsp;tra\u00advers dif\u00adf\u00e9\u00adrentes teintes de tou\u00adcher&nbsp;: essais d\u2019envol, ou feu d\u2019artifice un jour de pluie.<br><br>On a&nbsp;pu se sen\u00adtir satu\u00adr\u00e9 par les per\u00adcep\u00adtions, les sen\u00adsa\u00adtions ont d\u00e9bou\u00adl\u00e9 trop vite, trop fort.<br><br>Pas de juge\u00adment&nbsp;: un res\u00adsen\u00adti de beau\u00adt\u00e9, une ouver\u00adture de portes, des allers-retours entre int\u00e9\u00adrieur et ext\u00e9\u00adrieur, une coquille comme poten\u00adtiel imma\u00adnent\u2026<br><br>Andr\u00e9ine Bel et Leo\u00adnar\u00addo Cen\u00adti<br><br>d\u2019apr\u00e8s les retours ver\u00adbaux de&nbsp;: Andr\u00e9ine B, Caro\u00adline, C\u00e9line L, Emma G, Johan\u00adna B, Karo, Leo\u00adnar\u00addo C, Nadine G, Marie-Laure, Marit\u00adza S, Minh N, Xavier M.<\/p><p style=\"color:green; text-align:right !important;\">Article cr\u00e9\u00e9 le 16\/02\/2020<\/p>","protected":false},"excerpt":{"rendered":"<p>Danse forum\u2192 Comptes-ren\u00ad\u00addus des ate\u00adliers\u2192 Aix-en-Pro\u00ad\u00advence !!Inter\u00adface, \u00e9cri\u00adtures du corps et l\u00e2cher \u2013 2&nbsp;mai 2010, Garage Dah\u00addah et Stu\u00addio For\u00adbin, en pr\u00e9\u00adpa\u00adra\u00adtion du fes\u00adti\u00adval de For\u00adcal\u00adquier Cela a&nbsp;com\u00admen\u00adc\u00e9 same\u00addi 1\u00b0 mai 2010, nous \u00e9tions onze au garage Dah\u00addah \u00e0&nbsp;Mar\u00adseille pour la danse recherche, \u00e0&nbsp;explo\u00adrer \u00ab&nbsp;l\u2019interface entre volon\u00adtaire et invo\u00adlon\u00adtaire&nbsp;\u00bb. Nadine menait l\u2019atelier. Voi\u00adci ce que ce th\u00e8me m\u2019a ins\u00adpi\u00adr\u00e9 \u00e0&nbsp;tra\u00advers les dif\u00adf\u00e9\u00adrentes impro\u00advi\u00adsa\u00adtions r\u00e9a\u00adli\u00ads\u00e9es ce jour-l\u00e0. La ges\u00adtuelle dan\u00ads\u00e9e volon\u00adtaire ne l\u2019est pas tant que \u00e7a. Vite assi\u00admi\u00adl\u00e9e elle&nbsp;est&nbsp;[\u2026]<\/p>\n","protected":false},"author":2,"featured_media":0,"comment_status":"open","ping_status":"open","sticky":false,"template":"","format":"standard","meta":{"wp_typography_post_enhancements_disabled":false,"footnotes":""},"categories":[133],"tags":[210],"class_list":["post-109","post","type-post","status-publish","format-standard","hentry","category-ateliers_aix","tag-df_aixenprovence"],"yoast_head":"<!-- This site is optimized with the Yoast SEO plugin v27.5 - https:\/\/yoast.com\/product\/yoast-seo-wordpress\/ -->\n<title>Interface \u00e9critures du corps et l\u00e2cher - Le TILT<\/title>\n<meta name=\"robots\" content=\"index, follow, max-snippet:-1, max-image-preview:large, max-video-preview:-1\" \/>\n<link rel=\"canonical\" href=\"https:\/\/www.leti.lt\/wordpress\/danseforum-interfaceecrituresducorpsetlacher\/\" \/>\n<meta property=\"og:locale\" content=\"fr_FR\" \/>\n<meta property=\"og:type\" content=\"article\" \/>\n<meta property=\"og:title\" content=\"Interface \u00e9critures du corps et l\u00e2cher - Le TILT\" \/>\n<meta property=\"og:description\" content=\"Danse forum\u2192 Comptes-ren\u00addus des ate\u00adliers\u2192 Aix-en-Pro\u00advence !!Inter\u00adface, \u00e9cri\u00adtures du corps et l\u00e2cher \u2013 2&nbsp;mai 2010, Garage Dah\u00addah et Stu\u00addio For\u00adbin, en pr\u00e9\u00adpa\u00adra\u00adtion du fes\u00adti\u00adval de Forcalquier Cela a&nbsp;com\u00admen\u00adc\u00e9 same\u00addi 1\u00b0 mai 2010, nous \u00e9tions onze au garage Dah\u00addah \u00e0&nbsp;Mar\u00adseille pour la danse recherche, \u00e0&nbsp;explo\u00adrer \u00ab&nbsp;l\u2019interface entre volon\u00adtaire et invo\u00adlon\u00adtaire&nbsp;\u00bb. Nadine menait l\u2019atelier. Voi\u00adci ce que ce th\u00e8me m\u2019a ins\u00adpi\u00adr\u00e9 \u00e0&nbsp;tra\u00advers les dif\u00adf\u00e9\u00adrentes impro\u00advi\u00adsa\u00adtions r\u00e9a\u00adli\u00ads\u00e9es ce jour-l\u00e0. La ges\u00adtuelle dan\u00ads\u00e9e volon\u00adtaire ne l\u2019est pas tant que \u00e7a. Vite assi\u00admi\u00adl\u00e9e elle est [&hellip;]\" \/>\n<meta property=\"og:url\" content=\"https:\/\/www.leti.lt\/wordpress\/danseforum-interfaceecrituresducorpsetlacher\/\" \/>\n<meta property=\"og:site_name\" content=\"Le TILT\" \/>\n<meta property=\"article:published_time\" content=\"2020-02-16T14:30:32+00:00\" \/>\n<meta name=\"author\" content=\"Andr\u00e9ine Bel\" \/>\n<meta name=\"twitter:card\" content=\"summary_large_image\" \/>\n<meta name=\"twitter:label1\" content=\"\u00c9crit par\" \/>\n\t<meta name=\"twitter:data1\" content=\"Andr\u00e9ine Bel\" \/>\n\t<meta name=\"twitter:label2\" content=\"Dur\u00e9e de lecture estim\u00e9e\" \/>\n\t<meta name=\"twitter:data2\" content=\"3 minutes\" \/>\n<script type=\"application\/ld+json\" class=\"yoast-schema-graph\">{\"@context\":\"https:\\\/\\\/schema.org\",\"@graph\":[{\"@type\":\"Article\",\"@id\":\"https:\\\/\\\/www.leti.lt\\\/wordpress\\\/danseforum-interfaceecrituresducorpsetlacher\\\/#article\",\"isPartOf\":{\"@id\":\"https:\\\/\\\/www.leti.lt\\\/wordpress\\\/danseforum-interfaceecrituresducorpsetlacher\\\/\"},\"author\":{\"name\":\"Andr\u00e9ine Bel\",\"@id\":\"https:\\\/\\\/www.leti.lt\\\/wordpress\\\/#\\\/schema\\\/person\\\/9bb307b2af8fbb575bb3603e57951f75\"},\"headline\":\"Interface \u00e9critures du corps et l\u00e2cher\",\"datePublished\":\"2020-02-16T14:30:32+00:00\",\"mainEntityOfPage\":{\"@id\":\"https:\\\/\\\/www.leti.lt\\\/wordpress\\\/danseforum-interfaceecrituresducorpsetlacher\\\/\"},\"wordCount\":518,\"commentCount\":0,\"keywords\":[\"DF_AixEnProvence\"],\"articleSection\":[\"Ateliers Aix\"],\"inLanguage\":\"fr-FR\",\"potentialAction\":[{\"@type\":\"CommentAction\",\"name\":\"Comment\",\"target\":[\"https:\\\/\\\/www.leti.lt\\\/wordpress\\\/danseforum-interfaceecrituresducorpsetlacher\\\/#respond\"]}]},{\"@type\":\"WebPage\",\"@id\":\"https:\\\/\\\/www.leti.lt\\\/wordpress\\\/danseforum-interfaceecrituresducorpsetlacher\\\/\",\"url\":\"https:\\\/\\\/www.leti.lt\\\/wordpress\\\/danseforum-interfaceecrituresducorpsetlacher\\\/\",\"name\":\"Interface \u00e9critures du corps et l\u00e2cher - Le TILT\",\"isPartOf\":{\"@id\":\"https:\\\/\\\/www.leti.lt\\\/wordpress\\\/#website\"},\"datePublished\":\"2020-02-16T14:30:32+00:00\",\"author\":{\"@id\":\"https:\\\/\\\/www.leti.lt\\\/wordpress\\\/#\\\/schema\\\/person\\\/9bb307b2af8fbb575bb3603e57951f75\"},\"breadcrumb\":{\"@id\":\"https:\\\/\\\/www.leti.lt\\\/wordpress\\\/danseforum-interfaceecrituresducorpsetlacher\\\/#breadcrumb\"},\"inLanguage\":\"fr-FR\",\"potentialAction\":[{\"@type\":\"ReadAction\",\"target\":[\"https:\\\/\\\/www.leti.lt\\\/wordpress\\\/danseforum-interfaceecrituresducorpsetlacher\\\/\"]}]},{\"@type\":\"BreadcrumbList\",\"@id\":\"https:\\\/\\\/www.leti.lt\\\/wordpress\\\/danseforum-interfaceecrituresducorpsetlacher\\\/#breadcrumb\",\"itemListElement\":[{\"@type\":\"ListItem\",\"position\":1,\"name\":\"Accueil\",\"item\":\"https:\\\/\\\/www.leti.lt\\\/wordpress\\\/\"},{\"@type\":\"ListItem\",\"position\":2,\"name\":\"Interface \u00e9critures du corps et l\u00e2cher\"}]},{\"@type\":\"WebSite\",\"@id\":\"https:\\\/\\\/www.leti.lt\\\/wordpress\\\/#website\",\"url\":\"https:\\\/\\\/www.leti.lt\\\/wordpress\\\/\",\"name\":\"Le TILT\",\"description\":\"Recherche, publication, cr\u00e9ation artistique\",\"potentialAction\":[{\"@type\":\"SearchAction\",\"target\":{\"@type\":\"EntryPoint\",\"urlTemplate\":\"https:\\\/\\\/www.leti.lt\\\/wordpress\\\/?s={search_term_string}\"},\"query-input\":{\"@type\":\"PropertyValueSpecification\",\"valueRequired\":true,\"valueName\":\"search_term_string\"}}],\"inLanguage\":\"fr-FR\"},{\"@type\":\"Person\",\"@id\":\"https:\\\/\\\/www.leti.lt\\\/wordpress\\\/#\\\/schema\\\/person\\\/9bb307b2af8fbb575bb3603e57951f75\",\"name\":\"Andr\u00e9ine Bel\",\"image\":{\"@type\":\"ImageObject\",\"inLanguage\":\"fr-FR\",\"@id\":\"https:\\\/\\\/secure.gravatar.com\\\/avatar\\\/4ab041ec7c7ad3b90293023e86528ec1a700ce2971ff61811b2df6b288dd1f38?s=96&d=identicon&r=g\",\"url\":\"https:\\\/\\\/secure.gravatar.com\\\/avatar\\\/4ab041ec7c7ad3b90293023e86528ec1a700ce2971ff61811b2df6b288dd1f38?s=96&d=identicon&r=g\",\"contentUrl\":\"https:\\\/\\\/secure.gravatar.com\\\/avatar\\\/4ab041ec7c7ad3b90293023e86528ec1a700ce2971ff61811b2df6b288dd1f38?s=96&d=identicon&r=g\",\"caption\":\"Andr\u00e9ine Bel\"},\"url\":\"https:\\\/\\\/www.leti.lt\\\/wordpress\\\/author\\\/andreine\\\/\"}]}<\/script>\n<!-- \/ Yoast SEO plugin. -->","yoast_head_json":{"title":"Interface \u00e9critures du corps et l\u00e2cher - Le TILT","robots":{"index":"index","follow":"follow","max-snippet":"max-snippet:-1","max-image-preview":"max-image-preview:large","max-video-preview":"max-video-preview:-1"},"canonical":"https:\/\/www.leti.lt\/wordpress\/danseforum-interfaceecrituresducorpsetlacher\/","og_locale":"fr_FR","og_type":"article","og_title":"Interface \u00e9critures du corps et l\u00e2cher - Le TILT","og_description":"Danse forum\u2192 Comptes-ren\u00addus des ate\u00adliers\u2192 Aix-en-Pro\u00advence !!Inter\u00adface, \u00e9cri\u00adtures du corps et l\u00e2cher \u2013 2&nbsp;mai 2010, Garage Dah\u00addah et Stu\u00addio For\u00adbin, en pr\u00e9\u00adpa\u00adra\u00adtion du fes\u00adti\u00adval de Forcalquier Cela a&nbsp;com\u00admen\u00adc\u00e9 same\u00addi 1\u00b0 mai 2010, nous \u00e9tions onze au garage Dah\u00addah \u00e0&nbsp;Mar\u00adseille pour la danse recherche, \u00e0&nbsp;explo\u00adrer \u00ab&nbsp;l\u2019interface entre volon\u00adtaire et invo\u00adlon\u00adtaire&nbsp;\u00bb. Nadine menait l\u2019atelier. Voi\u00adci ce que ce th\u00e8me m\u2019a ins\u00adpi\u00adr\u00e9 \u00e0&nbsp;tra\u00advers les dif\u00adf\u00e9\u00adrentes impro\u00advi\u00adsa\u00adtions r\u00e9a\u00adli\u00ads\u00e9es ce jour-l\u00e0. La ges\u00adtuelle dan\u00ads\u00e9e volon\u00adtaire ne l\u2019est pas tant que \u00e7a. Vite assi\u00admi\u00adl\u00e9e elle est [&hellip;]","og_url":"https:\/\/www.leti.lt\/wordpress\/danseforum-interfaceecrituresducorpsetlacher\/","og_site_name":"Le TILT","article_published_time":"2020-02-16T14:30:32+00:00","author":"Andr\u00e9ine Bel","twitter_card":"summary_large_image","twitter_misc":{"\u00c9crit par":"Andr\u00e9ine Bel","Dur\u00e9e de lecture estim\u00e9e":"3 minutes"},"schema":{"@context":"https:\/\/schema.org","@graph":[{"@type":"Article","@id":"https:\/\/www.leti.lt\/wordpress\/danseforum-interfaceecrituresducorpsetlacher\/#article","isPartOf":{"@id":"https:\/\/www.leti.lt\/wordpress\/danseforum-interfaceecrituresducorpsetlacher\/"},"author":{"name":"Andr\u00e9ine Bel","@id":"https:\/\/www.leti.lt\/wordpress\/#\/schema\/person\/9bb307b2af8fbb575bb3603e57951f75"},"headline":"Interface \u00e9critures du corps et l\u00e2cher","datePublished":"2020-02-16T14:30:32+00:00","mainEntityOfPage":{"@id":"https:\/\/www.leti.lt\/wordpress\/danseforum-interfaceecrituresducorpsetlacher\/"},"wordCount":518,"commentCount":0,"keywords":["DF_AixEnProvence"],"articleSection":["Ateliers Aix"],"inLanguage":"fr-FR","potentialAction":[{"@type":"CommentAction","name":"Comment","target":["https:\/\/www.leti.lt\/wordpress\/danseforum-interfaceecrituresducorpsetlacher\/#respond"]}]},{"@type":"WebPage","@id":"https:\/\/www.leti.lt\/wordpress\/danseforum-interfaceecrituresducorpsetlacher\/","url":"https:\/\/www.leti.lt\/wordpress\/danseforum-interfaceecrituresducorpsetlacher\/","name":"Interface \u00e9critures du corps et l\u00e2cher - Le TILT","isPartOf":{"@id":"https:\/\/www.leti.lt\/wordpress\/#website"},"datePublished":"2020-02-16T14:30:32+00:00","author":{"@id":"https:\/\/www.leti.lt\/wordpress\/#\/schema\/person\/9bb307b2af8fbb575bb3603e57951f75"},"breadcrumb":{"@id":"https:\/\/www.leti.lt\/wordpress\/danseforum-interfaceecrituresducorpsetlacher\/#breadcrumb"},"inLanguage":"fr-FR","potentialAction":[{"@type":"ReadAction","target":["https:\/\/www.leti.lt\/wordpress\/danseforum-interfaceecrituresducorpsetlacher\/"]}]},{"@type":"BreadcrumbList","@id":"https:\/\/www.leti.lt\/wordpress\/danseforum-interfaceecrituresducorpsetlacher\/#breadcrumb","itemListElement":[{"@type":"ListItem","position":1,"name":"Accueil","item":"https:\/\/www.leti.lt\/wordpress\/"},{"@type":"ListItem","position":2,"name":"Interface \u00e9critures du corps et l\u00e2cher"}]},{"@type":"WebSite","@id":"https:\/\/www.leti.lt\/wordpress\/#website","url":"https:\/\/www.leti.lt\/wordpress\/","name":"Le TILT","description":"Recherche, publication, cr\u00e9ation artistique","potentialAction":[{"@type":"SearchAction","target":{"@type":"EntryPoint","urlTemplate":"https:\/\/www.leti.lt\/wordpress\/?s={search_term_string}"},"query-input":{"@type":"PropertyValueSpecification","valueRequired":true,"valueName":"search_term_string"}}],"inLanguage":"fr-FR"},{"@type":"Person","@id":"https:\/\/www.leti.lt\/wordpress\/#\/schema\/person\/9bb307b2af8fbb575bb3603e57951f75","name":"Andr\u00e9ine Bel","image":{"@type":"ImageObject","inLanguage":"fr-FR","@id":"https:\/\/secure.gravatar.com\/avatar\/4ab041ec7c7ad3b90293023e86528ec1a700ce2971ff61811b2df6b288dd1f38?s=96&d=identicon&r=g","url":"https:\/\/secure.gravatar.com\/avatar\/4ab041ec7c7ad3b90293023e86528ec1a700ce2971ff61811b2df6b288dd1f38?s=96&d=identicon&r=g","contentUrl":"https:\/\/secure.gravatar.com\/avatar\/4ab041ec7c7ad3b90293023e86528ec1a700ce2971ff61811b2df6b288dd1f38?s=96&d=identicon&r=g","caption":"Andr\u00e9ine Bel"},"url":"https:\/\/www.leti.lt\/wordpress\/author\/andreine\/"}]}},"_links":{"self":[{"href":"https:\/\/www.leti.lt\/wordpress\/wp-json\/wp\/v2\/posts\/109","targetHints":{"allow":["GET"]}}],"collection":[{"href":"https:\/\/www.leti.lt\/wordpress\/wp-json\/wp\/v2\/posts"}],"about":[{"href":"https:\/\/www.leti.lt\/wordpress\/wp-json\/wp\/v2\/types\/post"}],"author":[{"embeddable":true,"href":"https:\/\/www.leti.lt\/wordpress\/wp-json\/wp\/v2\/users\/2"}],"replies":[{"embeddable":true,"href":"https:\/\/www.leti.lt\/wordpress\/wp-json\/wp\/v2\/comments?post=109"}],"version-history":[{"count":0,"href":"https:\/\/www.leti.lt\/wordpress\/wp-json\/wp\/v2\/posts\/109\/revisions"}],"wp:attachment":[{"href":"https:\/\/www.leti.lt\/wordpress\/wp-json\/wp\/v2\/media?parent=109"}],"wp:term":[{"taxonomy":"category","embeddable":true,"href":"https:\/\/www.leti.lt\/wordpress\/wp-json\/wp\/v2\/categories?post=109"},{"taxonomy":"post_tag","embeddable":true,"href":"https:\/\/www.leti.lt\/wordpress\/wp-json\/wp\/v2\/tags?post=109"}],"curies":[{"name":"wp","href":"https:\/\/api.w.org\/{rel}","templated":true}]}}