{"id":108,"date":"2020-02-16T15:30:32","date_gmt":"2020-02-16T14:30:32","guid":{"rendered":"https:\/\/www.leti.lt\/wordpress\/?p=108"},"modified":"2020-06-10T23:55:40","modified_gmt":"2020-06-10T21:55:40","slug":"danseforum-illeetvilaine","status":"publish","type":"post","link":"https:\/\/www.leti.lt\/wordpress\/danseforum-illeetvilaine\/","title":{"rendered":"Danse forum \u2013 Ille-et-Vilaine"},"content":{"rendered":"\n<p><a href=\"https:\/\/www.leti.lt\/wordpress\/danseforum-danseforum\/\">Danse forum<\/a><br>\u2192 <a href=\"https:\/\/www.leti.lt\/wordpress\/danseforum-comptesrendusateliers\/\">Comptes-ren\u00addus des ate\u00adliers<\/a><br><br>* <a href=\"https:\/\/www.leti.lt\/wordpress\/danseforum-choixnomadeondefrissonnante\/\">Choix nomade\/Onde fris\u00adson\u00adnante \u2013 17\/2\/18<\/a><br>* <a href=\"https:\/\/www.leti.lt\/wordpress\/danseforum-latraceetlechemin\/\">La trace et le che\u00admin \u2013 28\u200a\u2013\u200a29\/11\/17<\/a><br>* <a href=\"https:\/\/www.leti.lt\/wordpress\/danseforum-larevolte\/\">La r\u00e9volte<b>Rota\u00adtion-\u00e9tir\u00adment &amp;&nbsp;exten\u00adsion \u2013 29\u200a\u2013\u200a30\/4\/17<\/b><\/a><br>* <a href=\"https:\/\/www.leti.lt\/wordpress\/danseforum-agirdanslimpuissance\/\">Agir dans l\u2019impuissance <b> Ecrasement\/soul\u00e8vement \u2013 2\/4\/17<\/b><\/a><br>* <a href=\"https:\/\/www.leti.lt\/wordpress\/danseforum-sensortirsanssortir\/\">S\u2019en sor\u00adtir sans sor\u00adtir <b> L\u00e2cher en marche \u2013 1\/4\/17<\/b><\/a><br>* <a href=\"https:\/\/www.leti.lt\/wordpress\/danseforum-sensortirsanssortir\/\">S\u2019en sor\u00adtir sans sor\u00adtir <b> Flot\u00adte\u00adment \u2013 5\/3\/17<\/b><\/a><br>* <a href=\"https:\/\/www.leti.lt\/wordpress\/danseforum-desintegrationrecomposition\/\"> D\u00e9s\u00adin\u00adt\u00e9\u00adgra\u00adtion-recom\u00adpo\u00adsi\u00adtion <b> Vibra\u00adtions \u2013 15\/1\/17<\/b><\/a><br>* <a href=\"https:\/\/www.leti.lt\/wordpress\/desintegration-recomposition\/\"> D\u00e9s\u00adin\u00adt\u00e9\u00adgra\u00adtion-recom\u00adpo\u00adsi\u00adtion <b> Se mettre en marche \u2013 27\/11\/16<\/b><\/a><br>* <a href=\"https:\/\/www.leti.lt\/wordpress\/danseforum-propagationsetricochets\/\">Fron\u00adti\u00e8res <b> Pro\u00adpa\u00adga\u00adtions et rico\u00adchets \u2013 30\/10\/16<\/b><\/a><br>* <a href=\"https:\/\/www.leti.lt\/wordpress\/danseforum-frontieres\/\">Fron\u00adti\u00e8res <b> Vibra\u00adtions et glis\u00adse\u00adments \u2013 29\/10\/16<\/b><\/a><br>* <a href=\"https:\/\/www.leti.lt\/wordpress\/danseforum-enrichissementversusoppression26\/\">Enri\u00adchis\u00adse\u00adment ver\u00adsus oppres\u00adsion \u2013 26\/6\/16<\/a><br>* <a href=\"https:\/\/www.leti.lt\/wordpress\/danseforum-enrichissementversusoppressio\/\">Enri\u00adchis\u00adse\u00adment ver\u00adsus oppres\u00adsion \u2013 24\/6\/16<\/a><\/p>\n<p style=\"color:green; text-align:right !important;\">Article cr\u00e9\u00e9 le 16\/02\/2020 \u2013 modi\u00adfi\u00e9 le 10\/06\/2020<\/p>","protected":false},"excerpt":{"rendered":"<p>Danse forum\u2192 Comptes-ren\u00ad\u00addus des ate\u00adliers * Choix nomade\/Onde fris\u00adson\u00adnante \u2013 17\/2\/18* La trace et le che\u00admin \u2013 28 \u2013 29\/11\/17* La r\u00e9vol\u00adte\u00adRo\u00adta\u00ad\u00adtion-\u00e9tir\u00ad\u00adment &amp;&nbsp;exten\u00adsion \u2013 29 \u2013 30\/4\/17* Agir dans l\u2019impuissance Ecrasement\/soul\u00e8vement \u2013 2\/4\/17* S\u2019en sor\u00adtir sans sor\u00adtir L\u00e2cher en marche \u2013 1\/4\/17* S\u2019en sor\u00adtir sans sor\u00adtir Flot\u00adte\u00adment \u2013 5\/3\/17* D\u00e9s\u00adin\u00ad\u00adt\u00e9\u00ad\u00adgra\u00ad\u00adtion-recom\u00ad\u00adpo\u00ad\u00adsi\u00ad\u00adtion Vibra\u00adtions \u2013 15\/1\/17* D\u00e9s\u00adin\u00ad\u00adt\u00e9\u00ad\u00adgra\u00ad\u00adtion-recom\u00ad\u00adpo\u00ad\u00adsi\u00ad\u00adtion Se mettre en marche \u2013 27\/11\/16* Fron\u00adti\u00e8res Pro\u00adpa\u00adga\u00adtions et rico\u00adchets \u2013 30\/10\/16* Fron\u00adti\u00e8res Vibra\u00adtions et glis\u00adse\u00adments \u2013 29\/10\/16* Enri\u00adchis\u00adse\u00adment ver\u00adsus oppres\u00adsion \u2013 26\/6\/16* Enri\u00adchis\u00adse\u00adment ver\u00adsus oppres\u00adsion \u2013 24\/6\/16 Article cr\u00e9\u00e9&nbsp;[\u2026]<\/p>\n","protected":false},"author":2,"featured_media":0,"comment_status":"open","ping_status":"open","sticky":false,"template":"","format":"standard","meta":{"wp_typography_post_enhancements_disabled":false,"footnotes":""},"categories":[181],"tags":[183],"class_list":["post-108","post","type-post","status-publish","format-standard","hentry","category-ateliers_ille-et-vilaine","tag-df_ateliers"],"yoast_head":"<!-- This site is optimized with the Yoast SEO plugin v27.5 - https:\/\/yoast.com\/product\/yoast-seo-wordpress\/ -->\n<title>Danse forum - Ille-et-Vilaine - Le TILT<\/title>\n<meta name=\"robots\" content=\"index, follow, max-snippet:-1, max-image-preview:large, max-video-preview:-1\" \/>\n<link rel=\"canonical\" href=\"https:\/\/www.leti.lt\/wordpress\/danseforum-illeetvilaine\/\" \/>\n<meta property=\"og:locale\" content=\"fr_FR\" \/>\n<meta property=\"og:type\" content=\"article\" \/>\n<meta property=\"og:title\" content=\"Danse forum - Ille-et-Vilaine - Le TILT\" \/>\n<meta property=\"og:description\" content=\"Danse forum\u2192 Comptes-ren\u00addus des ateliers * Choix nomade\/Onde fris\u00adson\u00adnante \u2013 17\/2\/18* La trace et le che\u00admin \u2013 28\u200a\u2013\u200a29\/11\/17* La r\u00e9volteRota\u00adtion-\u00e9tir\u00adment &amp;&nbsp;exten\u00adsion \u2013 29\u200a\u2013\u200a30\/4\/17* Agir dans l\u2019impuissance Ecrasement\/soul\u00e8vement \u2013 2\/4\/17* S\u2019en sor\u00adtir sans sor\u00adtir L\u00e2cher en marche \u2013 1\/4\/17* S\u2019en sor\u00adtir sans sor\u00adtir Flot\u00adte\u00adment \u2013 5\/3\/17* D\u00e9s\u00adin\u00adt\u00e9\u00adgra\u00adtion-recom\u00adpo\u00adsi\u00adtion Vibra\u00adtions \u2013 15\/1\/17* D\u00e9s\u00adin\u00adt\u00e9\u00adgra\u00adtion-recom\u00adpo\u00adsi\u00adtion Se mettre en marche \u2013 27\/11\/16* Fron\u00adti\u00e8res Pro\u00adpa\u00adga\u00adtions et rico\u00adchets \u2013 30\/10\/16* Fron\u00adti\u00e8res Vibra\u00adtions et glis\u00adse\u00adments \u2013 29\/10\/16* Enri\u00adchis\u00adse\u00adment ver\u00adsus oppres\u00adsion \u2013 26\/6\/16* Enri\u00adchis\u00adse\u00adment ver\u00adsus oppres\u00adsion \u2013 24\/6\/16 Article cr\u00e9\u00e9 [&hellip;]\" \/>\n<meta property=\"og:url\" content=\"https:\/\/www.leti.lt\/wordpress\/danseforum-illeetvilaine\/\" \/>\n<meta property=\"og:site_name\" content=\"Le TILT\" \/>\n<meta property=\"article:published_time\" content=\"2020-02-16T14:30:32+00:00\" \/>\n<meta property=\"article:modified_time\" content=\"2020-06-10T21:55:40+00:00\" \/>\n<meta name=\"author\" content=\"Andr\u00e9ine Bel\" \/>\n<meta name=\"twitter:card\" content=\"summary_large_image\" \/>\n<meta name=\"twitter:label1\" content=\"\u00c9crit par\" \/>\n\t<meta name=\"twitter:data1\" content=\"Andr\u00e9ine Bel\" \/>\n<script type=\"application\/ld+json\" class=\"yoast-schema-graph\">{\"@context\":\"https:\\\/\\\/schema.org\",\"@graph\":[{\"@type\":\"Article\",\"@id\":\"https:\\\/\\\/www.leti.lt\\\/wordpress\\\/danseforum-illeetvilaine\\\/#article\",\"isPartOf\":{\"@id\":\"https:\\\/\\\/www.leti.lt\\\/wordpress\\\/danseforum-illeetvilaine\\\/\"},\"author\":{\"name\":\"Andr\u00e9ine Bel\",\"@id\":\"https:\\\/\\\/www.leti.lt\\\/wordpress\\\/#\\\/schema\\\/person\\\/9bb307b2af8fbb575bb3603e57951f75\"},\"headline\":\"Danse forum \u2013 Ille-et-Vilaine\",\"datePublished\":\"2020-02-16T14:30:32+00:00\",\"dateModified\":\"2020-06-10T21:55:40+00:00\",\"mainEntityOfPage\":{\"@id\":\"https:\\\/\\\/www.leti.lt\\\/wordpress\\\/danseforum-illeetvilaine\\\/\"},\"wordCount\":87,\"commentCount\":0,\"keywords\":[\"DF_ateliers\"],\"articleSection\":[\"Ateliers Ille-et-Vilaine\"],\"inLanguage\":\"fr-FR\",\"potentialAction\":[{\"@type\":\"CommentAction\",\"name\":\"Comment\",\"target\":[\"https:\\\/\\\/www.leti.lt\\\/wordpress\\\/danseforum-illeetvilaine\\\/#respond\"]}]},{\"@type\":\"WebPage\",\"@id\":\"https:\\\/\\\/www.leti.lt\\\/wordpress\\\/danseforum-illeetvilaine\\\/\",\"url\":\"https:\\\/\\\/www.leti.lt\\\/wordpress\\\/danseforum-illeetvilaine\\\/\",\"name\":\"Danse forum - Ille-et-Vilaine - Le TILT\",\"isPartOf\":{\"@id\":\"https:\\\/\\\/www.leti.lt\\\/wordpress\\\/#website\"},\"datePublished\":\"2020-02-16T14:30:32+00:00\",\"dateModified\":\"2020-06-10T21:55:40+00:00\",\"author\":{\"@id\":\"https:\\\/\\\/www.leti.lt\\\/wordpress\\\/#\\\/schema\\\/person\\\/9bb307b2af8fbb575bb3603e57951f75\"},\"breadcrumb\":{\"@id\":\"https:\\\/\\\/www.leti.lt\\\/wordpress\\\/danseforum-illeetvilaine\\\/#breadcrumb\"},\"inLanguage\":\"fr-FR\",\"potentialAction\":[{\"@type\":\"ReadAction\",\"target\":[\"https:\\\/\\\/www.leti.lt\\\/wordpress\\\/danseforum-illeetvilaine\\\/\"]}]},{\"@type\":\"BreadcrumbList\",\"@id\":\"https:\\\/\\\/www.leti.lt\\\/wordpress\\\/danseforum-illeetvilaine\\\/#breadcrumb\",\"itemListElement\":[{\"@type\":\"ListItem\",\"position\":1,\"name\":\"Accueil\",\"item\":\"https:\\\/\\\/www.leti.lt\\\/wordpress\\\/\"},{\"@type\":\"ListItem\",\"position\":2,\"name\":\"Danse forum \u2013 Ille-et-Vilaine\"}]},{\"@type\":\"WebSite\",\"@id\":\"https:\\\/\\\/www.leti.lt\\\/wordpress\\\/#website\",\"url\":\"https:\\\/\\\/www.leti.lt\\\/wordpress\\\/\",\"name\":\"Le TILT\",\"description\":\"Recherche, publication, cr\u00e9ation artistique\",\"potentialAction\":[{\"@type\":\"SearchAction\",\"target\":{\"@type\":\"EntryPoint\",\"urlTemplate\":\"https:\\\/\\\/www.leti.lt\\\/wordpress\\\/?s={search_term_string}\"},\"query-input\":{\"@type\":\"PropertyValueSpecification\",\"valueRequired\":true,\"valueName\":\"search_term_string\"}}],\"inLanguage\":\"fr-FR\"},{\"@type\":\"Person\",\"@id\":\"https:\\\/\\\/www.leti.lt\\\/wordpress\\\/#\\\/schema\\\/person\\\/9bb307b2af8fbb575bb3603e57951f75\",\"name\":\"Andr\u00e9ine Bel\",\"image\":{\"@type\":\"ImageObject\",\"inLanguage\":\"fr-FR\",\"@id\":\"https:\\\/\\\/secure.gravatar.com\\\/avatar\\\/4ab041ec7c7ad3b90293023e86528ec1a700ce2971ff61811b2df6b288dd1f38?s=96&d=identicon&r=g\",\"url\":\"https:\\\/\\\/secure.gravatar.com\\\/avatar\\\/4ab041ec7c7ad3b90293023e86528ec1a700ce2971ff61811b2df6b288dd1f38?s=96&d=identicon&r=g\",\"contentUrl\":\"https:\\\/\\\/secure.gravatar.com\\\/avatar\\\/4ab041ec7c7ad3b90293023e86528ec1a700ce2971ff61811b2df6b288dd1f38?s=96&d=identicon&r=g\",\"caption\":\"Andr\u00e9ine Bel\"},\"url\":\"https:\\\/\\\/www.leti.lt\\\/wordpress\\\/author\\\/andreine\\\/\"}]}<\/script>\n<!-- \/ Yoast SEO plugin. -->","yoast_head_json":{"title":"Danse forum - Ille-et-Vilaine - Le TILT","robots":{"index":"index","follow":"follow","max-snippet":"max-snippet:-1","max-image-preview":"max-image-preview:large","max-video-preview":"max-video-preview:-1"},"canonical":"https:\/\/www.leti.lt\/wordpress\/danseforum-illeetvilaine\/","og_locale":"fr_FR","og_type":"article","og_title":"Danse forum - Ille-et-Vilaine - Le TILT","og_description":"Danse forum\u2192 Comptes-ren\u00addus des ateliers * Choix nomade\/Onde fris\u00adson\u00adnante \u2013 17\/2\/18* La trace et le che\u00admin \u2013 28\u200a\u2013\u200a29\/11\/17* La r\u00e9volteRota\u00adtion-\u00e9tir\u00adment &amp;&nbsp;exten\u00adsion \u2013 29\u200a\u2013\u200a30\/4\/17* Agir dans l\u2019impuissance Ecrasement\/soul\u00e8vement \u2013 2\/4\/17* S\u2019en sor\u00adtir sans sor\u00adtir L\u00e2cher en marche \u2013 1\/4\/17* S\u2019en sor\u00adtir sans sor\u00adtir Flot\u00adte\u00adment \u2013 5\/3\/17* D\u00e9s\u00adin\u00adt\u00e9\u00adgra\u00adtion-recom\u00adpo\u00adsi\u00adtion Vibra\u00adtions \u2013 15\/1\/17* D\u00e9s\u00adin\u00adt\u00e9\u00adgra\u00adtion-recom\u00adpo\u00adsi\u00adtion Se mettre en marche \u2013 27\/11\/16* Fron\u00adti\u00e8res Pro\u00adpa\u00adga\u00adtions et rico\u00adchets \u2013 30\/10\/16* Fron\u00adti\u00e8res Vibra\u00adtions et glis\u00adse\u00adments \u2013 29\/10\/16* Enri\u00adchis\u00adse\u00adment ver\u00adsus oppres\u00adsion \u2013 26\/6\/16* Enri\u00adchis\u00adse\u00adment ver\u00adsus oppres\u00adsion \u2013 24\/6\/16 Article cr\u00e9\u00e9 [&hellip;]","og_url":"https:\/\/www.leti.lt\/wordpress\/danseforum-illeetvilaine\/","og_site_name":"Le TILT","article_published_time":"2020-02-16T14:30:32+00:00","article_modified_time":"2020-06-10T21:55:40+00:00","author":"Andr\u00e9ine Bel","twitter_card":"summary_large_image","twitter_misc":{"\u00c9crit par":"Andr\u00e9ine Bel"},"schema":{"@context":"https:\/\/schema.org","@graph":[{"@type":"Article","@id":"https:\/\/www.leti.lt\/wordpress\/danseforum-illeetvilaine\/#article","isPartOf":{"@id":"https:\/\/www.leti.lt\/wordpress\/danseforum-illeetvilaine\/"},"author":{"name":"Andr\u00e9ine Bel","@id":"https:\/\/www.leti.lt\/wordpress\/#\/schema\/person\/9bb307b2af8fbb575bb3603e57951f75"},"headline":"Danse forum \u2013 Ille-et-Vilaine","datePublished":"2020-02-16T14:30:32+00:00","dateModified":"2020-06-10T21:55:40+00:00","mainEntityOfPage":{"@id":"https:\/\/www.leti.lt\/wordpress\/danseforum-illeetvilaine\/"},"wordCount":87,"commentCount":0,"keywords":["DF_ateliers"],"articleSection":["Ateliers Ille-et-Vilaine"],"inLanguage":"fr-FR","potentialAction":[{"@type":"CommentAction","name":"Comment","target":["https:\/\/www.leti.lt\/wordpress\/danseforum-illeetvilaine\/#respond"]}]},{"@type":"WebPage","@id":"https:\/\/www.leti.lt\/wordpress\/danseforum-illeetvilaine\/","url":"https:\/\/www.leti.lt\/wordpress\/danseforum-illeetvilaine\/","name":"Danse forum - Ille-et-Vilaine - Le TILT","isPartOf":{"@id":"https:\/\/www.leti.lt\/wordpress\/#website"},"datePublished":"2020-02-16T14:30:32+00:00","dateModified":"2020-06-10T21:55:40+00:00","author":{"@id":"https:\/\/www.leti.lt\/wordpress\/#\/schema\/person\/9bb307b2af8fbb575bb3603e57951f75"},"breadcrumb":{"@id":"https:\/\/www.leti.lt\/wordpress\/danseforum-illeetvilaine\/#breadcrumb"},"inLanguage":"fr-FR","potentialAction":[{"@type":"ReadAction","target":["https:\/\/www.leti.lt\/wordpress\/danseforum-illeetvilaine\/"]}]},{"@type":"BreadcrumbList","@id":"https:\/\/www.leti.lt\/wordpress\/danseforum-illeetvilaine\/#breadcrumb","itemListElement":[{"@type":"ListItem","position":1,"name":"Accueil","item":"https:\/\/www.leti.lt\/wordpress\/"},{"@type":"ListItem","position":2,"name":"Danse forum \u2013 Ille-et-Vilaine"}]},{"@type":"WebSite","@id":"https:\/\/www.leti.lt\/wordpress\/#website","url":"https:\/\/www.leti.lt\/wordpress\/","name":"Le TILT","description":"Recherche, publication, cr\u00e9ation artistique","potentialAction":[{"@type":"SearchAction","target":{"@type":"EntryPoint","urlTemplate":"https:\/\/www.leti.lt\/wordpress\/?s={search_term_string}"},"query-input":{"@type":"PropertyValueSpecification","valueRequired":true,"valueName":"search_term_string"}}],"inLanguage":"fr-FR"},{"@type":"Person","@id":"https:\/\/www.leti.lt\/wordpress\/#\/schema\/person\/9bb307b2af8fbb575bb3603e57951f75","name":"Andr\u00e9ine Bel","image":{"@type":"ImageObject","inLanguage":"fr-FR","@id":"https:\/\/secure.gravatar.com\/avatar\/4ab041ec7c7ad3b90293023e86528ec1a700ce2971ff61811b2df6b288dd1f38?s=96&d=identicon&r=g","url":"https:\/\/secure.gravatar.com\/avatar\/4ab041ec7c7ad3b90293023e86528ec1a700ce2971ff61811b2df6b288dd1f38?s=96&d=identicon&r=g","contentUrl":"https:\/\/secure.gravatar.com\/avatar\/4ab041ec7c7ad3b90293023e86528ec1a700ce2971ff61811b2df6b288dd1f38?s=96&d=identicon&r=g","caption":"Andr\u00e9ine Bel"},"url":"https:\/\/www.leti.lt\/wordpress\/author\/andreine\/"}]}},"_links":{"self":[{"href":"https:\/\/www.leti.lt\/wordpress\/wp-json\/wp\/v2\/posts\/108","targetHints":{"allow":["GET"]}}],"collection":[{"href":"https:\/\/www.leti.lt\/wordpress\/wp-json\/wp\/v2\/posts"}],"about":[{"href":"https:\/\/www.leti.lt\/wordpress\/wp-json\/wp\/v2\/types\/post"}],"author":[{"embeddable":true,"href":"https:\/\/www.leti.lt\/wordpress\/wp-json\/wp\/v2\/users\/2"}],"replies":[{"embeddable":true,"href":"https:\/\/www.leti.lt\/wordpress\/wp-json\/wp\/v2\/comments?post=108"}],"version-history":[{"count":1,"href":"https:\/\/www.leti.lt\/wordpress\/wp-json\/wp\/v2\/posts\/108\/revisions"}],"predecessor-version":[{"id":775,"href":"https:\/\/www.leti.lt\/wordpress\/wp-json\/wp\/v2\/posts\/108\/revisions\/775"}],"wp:attachment":[{"href":"https:\/\/www.leti.lt\/wordpress\/wp-json\/wp\/v2\/media?parent=108"}],"wp:term":[{"taxonomy":"category","embeddable":true,"href":"https:\/\/www.leti.lt\/wordpress\/wp-json\/wp\/v2\/categories?post=108"},{"taxonomy":"post_tag","embeddable":true,"href":"https:\/\/www.leti.lt\/wordpress\/wp-json\/wp\/v2\/tags?post=108"}],"curies":[{"name":"wp","href":"https:\/\/api.w.org\/{rel}","templated":true}]}}