{"id":106,"date":"2020-02-16T15:30:32","date_gmt":"2020-02-16T14:30:32","guid":{"rendered":"https:\/\/www.leti.lt\/wordpress\/?p=106"},"modified":"-0001-11-30T00:00:00","modified_gmt":"-0001-11-29T22:00:00","slug":"danseforum-frontieres","status":"publish","type":"post","link":"https:\/\/www.leti.lt\/wordpress\/danseforum-frontieres\/","title":{"rendered":"Danse forum \u2013 Fronti\u00e8res"},"content":{"rendered":"<p><a href=\"https:\/\/www.leti.lt\/wordpress\/danseforum-danseforum\/\">Danse forum<\/a><br>\u2192 <a href=\"https:\/\/www.leti.lt\/wordpress\/danseforum-comptesrendusateliers\/\">Comptes Ren\u00addus des Ate\u00adliers<\/a> \u2192 <a href=\"https:\/\/www.leti.lt\/wordpress\/danseforum-illeetvilaine\/\">Ille et Vilaine<\/a><br><br>!!Fron\u00adti\u00e8res <b> Vibra\u00adtions et glis\u00adse\u00adments \u2013 29\/10\/16<\/b><br><br>https:\/\/\u200bcol\u200blec\u200btif\u200bsans\u200btete\u200b.word\u200bpress\u200b.com\/\u200bf\u200br\u200bo\u200bn\u200bt\u200bi\u200be\u200br\u200be\u200bs\u200b-29\u200a\u2013\u200a10-16\/<br><br><i>29 octobre 14h30-18h30, MJC de Pac\u00e9, pr\u00e8s de Rennes.<\/i><br><br>Etaient pr\u00e9\u00adsents&nbsp;: Carole, Chris\u00adtian, Her\u00adv\u00e9, L\u00e9a, Lise, Ma\u00efa\u00adna, Maga\u00adlie, Marie.<br><br><i>R\u00e9dac\u00adtion<\/i> de ce CR&nbsp;: L\u00e9a.<br><br><i>Pr\u00e9\u00adsen\u00adta\u00adtion<\/i> rapide de l\u2019histoire de la danse forum par Her\u00adv\u00e9 et L\u00e9a puis choix du th\u00e8me r\u00e9flexif.<br><br>Pro\u00adpo\u00adsi\u00adtions&nbsp;:<br><br>- D\u00e9ni<br><br>- Fron\u00adti\u00e8res<br><br>- Rythmie\/arythmie<br><br>- D\u00e9ca\u00adlage<br><br>- En dehors\/hors sys\u00adt\u00e8me<br><br>- Rester\/quitter<br><br>Choix du th\u00e8me r\u00e9flexif de&nbsp;: <i>fron\u00adti\u00e8res<\/i><br><br>Expli\u00adca\u00adtion de l\u2019\u00e9veil des sen\u00adsa\u00adtions et l\u2019\u00e9veil des muscles. Her\u00adv\u00e9 guide l\u2019\u00e9veil. Retour et choix du th\u00e8me sen\u00adsi\u00adtif.<br><br>- Torsions\/\u00e9tirements\/vibrations<br><br>- Glis\u00adse\u00adments, \u00e9qui\u00adlibre<br><br>- \u00c9lancements\/suspens \u2013 appuis dans le sol \u2013 acc\u00e9\u00adl\u00e9\u00adra\u00adtions<br><br>- Pres\u00adsions cen\u00adtri\u00adp\u00e8tes et rel\u00e2\u00adche\u00adments<br><br>- Allon\u00adge\u00adments \u2013 tor\u00adsions du bas\u00adsin<br><br>- Rel\u00e2\u00adche\u00adments, sus\u00adpen\u00adsions, rebonds\/vibrations<br><br>- Micro mou\u00adve\u00adments, vibra\u00adtions, rota\u00adtions, besoin de racine, glis\u00adse\u00adments, pos\u00adtures m\u00e9di\u00adta\u00adtives, alter\u00adnance immobilit\u00e9\/mouvement, mou\u00adve\u00adments plus amples plus vifs.<br><br>- Trou\u00adver un \u00e9qui\u00adlibre, de la len\u00adteur, bas\u00adsin<br><br>Choix du th\u00e8me sen\u00adsi\u00adtif&nbsp;: <i>vibrations\/glissements<\/i><br><br>Expli\u00adca\u00adtion des r\u00f4les et des r\u00e8gles de la danse forum.<br><br><i>Temps de danse 1&nbsp;: L\u00e9a tilte<\/i><br><br>Forum&nbsp;:<br><br>L\u00e9a&nbsp;: Her\u00adv\u00e9 marche en arri\u00e8re et s\u2019arr\u00eate juste avant de mar\u00adcher sur la bo\u00eete de feutres comme s\u2019il en avait conscience. Il se penche en arri\u00e8re, le haut du corps en dehors de l\u2019espace sc\u00e9\u00adnique. \u00c9qui\u00adlibre. Dans quelle mesure a\u2011t-on conscience des fron\u00adti\u00e8res&nbsp;? Est-ce que nos dif\u00adf\u00e9\u00adrents sens ont conscience des fron\u00adti\u00e8res&nbsp;?<br><br>Her\u00adv\u00e9&nbsp;: Ten\u00adta\u00adtive d\u2019exp\u00e9rimenter des fron\u00adti\u00e8res dans la danse. Ren\u00adcontre avec les objets et les autres, qui sont une fron\u00adti\u00e8re phy\u00adsique.<br>Est-ce que le corps de l\u2019autre est une fron\u00adti\u00e8re \u00e0&nbsp;ma liber\u00adt\u00e9&nbsp;? Qu\u2019est-ce qui fait que la forme devient une fron\u00adti\u00e8re&nbsp;?<br><br>Lise&nbsp;: Quand on ren\u00adcontre un corps est-ce qu\u2019on le nie, est-ce qu\u2019on fait avec, com\u00adment on fait avec&nbsp;? Espace \u00e0&nbsp;soi, espace col\u00adlec\u00adtif. Quelle liber\u00adt\u00e9 de ren\u00adtrer ou non dans ces espaces&nbsp;?<br><br>Maga\u00adlie&nbsp;: Exp\u00e9\u00adri\u00admen\u00adta\u00adtion de la fron\u00adti\u00e8re et com\u00adment on glisse le long de cette fron\u00adti\u00e8re. Recherche de la fron\u00adti\u00e8re dans les vibra\u00adtions de la musique et du texte. Voix qui r\u00e9sonne dans le corps.<br><br>Com\u00adment cher\u00adcher les fron\u00adti\u00e8res en fai\u00adsant vibrer l\u2019espace autour de soi&nbsp;?<br><br>Marie&nbsp;: Sen\u00adsa\u00adtions de vide\/de plein\/de flou. Sen\u00adti\u00adment d\u2019ins\u00e9curit\u00e9. Fron\u00adti\u00e8re entre y&nbsp;aller et se rete\u00adnir. Com\u00adment se connec\u00adter aux vibra\u00adtions pour arri\u00adver \u00e0&nbsp;d\u00e9pas\u00adser ses fron\u00adti\u00e8res&nbsp;?<br><br><i>Temps de danse 2&nbsp;: L\u00e9a tilte<\/i><br><br>Forum&nbsp;:<br><br>L\u00e9a&nbsp;: fron\u00adti\u00e8re ombre\/lumi\u00e8re. Ma\u00efa\u00adna marche \u00e0&nbsp;recu\u00adlons sur la ligne entre l\u2019ombre et la lumi\u00e8re. Les ombres des corps dansent aus\u00adsi. Les ombres de ceux qui sont \u00e0&nbsp;l\u2019ext\u00e9rieur. Com\u00adment les ombres d\u00e9li\u00admitent des fron\u00adti\u00e8res impal\u00adpables&nbsp;?<br><br>Her\u00adv\u00e9&nbsp;: \u00ab&nbsp;Je me suis beau\u00adcoup pos\u00e9 la ques\u00adtion de quelles fron\u00adti\u00e8res je me mets&nbsp;?&nbsp;Est-ce qu\u2019elles sont l\u00e0&nbsp;? Com\u00adment les d\u00e9pas\u00adser&nbsp;?<br><br>\u00abJe me suis ren\u00addue compte que je me mets beau\u00adcoup de fron\u00adti\u00e8res dans le corps, dans l\u2019espace.&nbsp;\u00bb<br>O\u00f9 j\u2019en suis par rap\u00adport \u00e0&nbsp;l\u2019id\u00e9e du col\u00adlec\u00adtif et des fron\u00adti\u00e8res qui existent \u00e0&nbsp;l\u2019int\u00e9rieur du col\u00adlec\u00adtif&nbsp;?<br><br>Marie&nbsp;: Vibra\u00adtions dif\u00adf\u00e9\u00adrentes quand il y&nbsp;a de la musique live. Silence&nbsp;= fron\u00adti\u00e8res&nbsp;?<br><br>Maga\u00adlie&nbsp;: Rela\u00adtion orga\u00adnique.<br><br>Chris\u00adtian&nbsp;: Il est tr\u00e8s dif\u00adfi\u00adcile de ren\u00adtrer sur une musique d\u00e9j\u00e0 en place. D\u00e9ca\u00adlage pas facile \u00e0&nbsp;g\u00e9rer. Ques\u00adtion de la confiance pour s\u2019autoriser le silence.<br><br>Lise&nbsp;: Je me suis aus\u00adsi beau\u00adcoup pos\u00e9e la ques\u00adtion de la fron\u00adti\u00e8re. Dans ma t\u00eate c\u2019\u00e9tait rec\u00adti\u00adligne. En fait, plein de formes. La fa\u00e7on dont tu la visualises\/per\u00e7ois joue sur la fa\u00e7on dont tu la tra\u00adverses. Existe-t-il une forme \u00e0&nbsp;la fron\u00adti\u00e8re&nbsp;? Com\u00adment cette forme joue sur nous&nbsp;?<br><br>Carole&nbsp;: Ce cadre de l\u2019espace sc\u00e9\u00adnique, je me suis vue le fran\u00adchir pour y&nbsp;entrer, pour en sor\u00adtir, \u00eatre dedans\/dehors, voir des dan\u00adseurs qui s\u2019en approchent et s\u2019en \u00e9loignent. Quel \u00e9change \u00e7a per\u00admet&nbsp;? Dan\u00adseuse qui roule d\u2019un bord \u00e0&nbsp;l\u2019autre. Je me suis sen\u00adtie dans un espace de choix, je me suis sen\u00adtie invi\u00adt\u00e9e \u00e0&nbsp;entrer mais je n\u2019y suis pas all\u00e9e. Quels espaces et mou\u00adve\u00adments sont cr\u00e9\u00e9s par les fron\u00adti\u00e8res&nbsp;?<br><br>Lise&nbsp;: Impres\u00adsion d\u2019une arti\u00adfi\u00adcia\u00adli\u00adt\u00e9 dans la mise en ques\u00adtion \u00e0&nbsp;cer\u00adtains moments. La rendre sys\u00adt\u00e9\u00adma\u00adtique me g\u00eane un peu. Ne peut-on pas par\u00adfois s\u2019arr\u00eater au constat&nbsp;?<br><br>Chris\u00adtian&nbsp;: Le pas\u00adsage du corps au men\u00adtal est une m\u00e9ta\u00admor\u00adphose pour laquelle cha\u00adcun a&nbsp;son rythme.<br><br>Lise&nbsp;: On a&nbsp;besoin du che\u00admin (cadre pour pen\u00adser) mais il ne faut pas non plus qu\u2019il soit enfer\u00admant.<br><br>Chris\u00adtian&nbsp;: Il faut pou\u00advoir trans\u00adgres\u00adser la r\u00e8gle.<br><br>Maga\u00adlie&nbsp;: La ques\u00adtion doit \u00eatre un outil et non une fin en soi.<br><br><i>Temps de danse 3&nbsp;: Her\u00adv\u00e9 tilte<\/i><br><br>Forum&nbsp;:<br><br>L\u00e9a&nbsp;: Le son tr\u00e8s d\u00e9sa\u00adgr\u00e9able de Chris\u00adtian pose la ques\u00adtion de ren\u00adtrer dans l\u2019espace sc\u00e9\u00adnique ou de res\u00adter \u00e0&nbsp;l\u2019ext\u00e9rieur. Jouer avec les sons, les accep\u00adter et les uti\u00adli\u00adser plu\u00adt\u00f4t que les subir. Ques\u00adtion de la pos\u00adture par rap\u00adport \u00e0&nbsp;son envi\u00adron\u00adne\u00adment&nbsp;: c\u2019est la puis\u00adsance d\u2019agir qui per\u00admet d\u2019impacter sur son envi\u00adron\u00adne\u00adment.<br><br>Maga\u00adlie&nbsp;: Besoin de mettre en mou\u00adve\u00adment le son d\u00e9sa\u00adgr\u00e9able.<br><br>Chris\u00adtian&nbsp;: La ques\u00adtion du sonore qui peut \u00eatre intru\u00adsif agr\u00e9able\/d\u00e9sagr\u00e9able. Quelle est la place du sonore par rap\u00adport aux dan\u00adseurs&nbsp;?<br><br>Marie&nbsp;: Les dan\u00adseurs pro\u00adduisent des petites formes dans une forme plus grande (musique). A&nbsp;fait des pho\u00adtos&nbsp;: rap\u00adport au sol et avec la lumi\u00e8re. L\u2019espace de la sc\u00e8ne ne la lib\u00e8re pas du tout donc elle va vers la pho\u00adto. L\u2019espace sc\u00e9\u00adnique est un lieu d\u2019inconfort mais aus\u00adsi de d\u00e9sir, pour se lib\u00e9\u00adrer. La fron\u00adti\u00e8re (scotch d\u00e9li\u00admi\u00adtant l\u2019espace sc\u00e9\u00adnique) est tr\u00e8s visible.<br><br>Lise&nbsp;: Com\u00adment ren\u00adtrer dans l\u2019espace sc\u00e9\u00adnique&nbsp;? A&nbsp;essay\u00e9 de res\u00adter entre les deux.<br><br>Carole&nbsp;: Glis\u00adse\u00adment de l\u2019espace int\u00e9\u00adrieur vers l\u2019espace ext\u00e9\u00adrieur.<br><br>Her\u00adv\u00e9&nbsp;: Pour\u00adquoi une bande de scotch au sol devient-elle un tel pro\u00adbl\u00e8me&nbsp;? Pour\u00adquoi la notion de fron\u00adti\u00e8re est-elle un pro\u00adbl\u00e8me&nbsp;?<br><br>L\u00e9a&nbsp;: La ques\u00adtion poli\u00adtique de la fron\u00adti\u00e8re.<br><br><i>Temps de danse 4&nbsp;: Carole tilte<\/i><br><br>Forum&nbsp;:<br><br>Her\u00adv\u00e9&nbsp;: J\u2019ai vou\u00adlu cas\u00adser les fron\u00adti\u00e8res. M\u00eame son de gre\u00adlots pro\u00adduits \u00e0&nbsp;l\u2019int\u00e9rieur et \u00e0&nbsp;l\u2019ext\u00e9rieur de la fron\u00adti\u00e8re. Pas de fron\u00adti\u00e8re en fait.<br>Com\u00adment je me mets des fron\u00adti\u00e8res&nbsp;?<br><br>Carole&nbsp;: J\u2019ai vu des attaques aux fron\u00adti\u00e8res, des fran\u00adchis\u00adse\u00adments, des d\u00e9man\u00adt\u00e8\u00adle\u00adments, des pas\u00adsages, des tra\u00adver\u00ads\u00e9es mais le mou\u00adve\u00adment n\u2019a pas \u00e9t\u00e9 jusqu\u2019\u00e0 la d\u00e9faire. Jusqu\u2019o\u00f9 va-t-elle pou\u00advoir se trans\u00adfor\u00admer&nbsp;? Va-t-elle conti\u00adnuer \u00e0&nbsp;exis\u00adter&nbsp;? Que per\u00admet cette fron\u00adti\u00e8re&nbsp;?<br><br>Maga\u00adlie&nbsp;: D\u00e9pas\u00adse\u00adment \u00e0&nbsp;tra\u00advers des glis\u00adse\u00adments, des enche\u00adv\u00ea\u00adtre\u00adments, des t\u00e2ton\u00adne\u00adments. Com\u00adment \u00e0&nbsp;tra\u00advers cer\u00adtains m\u00e9dias on p\u00e9n\u00e8tre les fron\u00adti\u00e8res des autres&nbsp;?<br><br>Ma\u00efa\u00adna&nbsp;: Ouvrir les fron\u00adti\u00e8res. Est-ce qu\u2019une fron\u00adti\u00e8re est for\u00adc\u00e9\u00adment mau\u00advaise&nbsp;? Est-ce qu\u2019elle peut per\u00admettre la ren\u00adcontre&nbsp;? His\u00adtoire indi\u00advi\u00adduelle et col\u00adlec\u00adtive. Est-ce que l\u2019acceptation de ses fron\u00adti\u00e8res et de celles des autres per\u00admet la ren\u00adcontre&nbsp;? Le pas\u00adsage aux mots m\u2019embrouille, je d\u00e9croche.<br><br>Lise&nbsp;: Je me deman\u00addais au d\u00e9but l\u2019utilit\u00e9 des temps de forum, impres\u00adsion qu\u2019ils pou\u00advaient cas\u00adser l\u2019\u00e9lan de la danse, un peu trop longs et avec le temps je me rends compte de ce que \u00e7a apporte dans le che\u00admi\u00adne\u00adment. Je repars dans l\u2019espace sc\u00e9\u00adnique avec une r\u00e9flexion qui se d\u00e9pose en moi et fait \u00e9vo\u00adluer ma fa\u00e7on de dan\u00adser et de per\u00adce\u00advoir.<br><br>L\u00e9a&nbsp;: besoin d\u2019exp\u00e9rimenter la fron\u00adti\u00e8re entre les corps&nbsp;: le mien et celui des autres.<br><br><i>Bilan de la jour\u00adn\u00e9e<\/i><br><br>Carole&nbsp;: les mots doivent res\u00adter pour moi de l\u2019ordre du po\u00e9\u00adtique pour lais\u00adser une ouver\u00adture sinon \u00e7a me fait d\u00e9cro\u00adcher.<br><br>Maga\u00adlie&nbsp;: Je suis d\u2019accord mais les mots sont utiles. Il faut res\u00adter dans l\u2019instant.<br><br>Her\u00adv\u00e9&nbsp;: Est-ce qu\u2019il faut se dis\u00adci\u00adpli\u00adner et s\u2019obliger \u00e0&nbsp;ne pas entrer dans l\u2019analytique&nbsp;?<br><br>Carole&nbsp;: Par\u00adfois \u00e7a per\u00admet de construire quelque chose par contre par\u00adfois \u00e7a ferme ce qui s\u2019est ouvert \u2192 sen\u00adti\u00adment d\u2019ins\u00e9curit\u00e9.<br><br>Lise&nbsp;: S\u2019il y&nbsp;a recherche de consen\u00adsus, on peut vivre \u00e7a comme quelque chose d\u2019enfermant, comme une v\u00e9ri\u00adt\u00e9 qu\u2019on ne peut pas contre\u00addire.<br><br>Chris\u00adtian&nbsp;: Acc\u00e9\u00adl\u00e9\u00adrer la cadence, trou\u00adver la dyna\u00admique, trou\u00adver un \u00e9qui\u00adlibre.<br><br>Carole&nbsp;: Par\u00adfois on se met \u00e0&nbsp;cher\u00adcher des r\u00e9ponses. Le cadre est fra\u00adgile parce que c\u2019est un fonc\u00adtion\u00adne\u00adment coop\u00e9\u00adra\u00adtif mais c\u2019est impor\u00adtant qu\u2019on en ait un.<br><br>Chris\u00adtian&nbsp;: L\u2019efficacit\u00e9 du cadre se mesure dans le temps, un cadre c\u2019est une ten\u00adta\u00adtive.<br><br>Carole&nbsp;: Se don\u00adner un cadre ensemble et le tenir ensemble. Qui tient le cadre&nbsp;? Qui peut le trans\u00adgres\u00adser&nbsp;?<br><br>Her\u00adv\u00e9&nbsp;: On tient le cadre ensemble mais cha\u00adcun \u00e0&nbsp;sa fa\u00e7on.<br><br>Marie&nbsp;: Accep\u00adter l\u2019informe.<br><br>Carole&nbsp;: Si c\u2019est trop informe, je ne pour\u00adrais pas suivre. Se don\u00adner une forme et apr\u00e8s on voit ce qu\u2019on bouge.<br><br>Lise&nbsp;: \u00c7a donne du sens au cadre de l\u2019interroger.<br><br>Ma\u00efa\u00adna&nbsp;: On a&nbsp;tous com\u00adpris des choses dif\u00adf\u00e9\u00adrentes du cadre. Il y&nbsp;a plein de ques\u00adtions sur les\u00adquelles on est pas au clair.<br><br>Marie&nbsp;: J\u2019ai la sen\u00adsa\u00adtion que la trans\u00admis\u00adsion a&nbsp;\u00e9t\u00e9 trop rapide, j\u2019aurai besoin de revoir Andr\u00e9ine.<br><br>Carole&nbsp;: Je trouve \u00e7a bien qu\u2019on cherche encore un peu sans&nbsp;elle.<\/p><p style=\"color:green; text-align:right !important;\">Article cr\u00e9\u00e9 le 16\/02\/2020<\/p>","protected":false},"excerpt":{"rendered":"<p>Danse forum\u2192 Comptes Ren\u00addus des Ate\u00adliers \u2192 Ille et Vilaine !!Fron\u00adti\u00e8res Vibra\u00adtions et glis\u00adse\u00adments \u2013 29\/10\/16 https:\/\/\u200bcol\u200blec\u200btif\u200bsans\u200btete\u200b.word\u200bpress\u200b.com\/\u200bf\u200br\u200bo\u200bn\u200bt\u200bi\u200be\u200br\u200be\u200bs\u200b-29 \u2013 10\u200a\u2013\u200a16\/ 29 octobre 14h30-18h30, MJC de Pac\u00e9, pr\u00e8s de Rennes. Etaient pr\u00e9\u00adsents&nbsp;: Carole, Chris\u00adtian, Her\u00adv\u00e9, L\u00e9a, Lise, Ma\u00efa\u00adna, Maga\u00adlie,&nbsp;Marie. R\u00e9dac\u00adtion de ce CR&nbsp;: L\u00e9a. Pr\u00e9\u00adsen\u00adta\u00adtion rapide de l\u2019histoire de la danse forum par Her\u00adv\u00e9 et L\u00e9a puis choix du th\u00e8me r\u00e9flexif. Pro\u00adpo\u00adsi\u00adtions&nbsp;: \u2013 D\u00e9ni \u2013 Fron\u00adti\u00e8res \u2013 Rythmie\/arythmie \u2013 D\u00e9ca\u00adlage \u2013 En dehors\/hors sys\u00adt\u00e8me \u2013 Rester\/quitter Choix du th\u00e8me r\u00e9flexif de&nbsp;: fron\u00adti\u00e8res Expli\u00adca\u00adtion&nbsp;de&nbsp;[\u2026]<\/p>\n","protected":false},"author":2,"featured_media":0,"comment_status":"open","ping_status":"open","sticky":false,"template":"","format":"standard","meta":{"wp_typography_post_enhancements_disabled":false,"footnotes":""},"categories":[181],"tags":[207],"class_list":["post-106","post","type-post","status-publish","format-standard","hentry","category-ateliers_ille-et-vilaine","tag-df_illeetvilaine"],"yoast_head":"<!-- This site is optimized with the Yoast SEO plugin v27.5 - https:\/\/yoast.com\/product\/yoast-seo-wordpress\/ -->\n<title>Danse forum - Fronti\u00e8res - Le TILT<\/title>\n<meta name=\"robots\" content=\"index, follow, max-snippet:-1, max-image-preview:large, max-video-preview:-1\" \/>\n<link rel=\"canonical\" href=\"https:\/\/www.leti.lt\/wordpress\/danseforum-frontieres\/\" \/>\n<meta property=\"og:locale\" content=\"fr_FR\" \/>\n<meta property=\"og:type\" content=\"article\" \/>\n<meta property=\"og:title\" content=\"Danse forum - Fronti\u00e8res - Le TILT\" \/>\n<meta property=\"og:description\" content=\"Danse forum\u2192 Comptes Ren\u00addus des Ate\u00adliers \u2192 Ille et Vilaine !!Fron\u00adti\u00e8res Vibra\u00adtions et glis\u00adse\u00adments \u2013 29\/10\/16 https:\/\/\u200bcol\u200blec\u200btif\u200bsans\u200btete\u200b.word\u200bpress\u200b.com\/\u200bf\u200br\u200bo\u200bn\u200bt\u200bi\u200be\u200br\u200be\u200bs\u200b-29\u200a\u2013\u200a10-16\/ 29 octobre 14h30-18h30, MJC de Pac\u00e9, pr\u00e8s de Rennes. Etaient pr\u00e9\u00adsents&nbsp;: Carole, Chris\u00adtian, Her\u00adv\u00e9, L\u00e9a, Lise, Ma\u00efa\u00adna, Maga\u00adlie,&nbsp;Marie. R\u00e9dac\u00adtion de ce CR&nbsp;: L\u00e9a. Pr\u00e9\u00adsen\u00adta\u00adtion rapide de l\u2019histoire de la danse forum par Her\u00adv\u00e9 et L\u00e9a puis choix du th\u00e8me r\u00e9flexif. Pro\u00adpo\u00adsi\u00adtions&nbsp;: - D\u00e9ni - Fron\u00adti\u00e8res - Rythmie\/arythmie - D\u00e9ca\u00adlage - En dehors\/hors syst\u00e8me - Rester\/quitter Choix du th\u00e8me r\u00e9flexif de&nbsp;: fron\u00adti\u00e8res Expli\u00adca\u00adtion de [&hellip;]\" \/>\n<meta property=\"og:url\" content=\"https:\/\/www.leti.lt\/wordpress\/danseforum-frontieres\/\" \/>\n<meta property=\"og:site_name\" content=\"Le TILT\" \/>\n<meta property=\"article:published_time\" content=\"2020-02-16T14:30:32+00:00\" \/>\n<meta name=\"author\" content=\"Andr\u00e9ine Bel\" \/>\n<meta name=\"twitter:card\" content=\"summary_large_image\" \/>\n<meta name=\"twitter:label1\" content=\"\u00c9crit par\" \/>\n\t<meta name=\"twitter:data1\" content=\"Andr\u00e9ine Bel\" \/>\n\t<meta name=\"twitter:label2\" content=\"Dur\u00e9e de lecture estim\u00e9e\" \/>\n\t<meta name=\"twitter:data2\" content=\"8 minutes\" \/>\n<script type=\"application\/ld+json\" class=\"yoast-schema-graph\">{\"@context\":\"https:\\\/\\\/schema.org\",\"@graph\":[{\"@type\":\"Article\",\"@id\":\"https:\\\/\\\/www.leti.lt\\\/wordpress\\\/danseforum-frontieres\\\/#article\",\"isPartOf\":{\"@id\":\"https:\\\/\\\/www.leti.lt\\\/wordpress\\\/danseforum-frontieres\\\/\"},\"author\":{\"name\":\"Andr\u00e9ine Bel\",\"@id\":\"https:\\\/\\\/www.leti.lt\\\/wordpress\\\/#\\\/schema\\\/person\\\/9bb307b2af8fbb575bb3603e57951f75\"},\"headline\":\"Danse forum \u2013 Fronti\u00e8res\",\"datePublished\":\"2020-02-16T14:30:32+00:00\",\"mainEntityOfPage\":{\"@id\":\"https:\\\/\\\/www.leti.lt\\\/wordpress\\\/danseforum-frontieres\\\/\"},\"wordCount\":1624,\"commentCount\":0,\"keywords\":[\"DF_IlleEtVilaine\"],\"articleSection\":[\"Ateliers Ille-et-Vilaine\"],\"inLanguage\":\"fr-FR\",\"potentialAction\":[{\"@type\":\"CommentAction\",\"name\":\"Comment\",\"target\":[\"https:\\\/\\\/www.leti.lt\\\/wordpress\\\/danseforum-frontieres\\\/#respond\"]}]},{\"@type\":\"WebPage\",\"@id\":\"https:\\\/\\\/www.leti.lt\\\/wordpress\\\/danseforum-frontieres\\\/\",\"url\":\"https:\\\/\\\/www.leti.lt\\\/wordpress\\\/danseforum-frontieres\\\/\",\"name\":\"Danse forum - Fronti\u00e8res - Le TILT\",\"isPartOf\":{\"@id\":\"https:\\\/\\\/www.leti.lt\\\/wordpress\\\/#website\"},\"datePublished\":\"2020-02-16T14:30:32+00:00\",\"author\":{\"@id\":\"https:\\\/\\\/www.leti.lt\\\/wordpress\\\/#\\\/schema\\\/person\\\/9bb307b2af8fbb575bb3603e57951f75\"},\"breadcrumb\":{\"@id\":\"https:\\\/\\\/www.leti.lt\\\/wordpress\\\/danseforum-frontieres\\\/#breadcrumb\"},\"inLanguage\":\"fr-FR\",\"potentialAction\":[{\"@type\":\"ReadAction\",\"target\":[\"https:\\\/\\\/www.leti.lt\\\/wordpress\\\/danseforum-frontieres\\\/\"]}]},{\"@type\":\"BreadcrumbList\",\"@id\":\"https:\\\/\\\/www.leti.lt\\\/wordpress\\\/danseforum-frontieres\\\/#breadcrumb\",\"itemListElement\":[{\"@type\":\"ListItem\",\"position\":1,\"name\":\"Accueil\",\"item\":\"https:\\\/\\\/www.leti.lt\\\/wordpress\\\/\"},{\"@type\":\"ListItem\",\"position\":2,\"name\":\"Danse forum \u2013 Fronti\u00e8res\"}]},{\"@type\":\"WebSite\",\"@id\":\"https:\\\/\\\/www.leti.lt\\\/wordpress\\\/#website\",\"url\":\"https:\\\/\\\/www.leti.lt\\\/wordpress\\\/\",\"name\":\"Le TILT\",\"description\":\"Recherche, publication, cr\u00e9ation artistique\",\"potentialAction\":[{\"@type\":\"SearchAction\",\"target\":{\"@type\":\"EntryPoint\",\"urlTemplate\":\"https:\\\/\\\/www.leti.lt\\\/wordpress\\\/?s={search_term_string}\"},\"query-input\":{\"@type\":\"PropertyValueSpecification\",\"valueRequired\":true,\"valueName\":\"search_term_string\"}}],\"inLanguage\":\"fr-FR\"},{\"@type\":\"Person\",\"@id\":\"https:\\\/\\\/www.leti.lt\\\/wordpress\\\/#\\\/schema\\\/person\\\/9bb307b2af8fbb575bb3603e57951f75\",\"name\":\"Andr\u00e9ine Bel\",\"image\":{\"@type\":\"ImageObject\",\"inLanguage\":\"fr-FR\",\"@id\":\"https:\\\/\\\/secure.gravatar.com\\\/avatar\\\/4ab041ec7c7ad3b90293023e86528ec1a700ce2971ff61811b2df6b288dd1f38?s=96&d=identicon&r=g\",\"url\":\"https:\\\/\\\/secure.gravatar.com\\\/avatar\\\/4ab041ec7c7ad3b90293023e86528ec1a700ce2971ff61811b2df6b288dd1f38?s=96&d=identicon&r=g\",\"contentUrl\":\"https:\\\/\\\/secure.gravatar.com\\\/avatar\\\/4ab041ec7c7ad3b90293023e86528ec1a700ce2971ff61811b2df6b288dd1f38?s=96&d=identicon&r=g\",\"caption\":\"Andr\u00e9ine Bel\"},\"url\":\"https:\\\/\\\/www.leti.lt\\\/wordpress\\\/author\\\/andreine\\\/\"}]}<\/script>\n<!-- \/ Yoast SEO plugin. -->","yoast_head_json":{"title":"Danse forum - Fronti\u00e8res - Le TILT","robots":{"index":"index","follow":"follow","max-snippet":"max-snippet:-1","max-image-preview":"max-image-preview:large","max-video-preview":"max-video-preview:-1"},"canonical":"https:\/\/www.leti.lt\/wordpress\/danseforum-frontieres\/","og_locale":"fr_FR","og_type":"article","og_title":"Danse forum - Fronti\u00e8res - Le TILT","og_description":"Danse forum\u2192 Comptes Ren\u00addus des Ate\u00adliers \u2192 Ille et Vilaine !!Fron\u00adti\u00e8res Vibra\u00adtions et glis\u00adse\u00adments \u2013 29\/10\/16 https:\/\/\u200bcol\u200blec\u200btif\u200bsans\u200btete\u200b.word\u200bpress\u200b.com\/\u200bf\u200br\u200bo\u200bn\u200bt\u200bi\u200be\u200br\u200be\u200bs\u200b-29\u200a\u2013\u200a10-16\/ 29 octobre 14h30-18h30, MJC de Pac\u00e9, pr\u00e8s de Rennes. Etaient pr\u00e9\u00adsents&nbsp;: Carole, Chris\u00adtian, Her\u00adv\u00e9, L\u00e9a, Lise, Ma\u00efa\u00adna, Maga\u00adlie,&nbsp;Marie. R\u00e9dac\u00adtion de ce CR&nbsp;: L\u00e9a. Pr\u00e9\u00adsen\u00adta\u00adtion rapide de l\u2019histoire de la danse forum par Her\u00adv\u00e9 et L\u00e9a puis choix du th\u00e8me r\u00e9flexif. Pro\u00adpo\u00adsi\u00adtions&nbsp;: - D\u00e9ni - Fron\u00adti\u00e8res - Rythmie\/arythmie - D\u00e9ca\u00adlage - En dehors\/hors syst\u00e8me - Rester\/quitter Choix du th\u00e8me r\u00e9flexif de&nbsp;: fron\u00adti\u00e8res Expli\u00adca\u00adtion de [&hellip;]","og_url":"https:\/\/www.leti.lt\/wordpress\/danseforum-frontieres\/","og_site_name":"Le TILT","article_published_time":"2020-02-16T14:30:32+00:00","author":"Andr\u00e9ine Bel","twitter_card":"summary_large_image","twitter_misc":{"\u00c9crit par":"Andr\u00e9ine Bel","Dur\u00e9e de lecture estim\u00e9e":"8 minutes"},"schema":{"@context":"https:\/\/schema.org","@graph":[{"@type":"Article","@id":"https:\/\/www.leti.lt\/wordpress\/danseforum-frontieres\/#article","isPartOf":{"@id":"https:\/\/www.leti.lt\/wordpress\/danseforum-frontieres\/"},"author":{"name":"Andr\u00e9ine Bel","@id":"https:\/\/www.leti.lt\/wordpress\/#\/schema\/person\/9bb307b2af8fbb575bb3603e57951f75"},"headline":"Danse forum \u2013 Fronti\u00e8res","datePublished":"2020-02-16T14:30:32+00:00","mainEntityOfPage":{"@id":"https:\/\/www.leti.lt\/wordpress\/danseforum-frontieres\/"},"wordCount":1624,"commentCount":0,"keywords":["DF_IlleEtVilaine"],"articleSection":["Ateliers Ille-et-Vilaine"],"inLanguage":"fr-FR","potentialAction":[{"@type":"CommentAction","name":"Comment","target":["https:\/\/www.leti.lt\/wordpress\/danseforum-frontieres\/#respond"]}]},{"@type":"WebPage","@id":"https:\/\/www.leti.lt\/wordpress\/danseforum-frontieres\/","url":"https:\/\/www.leti.lt\/wordpress\/danseforum-frontieres\/","name":"Danse forum - Fronti\u00e8res - Le TILT","isPartOf":{"@id":"https:\/\/www.leti.lt\/wordpress\/#website"},"datePublished":"2020-02-16T14:30:32+00:00","author":{"@id":"https:\/\/www.leti.lt\/wordpress\/#\/schema\/person\/9bb307b2af8fbb575bb3603e57951f75"},"breadcrumb":{"@id":"https:\/\/www.leti.lt\/wordpress\/danseforum-frontieres\/#breadcrumb"},"inLanguage":"fr-FR","potentialAction":[{"@type":"ReadAction","target":["https:\/\/www.leti.lt\/wordpress\/danseforum-frontieres\/"]}]},{"@type":"BreadcrumbList","@id":"https:\/\/www.leti.lt\/wordpress\/danseforum-frontieres\/#breadcrumb","itemListElement":[{"@type":"ListItem","position":1,"name":"Accueil","item":"https:\/\/www.leti.lt\/wordpress\/"},{"@type":"ListItem","position":2,"name":"Danse forum \u2013 Fronti\u00e8res"}]},{"@type":"WebSite","@id":"https:\/\/www.leti.lt\/wordpress\/#website","url":"https:\/\/www.leti.lt\/wordpress\/","name":"Le TILT","description":"Recherche, publication, cr\u00e9ation artistique","potentialAction":[{"@type":"SearchAction","target":{"@type":"EntryPoint","urlTemplate":"https:\/\/www.leti.lt\/wordpress\/?s={search_term_string}"},"query-input":{"@type":"PropertyValueSpecification","valueRequired":true,"valueName":"search_term_string"}}],"inLanguage":"fr-FR"},{"@type":"Person","@id":"https:\/\/www.leti.lt\/wordpress\/#\/schema\/person\/9bb307b2af8fbb575bb3603e57951f75","name":"Andr\u00e9ine Bel","image":{"@type":"ImageObject","inLanguage":"fr-FR","@id":"https:\/\/secure.gravatar.com\/avatar\/4ab041ec7c7ad3b90293023e86528ec1a700ce2971ff61811b2df6b288dd1f38?s=96&d=identicon&r=g","url":"https:\/\/secure.gravatar.com\/avatar\/4ab041ec7c7ad3b90293023e86528ec1a700ce2971ff61811b2df6b288dd1f38?s=96&d=identicon&r=g","contentUrl":"https:\/\/secure.gravatar.com\/avatar\/4ab041ec7c7ad3b90293023e86528ec1a700ce2971ff61811b2df6b288dd1f38?s=96&d=identicon&r=g","caption":"Andr\u00e9ine Bel"},"url":"https:\/\/www.leti.lt\/wordpress\/author\/andreine\/"}]}},"_links":{"self":[{"href":"https:\/\/www.leti.lt\/wordpress\/wp-json\/wp\/v2\/posts\/106","targetHints":{"allow":["GET"]}}],"collection":[{"href":"https:\/\/www.leti.lt\/wordpress\/wp-json\/wp\/v2\/posts"}],"about":[{"href":"https:\/\/www.leti.lt\/wordpress\/wp-json\/wp\/v2\/types\/post"}],"author":[{"embeddable":true,"href":"https:\/\/www.leti.lt\/wordpress\/wp-json\/wp\/v2\/users\/2"}],"replies":[{"embeddable":true,"href":"https:\/\/www.leti.lt\/wordpress\/wp-json\/wp\/v2\/comments?post=106"}],"version-history":[{"count":0,"href":"https:\/\/www.leti.lt\/wordpress\/wp-json\/wp\/v2\/posts\/106\/revisions"}],"wp:attachment":[{"href":"https:\/\/www.leti.lt\/wordpress\/wp-json\/wp\/v2\/media?parent=106"}],"wp:term":[{"taxonomy":"category","embeddable":true,"href":"https:\/\/www.leti.lt\/wordpress\/wp-json\/wp\/v2\/categories?post=106"},{"taxonomy":"post_tag","embeddable":true,"href":"https:\/\/www.leti.lt\/wordpress\/wp-json\/wp\/v2\/tags?post=106"}],"curies":[{"name":"wp","href":"https:\/\/api.w.org\/{rel}","templated":true}]}}