{"id":102,"date":"2020-02-16T15:30:31","date_gmt":"2020-02-16T14:30:31","guid":{"rendered":"https:\/\/www.leti.lt\/wordpress\/?p=102"},"modified":"-0001-11-30T00:00:00","modified_gmt":"-0001-11-29T22:00:00","slug":"danseforum-exterieurinterieur","status":"publish","type":"post","link":"https:\/\/www.leti.lt\/wordpress\/danseforum-exterieurinterieur\/","title":{"rendered":"Ext\u00e9rieur \u2013 Int\u00e9rieur"},"content":{"rendered":"<p><a href=\"https:\/\/www.leti.lt\/wordpress\/danseforum-danseforum\/\">Danse forum<\/a><br>\u2192 <a href=\"https:\/\/www.leti.lt\/wordpress\/danseforum-comptesrendusateliers\/\">Comptes-ren\u00addus des ate\u00adliers<\/a><br>\u2192 <a href=\"https:\/\/www.leti.lt\/wordpress\/danseforum-forcalquier\/\">For\u00adcal\u00adquier<\/a><br>\u2192 <a href=\"https:\/\/www.leti.lt\/wordpress\/danseforum-cyclesurlerrance\/\">Cycle sur le th\u00e8me de l\u2019errance<\/a><br><br>!!Ext\u00e9\u00adrieur-int\u00e9\u00adrieur, cycle sur le th\u00e8me de l\u2019errance \u2013 1<sup class=\"ordinal\">er<\/sup> mai 2011, For\u00adcal\u00adquier<br><br><br><br>Cet ate\u00adlier s\u2019inscrivait tou\u00adjours dans le cycle sur le th\u00e8me de l\u2019errance.<br><br>Nous \u00e9tions six et vou\u00adlions ini\u00adtia\u00adle\u00adment mon\u00adter sur les hau\u00adteurs de For\u00adcal\u00adquier pour dan\u00adser entre rochers, herbes folles et vent, mais jus\u00adte\u00adment ce der\u00adnier nous en a&nbsp;d\u00e9cou\u00adra\u00adg\u00e9, car trop fort, des nuages noirs-gris mena\u00ad\u00e7ants de se d\u00e9char\u00adger sur nous et nous avons donc opt\u00e9 pour la salle de danse de For\u00adcal\u00adquier. Mais oh sur\u00adprise, devant la salle, dans la cours qui nor\u00adma\u00adle\u00adment est peu\u00adpl\u00e9e de p\u00e9p\u00e8res joueurs de boules, se trou\u00advait un cirque \u00e9questre, Roma\u00adno Gra\u00ef, un petit cirque gitan de Volx. Notre ami Bo\u00ef, ses che\u00adva\u00adliers, acro\u00adbates et dan\u00adseuses com\u00admen\u00ad\u00e7aient leur spec\u00adtacle exac\u00adte\u00adment en m\u00eame temps que nous com\u00admen\u00adcions notre \u00e9chauf\u00adfe\u00adment \u00ab&nbsp;sen\u00adsible&nbsp;\u00bb, s\u00e9pa\u00adr\u00e9s par un seul mur de pierres et quelques fen\u00eatres. Eux sur un man\u00e8ge de sable, entou\u00adr\u00e9 de bottes de paille autour des\u00adquelles des tables et chaises avec un public nom\u00adbreux de grands et petits en effer\u00adves\u00adcence et nous sur notre sol en bois, \u00e9ten\u00addus, un peu dubi\u00adta\u00adtifs sur ce que \u00e7a pou\u00advait bien don\u00adner.<br><br>La musique fla\u00admen\u00adca et tzi\u00adgane sur\u00adpuis\u00adsantes et les paroles bien ampli\u00adfi\u00e9es de l\u2019animateur qui chauffe l\u2019ambiance au micro, les encou\u00adra\u00adge\u00adments et applau\u00addis\u00adse\u00adments du public et les trem\u00adble\u00adments du sol de par la musique et le trot des che\u00advaux enva\u00adhissent la place, la salle de danse, l\u2019aire, la ville enti\u00e8re. Une ker\u00admesse gitane comme on en trouve rare\u00adment. Com\u00adment se concen\u00adtrer sur ses sen\u00adsa\u00adtions toutes fines et intimes de notre fort int\u00e9\u00adrieur quand il y&nbsp;a un tour\u00adbillon ext\u00e9\u00adrieur qui nous aspire, nous happe avec cette puis\u00adsance&nbsp;? Bel exer\u00adcice&nbsp;! De taille&nbsp;!<br><br>Cer\u00adtains ont m\u00eame r\u00e9us\u00adsi \u00e0&nbsp;s\u2019endormir&nbsp;! D\u2019autres ont fait des voyages constants entre dehors-dedans, ont int\u00e9\u00adgr\u00e9 cer\u00adtaines vibra\u00adtions, des rythmes ou ont r\u00e9pon\u00addu avec des b\u00e2ille\u00adments hauts-et-forts \u00e0&nbsp;la musique ext\u00e9\u00adrieure. D\u2019autres avaient clai\u00adre\u00adment du mal \u00e0&nbsp;ne pas juste c\u00e9der au d\u00e9sir d\u2019aller voir (ou ont d\u2019ailleurs c\u00e9d\u00e9 par moments), ce qui \u00e9tait don\u00adn\u00e9 \u00e0&nbsp;voir et \u00e0&nbsp;entendre, ou m\u00eame de par\u00adtir dans la vire\u00advolte pro\u00adpo\u00ads\u00e9e par la musique. Rete\u00adnue jusqu\u2019\u00e0 presqu\u2019explosion, lutte, lacher-prise\u2026<br><br>Le th\u00e8me sen\u00adsi\u00adtif s\u2019imposait de lui m\u00eame&nbsp;: int\u00e9\u00adrieur-ext\u00e9\u00adrieur, inter\u00adface entre les deux, filtre \u2013 qu\u2019est-ce que je laisse entrer, qu\u2019est-ce qui reste dehors\u2026 c\u2019est quoi le dehors, le dedans\u2026 com\u00adment \u00e7a se m\u00e9lange, se d\u00e9par\u00adtage. Com\u00adment l\u2019ext\u00e9rieur me trans\u00adforme, ou pas.<br>Pile au moment o\u00f9 nous ter\u00admi\u00adnions l\u2019\u00e9chauffement, le spec\u00adtacle fou der\u00adri\u00e8re le mur-bor\u00addure s\u2019arr\u00eate, et nous on com\u00admence la danse. Para\u00addoxe. Plein-dehors, vide-dedans, vide-dehors, plein-dedans, ou pas \u2026 en tous les cas, la danse est par\u00adti de suite, tel\u00adle\u00adment nous avions emma\u00adga\u00adsi\u00adn\u00e9 de rythmes, de vibra\u00adtions, de joie. Pour, \u00e0&nbsp;d\u2019autre moments deve\u00adnir toute int\u00e9\u00adrieure, indi\u00advi\u00adduelle, ten\u00addue, puis se tra\u00admer vers des ren\u00adcontres for\u00adtuites, sur des niveaux dif\u00adf\u00e9\u00adrents d\u2019ext\u00e9riorit\u00e9. Deux per\u00adsonnes ne se l\u00e2chent plus des yeux, jouent avec, rient, tout en ne pas per\u00addant leur lien aux sen\u00adsa\u00adtions, se trouvent presque dans un \u00e9tat \u00ab&nbsp;mon\u00addain&nbsp;\u00bb (de ren\u00adcontre dans la rue) mais pas com\u00adpl\u00e8\u00adte\u00adment, puis d\u2019autres les tournent vers un autre \u00e9tat, les d\u00e9tournent de leur jeu. On d\u00e9couvre qu\u2019il y&nbsp;a plu\u00adsieurs ext\u00e9\u00adrieurs&nbsp;: celui juste de l\u2019autre c\u00f4t\u00e9 de ma peau, celui qu\u2019on peut atteindre avec notre regard, celui qui rentre par mes oreilles dans mon int\u00e9\u00adrieur, celui sur la sc\u00e8ne, un peu plus loin, celui de l\u2019autre c\u00f4t\u00e9 de la sc\u00e8ne, de la bor\u00addure, celui der\u00adri\u00e8re le mur de la salle, dans la cour o\u00f9 les gitans plient des tables, rangent leur mar\u00admite gigan\u00adtesque et \u00e7a sent le crot\u00adtin de che\u00adval. Un oignon avec des peaux mul\u00adtiples, du coup un ext\u00e9\u00adrieur peut en cacher un autre, plus ext\u00e9\u00adrieur\u2026 du coup o\u00f9 \u00e7a com\u00admence, o\u00f9 \u00e7a s\u2019arr\u00eate&nbsp;? La fron\u00adti\u00e8re bouge, se trans\u00adforme, danse, les ext\u00e9\u00adrieurs plus proches se trans\u00adforment en int\u00e9\u00adrieurs et vice-ver\u00adsa. Et pour\u00adtant, je sens un noyau pul\u00adser, un mou\u00adve\u00adment na\u00eetre qui vient de tout dedans, il s\u2019\u00e9chappe prend la route, est attra\u00adp\u00e9 par mon voi\u00adsin qui le trans\u00adforme, le d\u00e9core d\u2019un mot, le l\u00e2che dans l\u2019espace et hop, il se perd dans le sable du man\u00e8ge \u2026 Che\u00admins, croi\u00adse\u00adments, ver\u00adrous, portes, fen\u00eatres qui s\u2019ouvrent, se ferment, s\u2019ouvrent, se ferment\u2026 murs qui deviennent poreux, vitres qui laissent pas\u00adser non seule\u00adment la lumi\u00e8re, corps qui n\u2019ont plus leur limite de peaux, \u2026 tou\u00adch\u00e9s au fond\u2026<br><br>Trois magni\u00adfiques impro\u00advi\u00adsa\u00adtions, tr\u00e8s dif\u00adf\u00e9\u00adrentes les unes des autres, avec beau\u00adcoup de po\u00e9\u00adsie, lue et dan\u00ads\u00e9e, de la musique faites par nos bouches, nos souffles, nos pieds sur le sol, le grin\u00adce\u00adment du der\u00adnier, nos cris, nos mains, un tam\u00adbour, des chu\u00adcho\u00adte\u00adments, Maria Cal\u00adlas, Ghost Dog, Cor\u00adsi\u00adca Sacra \u2026 une pure joie de se trou\u00adver \u00e0&nbsp;dan\u00adser pour noyer cet oc\u00e9an de larmes qu\u2019est le monde des sir\u00e8nes et bom\u00adbar\u00adde\u00adments, au moment o\u00f9 les ceri\u00adsiers sont en train de pas\u00adser des fleurs aux fruits ici et au Japon aus\u00adsi. Mer\u00adci \u00e0&nbsp;la vie, \u00e0&nbsp;tous et toutes, \u00e0&nbsp;Bo\u00ef, ses artistes et ses che\u00advaux\u2026<br><br>Johan\u00adna Bouchardeau<\/p><p style=\"color:green; text-align:right !important;\">Article cr\u00e9\u00e9 le 16\/02\/2020<\/p>","protected":false},"excerpt":{"rendered":"<p>Danse forum\u2192 Comptes-ren\u00ad\u00addus des ate\u00adliers\u2192 For\u00adcal\u00adquier\u2192 Cycle sur le th\u00e8me de l\u2019errance !!Ext\u00e9\u00ad\u00adrieur-int\u00e9\u00ad\u00adrieur, cycle sur le th\u00e8me de l\u2019errance \u2013 1<sup class=\"ordinal\">er<\/sup> mai 2011, For\u00adcal\u00adquier Cet ate\u00adlier s\u2019inscrivait tou\u00adjours dans le cycle sur le th\u00e8me de l\u2019errance. Nous \u00e9tions six et vou\u00adlions ini\u00adtia\u00adle\u00adment mon\u00adter sur les hau\u00adteurs de For\u00adcal\u00adquier pour dan\u00adser entre rochers, herbes folles et vent, mais jus\u00adte\u00adment ce der\u00adnier nous en a&nbsp;d\u00e9cou\u00adra\u00adg\u00e9, car trop fort, des nuages noirs-gris mena\u00ad\u00e7ants de se d\u00e9char\u00adger sur nous et nous avons donc&nbsp;opt\u00e9&nbsp;[\u2026]<\/p>\n","protected":false},"author":2,"featured_media":0,"comment_status":"open","ping_status":"open","sticky":false,"template":"","format":"standard","meta":{"wp_typography_post_enhancements_disabled":false,"footnotes":""},"categories":[137],"tags":[211],"class_list":["post-102","post","type-post","status-publish","format-standard","hentry","category-cycle_sur_l_errance","tag-df_cyclesurlerrance"],"yoast_head":"<!-- This site is optimized with the Yoast SEO plugin v27.5 - https:\/\/yoast.com\/product\/yoast-seo-wordpress\/ -->\n<title>Ext\u00e9rieur - Int\u00e9rieur - Le TILT<\/title>\n<meta name=\"robots\" content=\"index, follow, max-snippet:-1, max-image-preview:large, max-video-preview:-1\" \/>\n<link rel=\"canonical\" href=\"https:\/\/www.leti.lt\/wordpress\/danseforum-exterieurinterieur\/\" \/>\n<meta property=\"og:locale\" content=\"fr_FR\" \/>\n<meta property=\"og:type\" content=\"article\" \/>\n<meta property=\"og:title\" content=\"Ext\u00e9rieur - Int\u00e9rieur - Le TILT\" \/>\n<meta property=\"og:description\" content=\"Danse forum\u2192 Comptes-ren\u00addus des ate\u00adliers\u2192 For\u00adcal\u00adquier\u2192 Cycle sur le th\u00e8me de l\u2019errance !!Ext\u00e9\u00adrieur-int\u00e9\u00adrieur, cycle sur le th\u00e8me de l\u2019errance \u2013 1er mai 2011, Forcalquier Cet ate\u00adlier s\u2019inscrivait tou\u00adjours dans le cycle sur le th\u00e8me de l\u2019errance. Nous \u00e9tions six et vou\u00adlions ini\u00adtia\u00adle\u00adment mon\u00adter sur les hau\u00adteurs de For\u00adcal\u00adquier pour dan\u00adser entre rochers, herbes folles et vent, mais jus\u00adte\u00adment ce der\u00adnier nous en a&nbsp;d\u00e9cou\u00adra\u00adg\u00e9, car trop fort, des nuages noirs-gris mena\u00ad\u00e7ants de se d\u00e9char\u00adger sur nous et nous avons donc opt\u00e9 [&hellip;]\" \/>\n<meta property=\"og:url\" content=\"https:\/\/www.leti.lt\/wordpress\/danseforum-exterieurinterieur\/\" \/>\n<meta property=\"og:site_name\" content=\"Le TILT\" \/>\n<meta property=\"article:published_time\" content=\"2020-02-16T14:30:31+00:00\" \/>\n<meta name=\"author\" content=\"Andr\u00e9ine Bel\" \/>\n<meta name=\"twitter:card\" content=\"summary_large_image\" \/>\n<meta name=\"twitter:label1\" content=\"\u00c9crit par\" \/>\n\t<meta name=\"twitter:data1\" content=\"Andr\u00e9ine Bel\" \/>\n\t<meta name=\"twitter:label2\" content=\"Dur\u00e9e de lecture estim\u00e9e\" \/>\n\t<meta name=\"twitter:data2\" content=\"5 minutes\" \/>\n<script type=\"application\/ld+json\" class=\"yoast-schema-graph\">{\"@context\":\"https:\\\/\\\/schema.org\",\"@graph\":[{\"@type\":\"Article\",\"@id\":\"https:\\\/\\\/www.leti.lt\\\/wordpress\\\/danseforum-exterieurinterieur\\\/#article\",\"isPartOf\":{\"@id\":\"https:\\\/\\\/www.leti.lt\\\/wordpress\\\/danseforum-exterieurinterieur\\\/\"},\"author\":{\"name\":\"Andr\u00e9ine Bel\",\"@id\":\"https:\\\/\\\/www.leti.lt\\\/wordpress\\\/#\\\/schema\\\/person\\\/9bb307b2af8fbb575bb3603e57951f75\"},\"headline\":\"Ext\u00e9rieur \u2013 Int\u00e9rieur\",\"datePublished\":\"2020-02-16T14:30:31+00:00\",\"mainEntityOfPage\":{\"@id\":\"https:\\\/\\\/www.leti.lt\\\/wordpress\\\/danseforum-exterieurinterieur\\\/\"},\"wordCount\":924,\"commentCount\":0,\"keywords\":[\"DF_CycleSurLerrance\"],\"articleSection\":[\"Cycle sur l\u2019errance\"],\"inLanguage\":\"fr-FR\",\"potentialAction\":[{\"@type\":\"CommentAction\",\"name\":\"Comment\",\"target\":[\"https:\\\/\\\/www.leti.lt\\\/wordpress\\\/danseforum-exterieurinterieur\\\/#respond\"]}]},{\"@type\":\"WebPage\",\"@id\":\"https:\\\/\\\/www.leti.lt\\\/wordpress\\\/danseforum-exterieurinterieur\\\/\",\"url\":\"https:\\\/\\\/www.leti.lt\\\/wordpress\\\/danseforum-exterieurinterieur\\\/\",\"name\":\"Ext\u00e9rieur - Int\u00e9rieur - Le TILT\",\"isPartOf\":{\"@id\":\"https:\\\/\\\/www.leti.lt\\\/wordpress\\\/#website\"},\"datePublished\":\"2020-02-16T14:30:31+00:00\",\"author\":{\"@id\":\"https:\\\/\\\/www.leti.lt\\\/wordpress\\\/#\\\/schema\\\/person\\\/9bb307b2af8fbb575bb3603e57951f75\"},\"breadcrumb\":{\"@id\":\"https:\\\/\\\/www.leti.lt\\\/wordpress\\\/danseforum-exterieurinterieur\\\/#breadcrumb\"},\"inLanguage\":\"fr-FR\",\"potentialAction\":[{\"@type\":\"ReadAction\",\"target\":[\"https:\\\/\\\/www.leti.lt\\\/wordpress\\\/danseforum-exterieurinterieur\\\/\"]}]},{\"@type\":\"BreadcrumbList\",\"@id\":\"https:\\\/\\\/www.leti.lt\\\/wordpress\\\/danseforum-exterieurinterieur\\\/#breadcrumb\",\"itemListElement\":[{\"@type\":\"ListItem\",\"position\":1,\"name\":\"Accueil\",\"item\":\"https:\\\/\\\/www.leti.lt\\\/wordpress\\\/\"},{\"@type\":\"ListItem\",\"position\":2,\"name\":\"Ext\u00e9rieur \u2013 Int\u00e9rieur\"}]},{\"@type\":\"WebSite\",\"@id\":\"https:\\\/\\\/www.leti.lt\\\/wordpress\\\/#website\",\"url\":\"https:\\\/\\\/www.leti.lt\\\/wordpress\\\/\",\"name\":\"Le TILT\",\"description\":\"Recherche, publication, cr\u00e9ation artistique\",\"potentialAction\":[{\"@type\":\"SearchAction\",\"target\":{\"@type\":\"EntryPoint\",\"urlTemplate\":\"https:\\\/\\\/www.leti.lt\\\/wordpress\\\/?s={search_term_string}\"},\"query-input\":{\"@type\":\"PropertyValueSpecification\",\"valueRequired\":true,\"valueName\":\"search_term_string\"}}],\"inLanguage\":\"fr-FR\"},{\"@type\":\"Person\",\"@id\":\"https:\\\/\\\/www.leti.lt\\\/wordpress\\\/#\\\/schema\\\/person\\\/9bb307b2af8fbb575bb3603e57951f75\",\"name\":\"Andr\u00e9ine Bel\",\"image\":{\"@type\":\"ImageObject\",\"inLanguage\":\"fr-FR\",\"@id\":\"https:\\\/\\\/secure.gravatar.com\\\/avatar\\\/4ab041ec7c7ad3b90293023e86528ec1a700ce2971ff61811b2df6b288dd1f38?s=96&d=identicon&r=g\",\"url\":\"https:\\\/\\\/secure.gravatar.com\\\/avatar\\\/4ab041ec7c7ad3b90293023e86528ec1a700ce2971ff61811b2df6b288dd1f38?s=96&d=identicon&r=g\",\"contentUrl\":\"https:\\\/\\\/secure.gravatar.com\\\/avatar\\\/4ab041ec7c7ad3b90293023e86528ec1a700ce2971ff61811b2df6b288dd1f38?s=96&d=identicon&r=g\",\"caption\":\"Andr\u00e9ine Bel\"},\"url\":\"https:\\\/\\\/www.leti.lt\\\/wordpress\\\/author\\\/andreine\\\/\"}]}<\/script>\n<!-- \/ Yoast SEO plugin. -->","yoast_head_json":{"title":"Ext\u00e9rieur - Int\u00e9rieur - Le TILT","robots":{"index":"index","follow":"follow","max-snippet":"max-snippet:-1","max-image-preview":"max-image-preview:large","max-video-preview":"max-video-preview:-1"},"canonical":"https:\/\/www.leti.lt\/wordpress\/danseforum-exterieurinterieur\/","og_locale":"fr_FR","og_type":"article","og_title":"Ext\u00e9rieur - Int\u00e9rieur - Le TILT","og_description":"Danse forum\u2192 Comptes-ren\u00addus des ate\u00adliers\u2192 For\u00adcal\u00adquier\u2192 Cycle sur le th\u00e8me de l\u2019errance !!Ext\u00e9\u00adrieur-int\u00e9\u00adrieur, cycle sur le th\u00e8me de l\u2019errance \u2013 1er mai 2011, Forcalquier Cet ate\u00adlier s\u2019inscrivait tou\u00adjours dans le cycle sur le th\u00e8me de l\u2019errance. Nous \u00e9tions six et vou\u00adlions ini\u00adtia\u00adle\u00adment mon\u00adter sur les hau\u00adteurs de For\u00adcal\u00adquier pour dan\u00adser entre rochers, herbes folles et vent, mais jus\u00adte\u00adment ce der\u00adnier nous en a&nbsp;d\u00e9cou\u00adra\u00adg\u00e9, car trop fort, des nuages noirs-gris mena\u00ad\u00e7ants de se d\u00e9char\u00adger sur nous et nous avons donc opt\u00e9 [&hellip;]","og_url":"https:\/\/www.leti.lt\/wordpress\/danseforum-exterieurinterieur\/","og_site_name":"Le TILT","article_published_time":"2020-02-16T14:30:31+00:00","author":"Andr\u00e9ine Bel","twitter_card":"summary_large_image","twitter_misc":{"\u00c9crit par":"Andr\u00e9ine Bel","Dur\u00e9e de lecture estim\u00e9e":"5 minutes"},"schema":{"@context":"https:\/\/schema.org","@graph":[{"@type":"Article","@id":"https:\/\/www.leti.lt\/wordpress\/danseforum-exterieurinterieur\/#article","isPartOf":{"@id":"https:\/\/www.leti.lt\/wordpress\/danseforum-exterieurinterieur\/"},"author":{"name":"Andr\u00e9ine Bel","@id":"https:\/\/www.leti.lt\/wordpress\/#\/schema\/person\/9bb307b2af8fbb575bb3603e57951f75"},"headline":"Ext\u00e9rieur \u2013 Int\u00e9rieur","datePublished":"2020-02-16T14:30:31+00:00","mainEntityOfPage":{"@id":"https:\/\/www.leti.lt\/wordpress\/danseforum-exterieurinterieur\/"},"wordCount":924,"commentCount":0,"keywords":["DF_CycleSurLerrance"],"articleSection":["Cycle sur l\u2019errance"],"inLanguage":"fr-FR","potentialAction":[{"@type":"CommentAction","name":"Comment","target":["https:\/\/www.leti.lt\/wordpress\/danseforum-exterieurinterieur\/#respond"]}]},{"@type":"WebPage","@id":"https:\/\/www.leti.lt\/wordpress\/danseforum-exterieurinterieur\/","url":"https:\/\/www.leti.lt\/wordpress\/danseforum-exterieurinterieur\/","name":"Ext\u00e9rieur - Int\u00e9rieur - Le TILT","isPartOf":{"@id":"https:\/\/www.leti.lt\/wordpress\/#website"},"datePublished":"2020-02-16T14:30:31+00:00","author":{"@id":"https:\/\/www.leti.lt\/wordpress\/#\/schema\/person\/9bb307b2af8fbb575bb3603e57951f75"},"breadcrumb":{"@id":"https:\/\/www.leti.lt\/wordpress\/danseforum-exterieurinterieur\/#breadcrumb"},"inLanguage":"fr-FR","potentialAction":[{"@type":"ReadAction","target":["https:\/\/www.leti.lt\/wordpress\/danseforum-exterieurinterieur\/"]}]},{"@type":"BreadcrumbList","@id":"https:\/\/www.leti.lt\/wordpress\/danseforum-exterieurinterieur\/#breadcrumb","itemListElement":[{"@type":"ListItem","position":1,"name":"Accueil","item":"https:\/\/www.leti.lt\/wordpress\/"},{"@type":"ListItem","position":2,"name":"Ext\u00e9rieur \u2013 Int\u00e9rieur"}]},{"@type":"WebSite","@id":"https:\/\/www.leti.lt\/wordpress\/#website","url":"https:\/\/www.leti.lt\/wordpress\/","name":"Le TILT","description":"Recherche, publication, cr\u00e9ation artistique","potentialAction":[{"@type":"SearchAction","target":{"@type":"EntryPoint","urlTemplate":"https:\/\/www.leti.lt\/wordpress\/?s={search_term_string}"},"query-input":{"@type":"PropertyValueSpecification","valueRequired":true,"valueName":"search_term_string"}}],"inLanguage":"fr-FR"},{"@type":"Person","@id":"https:\/\/www.leti.lt\/wordpress\/#\/schema\/person\/9bb307b2af8fbb575bb3603e57951f75","name":"Andr\u00e9ine Bel","image":{"@type":"ImageObject","inLanguage":"fr-FR","@id":"https:\/\/secure.gravatar.com\/avatar\/4ab041ec7c7ad3b90293023e86528ec1a700ce2971ff61811b2df6b288dd1f38?s=96&d=identicon&r=g","url":"https:\/\/secure.gravatar.com\/avatar\/4ab041ec7c7ad3b90293023e86528ec1a700ce2971ff61811b2df6b288dd1f38?s=96&d=identicon&r=g","contentUrl":"https:\/\/secure.gravatar.com\/avatar\/4ab041ec7c7ad3b90293023e86528ec1a700ce2971ff61811b2df6b288dd1f38?s=96&d=identicon&r=g","caption":"Andr\u00e9ine Bel"},"url":"https:\/\/www.leti.lt\/wordpress\/author\/andreine\/"}]}},"_links":{"self":[{"href":"https:\/\/www.leti.lt\/wordpress\/wp-json\/wp\/v2\/posts\/102","targetHints":{"allow":["GET"]}}],"collection":[{"href":"https:\/\/www.leti.lt\/wordpress\/wp-json\/wp\/v2\/posts"}],"about":[{"href":"https:\/\/www.leti.lt\/wordpress\/wp-json\/wp\/v2\/types\/post"}],"author":[{"embeddable":true,"href":"https:\/\/www.leti.lt\/wordpress\/wp-json\/wp\/v2\/users\/2"}],"replies":[{"embeddable":true,"href":"https:\/\/www.leti.lt\/wordpress\/wp-json\/wp\/v2\/comments?post=102"}],"version-history":[{"count":0,"href":"https:\/\/www.leti.lt\/wordpress\/wp-json\/wp\/v2\/posts\/102\/revisions"}],"wp:attachment":[{"href":"https:\/\/www.leti.lt\/wordpress\/wp-json\/wp\/v2\/media?parent=102"}],"wp:term":[{"taxonomy":"category","embeddable":true,"href":"https:\/\/www.leti.lt\/wordpress\/wp-json\/wp\/v2\/categories?post=102"},{"taxonomy":"post_tag","embeddable":true,"href":"https:\/\/www.leti.lt\/wordpress\/wp-json\/wp\/v2\/tags?post=102"}],"curies":[{"name":"wp","href":"https:\/\/api.w.org\/{rel}","templated":true}]}}