{"id":100,"date":"2020-02-16T15:30:31","date_gmt":"2020-02-16T14:30:31","guid":{"rendered":"https:\/\/www.leti.lt\/wordpress\/?p=100"},"modified":"-0001-11-30T00:00:00","modified_gmt":"-0001-11-29T22:00:00","slug":"danseforum-eveildessensations","status":"publish","type":"post","link":"https:\/\/www.leti.lt\/wordpress\/danseforum-eveildessensations\/","title":{"rendered":"\u00c9veil des sensations"},"content":{"rendered":"<p><a href=\"https:\/\/www.leti.lt\/wordpress\/danseforum-danseforum\/\">Danse forum<\/a><br>\u2192 <a href=\"https:\/\/www.leti.lt\/wordpress\/danseforum-terminologie\/\">Ter\u00admi\u00adno\u00adlo\u00adgie<\/a><br><br>!!\u00abEveil des sen\u00adsa\u00adtions\u00ab<br><br><br>&nbsp;Mes\u00adsage de Nadine puis Andr\u00e9ine&nbsp;:<br><br>Bon\u00adjour,<br><br>A y&nbsp;r\u00e9fl\u00e9\u00adchir, je suis en accord avec le paral\u00adl\u00e8le que fait Andr\u00e9ine entre \u00ab&nbsp;l\u2019\u00e9veil des muscles&nbsp;\u00bb et le fait de se relier \u00e0&nbsp;ses sen\u00adsa\u00adtions.<br><br>Mais il me semble que ce n\u2019est pas une bonne id\u00e9e de l\u2019appeler \u00ab&nbsp;l\u2019\u00e9veil des sen\u00adsa\u00adtions&nbsp;\u00bb&nbsp;; en tous cas je m\u2019interroge.<br><br>Sou\u00advent on me ren\u00advoie l\u2019id\u00e9e que la danse forum est une forme de d\u00e9ve\u00adlop\u00adpe\u00adment per\u00adson\u00adnel. Nous n\u2019en avons pas fini avec cela. Je pense qu\u2019il nous faut avoir en t\u00eate cet amal\u00adgame cou\u00adrant (ain\u00adsi que celui avec la danse th\u00e9\u00adra\u00adpie) dans le choix de notre voca\u00adbu\u00adlaire.<br><br>Nous avions d\u00e9j\u00e0 par\u00adl\u00e9 de l\u2019ambigu\u00eft\u00e9 du mot \u00ab&nbsp;sen\u00adsa\u00adtion&nbsp;\u00bb, dans un \u00e9change en mars 2007. Nous avons quelque chose \u00e0&nbsp;d\u00e9fendre dans le fait d\u2019utiliser ce mot, et de n\u2019avoir de cesse de le rame\u00adner sur le plan\u00adcher des vaches, car cela nous est n\u00e9ces\u00adsaire, \u00e0&nbsp;nous, \u00e0&nbsp;la danse forum, et \u00e0&nbsp;notre recherche en danse.<br><br>Mal\u00adheu\u00adreu\u00adse\u00adment, le mot \u00ab&nbsp;\u00e9veil&nbsp;\u00bb est lui aus\u00adsi ambi\u00adgu. Il \u00e9voque une carte pos\u00adtale de lever de soleil envoy\u00e9 du Nou\u00advel Age\u2026<br><br>Dans \u00ab&nbsp;\u00e9veil des muscles&nbsp;\u00bb, le mot muscles \u00e9voque le phy\u00adsique&nbsp;; asso\u00adci\u00e9 au mot \u00e9veil, ce der\u00adnier en devient plus modeste.<br><br>Dans \u00ab&nbsp;\u00e9veil des sen\u00adsa\u00adtions&nbsp;\u00bb au contraire, les mots \u00e9veil et sen\u00adsa\u00adtions se gonflent l\u2019un l\u2019autre&nbsp;; \u00e0&nbsp;nous apr\u00e8s de faire tout le bou\u00adlot de d\u00e9gon\u00adflage\u2026<br><br>Je pense qu\u2019on ne peut pas s\u2019approprier une pra\u00adtique sans son voca\u00adbu\u00adlaire. Or, je crains que \u00ab&nbsp;\u00e9veil des sen\u00adsa\u00adtions&nbsp;\u00bb ne soit jamais appro\u00adpri\u00e9 par toute une cat\u00e9\u00adgo\u00adrie de per\u00adsonne qui se tiennent volon\u00adtai\u00adre\u00adment \u00e9loi\u00adgn\u00e9s de la sph\u00e8re du d\u00e9ve\u00adlop\u00adpe\u00adment per\u00adson\u00adnel.<br><br>Ce voi\u00adsi\u00adnage est par\u00adfois incon\u00adtour\u00adnable, et c\u2019est alors un acte poli\u00adtique&nbsp;: nous reven\u00addi\u00adquons d\u2019utiliser le mot sen\u00adsa\u00adtion pour dire ce que nous vou\u00adlons, et que nous pen\u00adsons juste. Nous pre\u00adnons le \u00ab&nbsp;risque de faire rica\u00adner* \u00bb.( Isa\u00adbelle Sten\u00adgers \u00e0&nbsp;pro\u00adpos de Star\u00adwahk, cit\u00e9e par Mona Cho\u00adlet dans son article \u00ab&nbsp;Quit\u00adter le terre ferme des cer\u00adti\u00adtudes&nbsp;\u00bb http:\/\/\u200bwww\u200b.per\u200biphe\u200bries\u200b.net\/\u200ba\u200br\u200bt\u200bi\u200bc\u200bl\u200be\u200b2\u200b1\u200b5\u200b.\u200bh\u200btml)<br><br>Est-il n\u00e9ces\u00adsaire de nom\u00admer ce moment de la pra\u00adtique qu\u2019est le fait de se relier \u00e0&nbsp;nos sen\u00adsa\u00adtions&nbsp;?<br><br>Si oui, est-ce vrai\u00adment comme cela que nous vou\u00adlons le nom\u00admer&nbsp;?<br><br>Est-ce que nous avons quelque chose \u00e0&nbsp;d\u00e9fendre, de l\u2019ordre de la r\u00e9ap\u00adpro\u00adpria\u00adtion, dans le fait d\u2019utiliser ces mots-l\u00e0 pr\u00e9\u00adci\u00ads\u00e9\u00adment&nbsp;?<br><br>Voi\u00adl\u00e0 les ques\u00adtions que je me pose. Je pense qu\u2019on doit se les poser pour \u00e9la\u00adbo\u00adrer notre voca\u00adbu\u00adlaire en toute conscience et connais\u00adsance de causes et cons\u00e9\u00adquences&nbsp;!<br><br>Bien \u00e0&nbsp;vous tous et toutes,<br><br>Nadine Gar\u00add\u00e8res<br><br>\u2014\u2013<br><br>Bon\u00adjour \u00e0&nbsp;tous,<br><br>Je suis all\u00e9e sur google pour voir dans quels contextes l\u2019expression \u00ab&nbsp;\u00e9veil des sen\u00adsa\u00adtions&nbsp;\u00bb est uti\u00adli\u00ads\u00e9e aujourd\u2019hui. Il y&nbsp;a une mul\u00adti\u00adtude de contextes, entre autres&nbsp;: l\u2019\u00e9ducation des b\u00e9b\u00e9s et des enfants, r\u00e9\u00e9du\u00adca\u00adtion des han\u00addi\u00adca\u00adp\u00e9s, sophro\u00adlo\u00adgie, sexo\u00adlo\u00adgie, phi\u00adlo\u00adso\u00adphie (Tam\u00e0s Ullman).Pour les fleu\u00adristes, les ins\u00adti\u00adtuts de beau\u00adt\u00e9 et de relaxa\u00adtion\/\u00adbien-\u00eatre, c\u2019est plu\u00adt\u00f4t \u00ab&nbsp;d\u2019\u00e9veil des sens&nbsp;\u00bb qu\u2019il est ques\u00adtion.<br><br>De tout cela, on peut d\u00e9duire, il me semble, que l\u2019expression n\u2019est pas mono\u00adpo\u00adli\u00ads\u00e9e par le d\u00e9ve\u00adlop\u00adpe\u00adment per\u00adson\u00adnel ou le New Age, et qu\u2019elle se rap\u00adproche plus d\u2019un terme g\u00e9n\u00e9\u00adrique.<br><br>N\u00e9an\u00admoins, l\u2019amalgame reste tou\u00adjours pos\u00adsible, \u00e0&nbsp;nous de voir si nous avons les moyens d\u2019y faire face ou non.<br><br>L\u2019avantage que je vois \u00e0 \u00ab&nbsp;l\u2019\u00e9veil des sen\u00adsa\u00adtions&nbsp;\u00bb, par rap\u00adport \u00e0 \u00ab&nbsp;l\u2019\u00e9chauffement sen\u00adsible&nbsp;\u00bb, qui me semble bien conve\u00adnir par ailleurs, c\u2019est que \u00ab&nbsp;l\u2019\u00e9veil des sen\u00adsa\u00adtions&nbsp;\u00bb fait pen\u00addant ou \u00e9cho \u00e0 \u00ab&nbsp;l\u2019\u00e9veil mus\u00adcu\u00adlaire&nbsp;\u00bb, dans la pra\u00adtique qui est la notre.<br><br>Les deux \u00e9veils sont tr\u00e8s proches dans leurs don\u00adn\u00e9es (accueil incon\u00addi\u00adtion\u00adnel, spon\u00adta\u00adn\u00e9i\u00adt\u00e9 du mou\u00adve\u00adment etc.), tout en \u00e9tant oppo\u00ads\u00e9s dans leur dyna\u00admique (du glo\u00adbal vers le par\u00adti\u00adcu\u00adlier, ou du par\u00adti\u00adcu\u00adlier vers le glo\u00adbal), et l\u2019un aide \u00e0&nbsp;com\u00adprendre l\u2019autre, dans leur com\u00adpl\u00e9\u00admen\u00adta\u00adri\u00adt\u00e9.<br><br>Au plai\u00adsir de vous lire sur ce sujet ardu,<br><br>Andr\u00e9ine Bel<\/p><p style=\"color:green; text-align:right !important;\">Article cr\u00e9\u00e9 le 16\/02\/2020<\/p>","protected":false},"excerpt":{"rendered":"<p>Danse forum\u2192 Ter\u00admi\u00adno\u00adlo\u00adgie !!\u00abEveil des sen\u00adsa\u00adtions&nbsp;\u00bb Mes\u00adsage de Nadine puis Andr\u00e9ine&nbsp;: Bon\u00adjour, A&nbsp;y&nbsp;r\u00e9fl\u00e9\u00adchir, je suis en accord avec le paral\u00adl\u00e8le que fait Andr\u00e9ine entre \u00ab&nbsp;l\u2019\u00e9veil des muscles&nbsp;\u00bb et le fait de se relier \u00e0&nbsp;ses sen\u00adsa\u00adtions. Mais il me semble que ce n\u2019est pas une bonne id\u00e9e de l\u2019appeler \u00ab&nbsp;l\u2019\u00e9veil des sen\u00adsa\u00adtions&nbsp;\u00bb&nbsp;; en tous cas je m\u2019interroge. Sou\u00advent on me ren\u00advoie l\u2019id\u00e9e que la danse forum est une forme de d\u00e9ve\u00adlop\u00adpe\u00adment per\u00adson\u00adnel. Nous n\u2019en avons pas fini avec cela.&nbsp;Je&nbsp;[\u2026]<\/p>\n","protected":false},"author":2,"featured_media":0,"comment_status":"open","ping_status":"open","sticky":false,"template":"","format":"standard","meta":{"wp_typography_post_enhancements_disabled":false,"footnotes":""},"categories":[23],"tags":[148],"class_list":["post-100","post","type-post","status-publish","format-standard","hentry","category-terminologie","tag-df_terminologie"],"yoast_head":"<!-- This site is optimized with the Yoast SEO plugin v27.5 - https:\/\/yoast.com\/product\/yoast-seo-wordpress\/ -->\n<title>\u00c9veil des sensations - Le TILT<\/title>\n<meta name=\"robots\" content=\"index, follow, max-snippet:-1, max-image-preview:large, max-video-preview:-1\" \/>\n<link rel=\"canonical\" href=\"https:\/\/www.leti.lt\/wordpress\/danseforum-eveildessensations\/\" \/>\n<meta property=\"og:locale\" content=\"fr_FR\" \/>\n<meta property=\"og:type\" content=\"article\" \/>\n<meta property=\"og:title\" content=\"\u00c9veil des sensations - Le TILT\" \/>\n<meta property=\"og:description\" content=\"Danse forum\u2192 Ter\u00admi\u00adno\u00adlo\u00adgie !!\u00abEveil des sensations&nbsp;\u00bb Mes\u00adsage de Nadine puis Andr\u00e9ine&nbsp;: Bon\u00adjour, A y&nbsp;r\u00e9fl\u00e9\u00adchir, je suis en accord avec le paral\u00adl\u00e8le que fait Andr\u00e9ine entre \u00ab&nbsp;l\u2019\u00e9veil des muscles&nbsp;\u00bb et le fait de se relier \u00e0&nbsp;ses sensations. Mais il me semble que ce n\u2019est pas une bonne id\u00e9e de l\u2019appeler \u00ab&nbsp;l\u2019\u00e9veil des sen\u00adsa\u00adtions&nbsp;\u00bb&nbsp;; en tous cas je m\u2019interroge. Sou\u00advent on me ren\u00advoie l\u2019id\u00e9e que la danse forum est une forme de d\u00e9ve\u00adlop\u00adpe\u00adment per\u00adson\u00adnel. Nous n\u2019en avons pas fini avec cela. Je [&hellip;]\" \/>\n<meta property=\"og:url\" content=\"https:\/\/www.leti.lt\/wordpress\/danseforum-eveildessensations\/\" \/>\n<meta property=\"og:site_name\" content=\"Le TILT\" \/>\n<meta property=\"article:published_time\" content=\"2020-02-16T14:30:31+00:00\" \/>\n<meta name=\"author\" content=\"Andr\u00e9ine Bel\" \/>\n<meta name=\"twitter:card\" content=\"summary_large_image\" \/>\n<meta name=\"twitter:label1\" content=\"\u00c9crit par\" \/>\n\t<meta name=\"twitter:data1\" content=\"Andr\u00e9ine Bel\" \/>\n\t<meta name=\"twitter:label2\" content=\"Dur\u00e9e de lecture estim\u00e9e\" \/>\n\t<meta name=\"twitter:data2\" content=\"3 minutes\" \/>\n<script type=\"application\/ld+json\" class=\"yoast-schema-graph\">{\"@context\":\"https:\\\/\\\/schema.org\",\"@graph\":[{\"@type\":\"Article\",\"@id\":\"https:\\\/\\\/www.leti.lt\\\/wordpress\\\/danseforum-eveildessensations\\\/#article\",\"isPartOf\":{\"@id\":\"https:\\\/\\\/www.leti.lt\\\/wordpress\\\/danseforum-eveildessensations\\\/\"},\"author\":{\"name\":\"Andr\u00e9ine Bel\",\"@id\":\"https:\\\/\\\/www.leti.lt\\\/wordpress\\\/#\\\/schema\\\/person\\\/9bb307b2af8fbb575bb3603e57951f75\"},\"headline\":\"\u00c9veil des sensations\",\"datePublished\":\"2020-02-16T14:30:31+00:00\",\"mainEntityOfPage\":{\"@id\":\"https:\\\/\\\/www.leti.lt\\\/wordpress\\\/danseforum-eveildessensations\\\/\"},\"wordCount\":692,\"commentCount\":0,\"keywords\":[\"DF_Terminologie\"],\"articleSection\":[\"Terminologie\"],\"inLanguage\":\"fr-FR\",\"potentialAction\":[{\"@type\":\"CommentAction\",\"name\":\"Comment\",\"target\":[\"https:\\\/\\\/www.leti.lt\\\/wordpress\\\/danseforum-eveildessensations\\\/#respond\"]}]},{\"@type\":\"WebPage\",\"@id\":\"https:\\\/\\\/www.leti.lt\\\/wordpress\\\/danseforum-eveildessensations\\\/\",\"url\":\"https:\\\/\\\/www.leti.lt\\\/wordpress\\\/danseforum-eveildessensations\\\/\",\"name\":\"\u00c9veil des sensations - Le TILT\",\"isPartOf\":{\"@id\":\"https:\\\/\\\/www.leti.lt\\\/wordpress\\\/#website\"},\"datePublished\":\"2020-02-16T14:30:31+00:00\",\"author\":{\"@id\":\"https:\\\/\\\/www.leti.lt\\\/wordpress\\\/#\\\/schema\\\/person\\\/9bb307b2af8fbb575bb3603e57951f75\"},\"breadcrumb\":{\"@id\":\"https:\\\/\\\/www.leti.lt\\\/wordpress\\\/danseforum-eveildessensations\\\/#breadcrumb\"},\"inLanguage\":\"fr-FR\",\"potentialAction\":[{\"@type\":\"ReadAction\",\"target\":[\"https:\\\/\\\/www.leti.lt\\\/wordpress\\\/danseforum-eveildessensations\\\/\"]}]},{\"@type\":\"BreadcrumbList\",\"@id\":\"https:\\\/\\\/www.leti.lt\\\/wordpress\\\/danseforum-eveildessensations\\\/#breadcrumb\",\"itemListElement\":[{\"@type\":\"ListItem\",\"position\":1,\"name\":\"Accueil\",\"item\":\"https:\\\/\\\/www.leti.lt\\\/wordpress\\\/\"},{\"@type\":\"ListItem\",\"position\":2,\"name\":\"\u00c9veil des sensations\"}]},{\"@type\":\"WebSite\",\"@id\":\"https:\\\/\\\/www.leti.lt\\\/wordpress\\\/#website\",\"url\":\"https:\\\/\\\/www.leti.lt\\\/wordpress\\\/\",\"name\":\"Le TILT\",\"description\":\"Recherche, publication, cr\u00e9ation artistique\",\"potentialAction\":[{\"@type\":\"SearchAction\",\"target\":{\"@type\":\"EntryPoint\",\"urlTemplate\":\"https:\\\/\\\/www.leti.lt\\\/wordpress\\\/?s={search_term_string}\"},\"query-input\":{\"@type\":\"PropertyValueSpecification\",\"valueRequired\":true,\"valueName\":\"search_term_string\"}}],\"inLanguage\":\"fr-FR\"},{\"@type\":\"Person\",\"@id\":\"https:\\\/\\\/www.leti.lt\\\/wordpress\\\/#\\\/schema\\\/person\\\/9bb307b2af8fbb575bb3603e57951f75\",\"name\":\"Andr\u00e9ine Bel\",\"image\":{\"@type\":\"ImageObject\",\"inLanguage\":\"fr-FR\",\"@id\":\"https:\\\/\\\/secure.gravatar.com\\\/avatar\\\/4ab041ec7c7ad3b90293023e86528ec1a700ce2971ff61811b2df6b288dd1f38?s=96&d=identicon&r=g\",\"url\":\"https:\\\/\\\/secure.gravatar.com\\\/avatar\\\/4ab041ec7c7ad3b90293023e86528ec1a700ce2971ff61811b2df6b288dd1f38?s=96&d=identicon&r=g\",\"contentUrl\":\"https:\\\/\\\/secure.gravatar.com\\\/avatar\\\/4ab041ec7c7ad3b90293023e86528ec1a700ce2971ff61811b2df6b288dd1f38?s=96&d=identicon&r=g\",\"caption\":\"Andr\u00e9ine Bel\"},\"url\":\"https:\\\/\\\/www.leti.lt\\\/wordpress\\\/author\\\/andreine\\\/\"}]}<\/script>\n<!-- \/ Yoast SEO plugin. -->","yoast_head_json":{"title":"\u00c9veil des sensations - Le TILT","robots":{"index":"index","follow":"follow","max-snippet":"max-snippet:-1","max-image-preview":"max-image-preview:large","max-video-preview":"max-video-preview:-1"},"canonical":"https:\/\/www.leti.lt\/wordpress\/danseforum-eveildessensations\/","og_locale":"fr_FR","og_type":"article","og_title":"\u00c9veil des sensations - Le TILT","og_description":"Danse forum\u2192 Ter\u00admi\u00adno\u00adlo\u00adgie !!\u00abEveil des sensations&nbsp;\u00bb Mes\u00adsage de Nadine puis Andr\u00e9ine&nbsp;: Bon\u00adjour, A y&nbsp;r\u00e9fl\u00e9\u00adchir, je suis en accord avec le paral\u00adl\u00e8le que fait Andr\u00e9ine entre \u00ab&nbsp;l\u2019\u00e9veil des muscles&nbsp;\u00bb et le fait de se relier \u00e0&nbsp;ses sensations. Mais il me semble que ce n\u2019est pas une bonne id\u00e9e de l\u2019appeler \u00ab&nbsp;l\u2019\u00e9veil des sen\u00adsa\u00adtions&nbsp;\u00bb&nbsp;; en tous cas je m\u2019interroge. Sou\u00advent on me ren\u00advoie l\u2019id\u00e9e que la danse forum est une forme de d\u00e9ve\u00adlop\u00adpe\u00adment per\u00adson\u00adnel. Nous n\u2019en avons pas fini avec cela. Je [&hellip;]","og_url":"https:\/\/www.leti.lt\/wordpress\/danseforum-eveildessensations\/","og_site_name":"Le TILT","article_published_time":"2020-02-16T14:30:31+00:00","author":"Andr\u00e9ine Bel","twitter_card":"summary_large_image","twitter_misc":{"\u00c9crit par":"Andr\u00e9ine Bel","Dur\u00e9e de lecture estim\u00e9e":"3 minutes"},"schema":{"@context":"https:\/\/schema.org","@graph":[{"@type":"Article","@id":"https:\/\/www.leti.lt\/wordpress\/danseforum-eveildessensations\/#article","isPartOf":{"@id":"https:\/\/www.leti.lt\/wordpress\/danseforum-eveildessensations\/"},"author":{"name":"Andr\u00e9ine Bel","@id":"https:\/\/www.leti.lt\/wordpress\/#\/schema\/person\/9bb307b2af8fbb575bb3603e57951f75"},"headline":"\u00c9veil des sensations","datePublished":"2020-02-16T14:30:31+00:00","mainEntityOfPage":{"@id":"https:\/\/www.leti.lt\/wordpress\/danseforum-eveildessensations\/"},"wordCount":692,"commentCount":0,"keywords":["DF_Terminologie"],"articleSection":["Terminologie"],"inLanguage":"fr-FR","potentialAction":[{"@type":"CommentAction","name":"Comment","target":["https:\/\/www.leti.lt\/wordpress\/danseforum-eveildessensations\/#respond"]}]},{"@type":"WebPage","@id":"https:\/\/www.leti.lt\/wordpress\/danseforum-eveildessensations\/","url":"https:\/\/www.leti.lt\/wordpress\/danseforum-eveildessensations\/","name":"\u00c9veil des sensations - Le TILT","isPartOf":{"@id":"https:\/\/www.leti.lt\/wordpress\/#website"},"datePublished":"2020-02-16T14:30:31+00:00","author":{"@id":"https:\/\/www.leti.lt\/wordpress\/#\/schema\/person\/9bb307b2af8fbb575bb3603e57951f75"},"breadcrumb":{"@id":"https:\/\/www.leti.lt\/wordpress\/danseforum-eveildessensations\/#breadcrumb"},"inLanguage":"fr-FR","potentialAction":[{"@type":"ReadAction","target":["https:\/\/www.leti.lt\/wordpress\/danseforum-eveildessensations\/"]}]},{"@type":"BreadcrumbList","@id":"https:\/\/www.leti.lt\/wordpress\/danseforum-eveildessensations\/#breadcrumb","itemListElement":[{"@type":"ListItem","position":1,"name":"Accueil","item":"https:\/\/www.leti.lt\/wordpress\/"},{"@type":"ListItem","position":2,"name":"\u00c9veil des sensations"}]},{"@type":"WebSite","@id":"https:\/\/www.leti.lt\/wordpress\/#website","url":"https:\/\/www.leti.lt\/wordpress\/","name":"Le TILT","description":"Recherche, publication, cr\u00e9ation artistique","potentialAction":[{"@type":"SearchAction","target":{"@type":"EntryPoint","urlTemplate":"https:\/\/www.leti.lt\/wordpress\/?s={search_term_string}"},"query-input":{"@type":"PropertyValueSpecification","valueRequired":true,"valueName":"search_term_string"}}],"inLanguage":"fr-FR"},{"@type":"Person","@id":"https:\/\/www.leti.lt\/wordpress\/#\/schema\/person\/9bb307b2af8fbb575bb3603e57951f75","name":"Andr\u00e9ine Bel","image":{"@type":"ImageObject","inLanguage":"fr-FR","@id":"https:\/\/secure.gravatar.com\/avatar\/4ab041ec7c7ad3b90293023e86528ec1a700ce2971ff61811b2df6b288dd1f38?s=96&d=identicon&r=g","url":"https:\/\/secure.gravatar.com\/avatar\/4ab041ec7c7ad3b90293023e86528ec1a700ce2971ff61811b2df6b288dd1f38?s=96&d=identicon&r=g","contentUrl":"https:\/\/secure.gravatar.com\/avatar\/4ab041ec7c7ad3b90293023e86528ec1a700ce2971ff61811b2df6b288dd1f38?s=96&d=identicon&r=g","caption":"Andr\u00e9ine Bel"},"url":"https:\/\/www.leti.lt\/wordpress\/author\/andreine\/"}]}},"_links":{"self":[{"href":"https:\/\/www.leti.lt\/wordpress\/wp-json\/wp\/v2\/posts\/100","targetHints":{"allow":["GET"]}}],"collection":[{"href":"https:\/\/www.leti.lt\/wordpress\/wp-json\/wp\/v2\/posts"}],"about":[{"href":"https:\/\/www.leti.lt\/wordpress\/wp-json\/wp\/v2\/types\/post"}],"author":[{"embeddable":true,"href":"https:\/\/www.leti.lt\/wordpress\/wp-json\/wp\/v2\/users\/2"}],"replies":[{"embeddable":true,"href":"https:\/\/www.leti.lt\/wordpress\/wp-json\/wp\/v2\/comments?post=100"}],"version-history":[{"count":0,"href":"https:\/\/www.leti.lt\/wordpress\/wp-json\/wp\/v2\/posts\/100\/revisions"}],"wp:attachment":[{"href":"https:\/\/www.leti.lt\/wordpress\/wp-json\/wp\/v2\/media?parent=100"}],"wp:term":[{"taxonomy":"category","embeddable":true,"href":"https:\/\/www.leti.lt\/wordpress\/wp-json\/wp\/v2\/categories?post=100"},{"taxonomy":"post_tag","embeddable":true,"href":"https:\/\/www.leti.lt\/wordpress\/wp-json\/wp\/v2\/tags?post=100"}],"curies":[{"name":"wp","href":"https:\/\/api.w.org\/{rel}","templated":true}]}}